{"id":392315,"date":"2023-06-14T08:52:48","date_gmt":"2023-06-14T11:52:48","guid":{"rendered":"https:\/\/www.oitaperunense.com.br\/site\/?p=392315"},"modified":"2023-06-14T08:52:48","modified_gmt":"2023-06-14T11:52:48","slug":"secretaria-do-ambiente-de-itaperuna-prossegue-com-a-recomposicao-da-arborizacao-do-iff","status":"publish","type":"post","link":"https:\/\/www.oitaperunense.com.br\/site\/secretaria-do-ambiente-de-itaperuna-prossegue-com-a-recomposicao-da-arborizacao-do-iff\/","title":{"rendered":"Secretaria do Ambiente de Itaperuna prossegue com a recomposi\u00e7\u00e3o da arboriza\u00e7\u00e3o do IFF"},"content":{"rendered":"<p class=\"yiv3378247257MsoNormal\" style=\"text-align: center;\"><strong>As escolas inscritas, atrav\u00e9s de seus alunos, est\u00e3o realizando o plantio de 1.000 mudas de \u00e1rvores<\/strong><\/p>\n<p class=\"yiv3378247257MsoNormal\" style=\"text-align: justify;\">A Secretaria Municipal do Ambiente vem dando sequ\u00eancia, juntamente com o Rotary Club de Itaperuna e demais parceiros, com a recomposi\u00e7\u00e3o da arboriza\u00e7\u00e3o do IFF (Instituto Federal de Educa\u00e7\u00e3o, Ci\u00eancia e Tecnologia &#8211; Fluminense). Vale lembrar que a Secretaria Municipal do Ambiente firmou parceria com o Rotary Club, que est\u00e1 participando do \u201cIII Projeto Rot\u00e1rio Latino Americano e Espanha, Unindo Fronteiras e Compartilhando Culturas&#8221;, um trabalho educativo sobre o meio ambiente e conserva\u00e7\u00e3o da Terra, que est\u00e1 sendo realizado em escolas p\u00fablicas e privadas do munic\u00edpio.<\/p>\n<p><!--more--><\/p>\n<p class=\"yiv3378247257MsoNormal\" style=\"text-align: justify;\">As escolas inscritas, atrav\u00e9s de seus alunos, est\u00e3o realizando o plantio de 1.000 mudas de \u00e1rvores, buscando beneficiar o ecossistema, a sociedade e economia, objetivando melhorar o clima no munic\u00edpio. As mudas foram doadas pela CEDAE (Companhia Estadual de \u00c1guas e Esgotos do Rio de Janeiro).<\/p>\n<p class=\"yiv3378247257MsoNormal\" style=\"text-align: justify;\">O secret\u00e1rio Municipal do Ambiente S\u00e9rgio Zampi\u00e9r fez um agradecimento especial a todos os envolvidos no projeto.<\/p>\n<p class=\"yiv3378247257MsoNormal\" style=\"text-align: justify;\">\u201cEsse projeto \u00e9 muito importante para o nosso munic\u00edpio e estamos dando sequ\u00eancia ao plantio de mudas no IFF. Quero agradecer aos representantes do Limpa Rio, INEA, aos nossos amigos Marcelo Perdig\u00e3o, Jovenir Junior, S\u00edlvio Jos\u00e9 Flores; ao pessoal da Cedae e do Rotary Club; aos t\u00e9cnicos da Secretaria do Ambiente e a todos que abra\u00e7aram esse projeto\u201d.<\/p>\n<p class=\"yiv3378247257MsoNormal\" style=\"text-align: justify;\">Zampi\u00e9r ainda lembrou o compromisso do prefeito Alfredo Paulo Marques Rodrigues, Alfred\u00e3o.<\/p>\n<p class=\"yiv3378247257MsoNormal\" style=\"text-align: justify;\">\u201cO prefeito Alfred\u00e3o adotou uma importante filosofia de trabalho desde o primeiro dia de governo, que \u00e9 deixar um legado verde para as futuras gera\u00e7\u00f5es; e vamos continuar trabalhando para que as futuras gera\u00e7\u00f5es encontrem uma cidade muito melhor\u201d, finaliza o secret\u00e1rio.<\/p>\n<p class=\"yiv3378247257MsoNormal\" style=\"text-align: justify;\">Acompanhe as not\u00edcias e informa\u00e7\u00f5es sobre a Secretaria Municipal do Ambiente e demais secretarias, pelas redes sociais da Prefeitura de Itaperuna!<\/p>\n<p class=\"yiv3378247257MsoNormal\" style=\"text-align: justify;\"><b><i>Com informa\u00e7\u00f5es: DECOM\/Itaperuna\/RJ<\/i><\/b><\/p>\n","protected":false},"excerpt":{"rendered":"<p>As escolas inscritas, atrav\u00e9s de seus alunos, est\u00e3o realizando o plantio de 1.000 mudas de \u00e1rvores A Secretaria Municipal do Ambiente vem dando sequ\u00eancia, juntamente com o Rotary Club de Itaperuna e demais parceiros, com a recomposi\u00e7\u00e3o da arboriza\u00e7\u00e3o do IFF (Instituto Federal de Educa\u00e7\u00e3o, Ci\u00eancia e Tecnologia &#8211; Fluminense). Vale lembrar que a Secretaria [&hellip;]<\/p>\n","protected":false},"author":19,"featured_media":392316,"comment_status":"open","ping_status":"closed","sticky":false,"template":"","format":"standard","meta":{"ngg_post_thumbnail":0,"footnotes":""},"categories":[91],"tags":[],"class_list":["post-392315","post","type-post","status-publish","format-standard","has-post-thumbnail","hentry","category-geral"],"yoast_head":"<!-- This site is optimized with the Yoast SEO plugin v20.11 - https:\/\/yoast.com\/wordpress\/plugins\/seo\/ -->\n<title>Secretaria do Ambiente de Itaperuna prossegue com a recomposi\u00e7\u00e3o da arboriza\u00e7\u00e3o do IFF - O Itaperunense<\/title>\n<meta name=\"robots\" content=\"index, follow, max-snippet:-1, max-image-preview:large, max-video-preview:-1\" \/>\n<link rel=\"canonical\" href=\"https:\/\/www.oitaperunense.com.br\/site\/secretaria-do-ambiente-de-itaperuna-prossegue-com-a-recomposicao-da-arborizacao-do-iff\/\" \/>\n<meta property=\"og:locale\" content=\"pt_BR\" \/>\n<meta property=\"og:type\" content=\"article\" \/>\n<meta property=\"og:title\" content=\"Secretaria do Ambiente de Itaperuna prossegue com a recomposi\u00e7\u00e3o da arboriza\u00e7\u00e3o do IFF - O Itaperunense\" \/>\n<meta property=\"og:description\" content=\"As escolas inscritas, atrav\u00e9s de seus alunos, est\u00e3o realizando o plantio de 1.000 mudas de \u00e1rvores A Secretaria Municipal do Ambiente vem dando sequ\u00eancia, juntamente com o Rotary Club de Itaperuna e demais parceiros, com a recomposi\u00e7\u00e3o da arboriza\u00e7\u00e3o do IFF (Instituto Federal de Educa\u00e7\u00e3o, Ci\u00eancia e Tecnologia &#8211; Fluminense). Vale lembrar que a Secretaria [&hellip;]\" \/>\n<meta property=\"og:url\" content=\"https:\/\/www.oitaperunense.com.br\/site\/secretaria-do-ambiente-de-itaperuna-prossegue-com-a-recomposicao-da-arborizacao-do-iff\/\" \/>\n<meta property=\"og:site_name\" content=\"O Itaperunense\" \/>\n<meta property=\"article:publisher\" content=\"https:\/\/www.facebook.com\/jornaloitaperunense\" \/>\n<meta property=\"article:published_time\" content=\"2023-06-14T11:52:48+00:00\" \/>\n<meta property=\"og:image\" content=\"https:\/\/www.oitaperunense.com.br\/site\/wp-content\/uploads\/2023\/06\/ROTATT.jpg\" \/>\n\t<meta property=\"og:image:width\" content=\"700\" \/>\n\t<meta property=\"og:image:height\" content=\"435\" \/>\n\t<meta property=\"og:image:type\" content=\"image\/jpeg\" \/>\n<meta name=\"author\" content=\"Andr\u00e9\" \/>\n<meta name=\"twitter:card\" content=\"summary_large_image\" \/>\n<meta name=\"twitter:label1\" content=\"Escrito por\" \/>\n\t<meta name=\"twitter:data1\" content=\"Andr\u00e9\" \/>\n\t<meta name=\"twitter:label2\" content=\"Est. tempo de leitura\" \/>\n\t<meta name=\"twitter:data2\" content=\"2 minutos\" \/>\n<script type=\"application\/ld+json\" class=\"yoast-schema-graph\">{\"@context\":\"https:\/\/schema.org\",\"@graph\":[{\"@type\":\"WebPage\",\"@id\":\"https:\/\/www.oitaperunense.com.br\/site\/secretaria-do-ambiente-de-itaperuna-prossegue-com-a-recomposicao-da-arborizacao-do-iff\/\",\"url\":\"https:\/\/www.oitaperunense.com.br\/site\/secretaria-do-ambiente-de-itaperuna-prossegue-com-a-recomposicao-da-arborizacao-do-iff\/\",\"name\":\"Secretaria do Ambiente de Itaperuna prossegue com a recomposi\u00e7\u00e3o da arboriza\u00e7\u00e3o do IFF - O Itaperunense\",\"isPartOf\":{\"@id\":\"https:\/\/www.oitaperunense.com.br\/site\/#website\"},\"datePublished\":\"2023-06-14T11:52:48+00:00\",\"dateModified\":\"2023-06-14T11:52:48+00:00\",\"author\":{\"@id\":\"https:\/\/www.oitaperunense.com.br\/site\/#\/schema\/person\/4a5b86c112157bc0a4492f4fd6b7939f\"},\"breadcrumb\":{\"@id\":\"https:\/\/www.oitaperunense.com.br\/site\/secretaria-do-ambiente-de-itaperuna-prossegue-com-a-recomposicao-da-arborizacao-do-iff\/#breadcrumb\"},\"inLanguage\":\"pt-BR\",\"potentialAction\":[{\"@type\":\"ReadAction\",\"target\":[\"https:\/\/www.oitaperunense.com.br\/site\/secretaria-do-ambiente-de-itaperuna-prossegue-com-a-recomposicao-da-arborizacao-do-iff\/\"]}]},{\"@type\":\"BreadcrumbList\",\"@id\":\"https:\/\/www.oitaperunense.com.br\/site\/secretaria-do-ambiente-de-itaperuna-prossegue-com-a-recomposicao-da-arborizacao-do-iff\/#breadcrumb\",\"itemListElement\":[{\"@type\":\"ListItem\",\"position\":1,\"name\":\"Home\",\"item\":\"https:\/\/www.oitaperunense.com.br\/site\/\"},{\"@type\":\"ListItem\",\"position\":2,\"name\":\"Secretaria do Ambiente de Itaperuna prossegue com a recomposi\u00e7\u00e3o da arboriza\u00e7\u00e3o do IFF\"}]},{\"@type\":\"WebSite\",\"@id\":\"https:\/\/www.oitaperunense.com.br\/site\/#website\",\"url\":\"https:\/\/www.oitaperunense.com.br\/site\/\",\"name\":\"O Itaperunense\",\"description\":\"\",\"potentialAction\":[{\"@type\":\"SearchAction\",\"target\":{\"@type\":\"EntryPoint\",\"urlTemplate\":\"https:\/\/www.oitaperunense.com.br\/site\/?s={search_term_string}\"},\"query-input\":\"required name=search_term_string\"}],\"inLanguage\":\"pt-BR\"},{\"@type\":\"Person\",\"@id\":\"https:\/\/www.oitaperunense.com.br\/site\/#\/schema\/person\/4a5b86c112157bc0a4492f4fd6b7939f\",\"name\":\"Andr\u00e9\",\"image\":{\"@type\":\"ImageObject\",\"inLanguage\":\"pt-BR\",\"@id\":\"https:\/\/www.oitaperunense.com.br\/site\/#\/schema\/person\/image\/\",\"url\":\"https:\/\/secure.gravatar.com\/avatar\/7a7a912ec2c8cd6a390040b03329ee7a71bbd5f81ac3557b6a68208f263fc97b?s=96&d=mm&r=g\",\"contentUrl\":\"https:\/\/secure.gravatar.com\/avatar\/7a7a912ec2c8cd6a390040b03329ee7a71bbd5f81ac3557b6a68208f263fc97b?s=96&d=mm&r=g\",\"caption\":\"Andr\u00e9\"},\"url\":\"https:\/\/www.oitaperunense.com.br\/site\/author\/andre\/\"}]}<\/script>\n<!-- \/ Yoast SEO plugin. -->","yoast_head_json":{"title":"Secretaria do Ambiente de Itaperuna prossegue com a recomposi\u00e7\u00e3o da arboriza\u00e7\u00e3o do IFF - O Itaperunense","robots":{"index":"index","follow":"follow","max-snippet":"max-snippet:-1","max-image-preview":"max-image-preview:large","max-video-preview":"max-video-preview:-1"},"canonical":"https:\/\/www.oitaperunense.com.br\/site\/secretaria-do-ambiente-de-itaperuna-prossegue-com-a-recomposicao-da-arborizacao-do-iff\/","og_locale":"pt_BR","og_type":"article","og_title":"Secretaria do Ambiente de Itaperuna prossegue com a recomposi\u00e7\u00e3o da arboriza\u00e7\u00e3o do IFF - O Itaperunense","og_description":"As escolas inscritas, atrav\u00e9s de seus alunos, est\u00e3o realizando o plantio de 1.000 mudas de \u00e1rvores A Secretaria Municipal do Ambiente vem dando sequ\u00eancia, juntamente com o Rotary Club de Itaperuna e demais parceiros, com a recomposi\u00e7\u00e3o da arboriza\u00e7\u00e3o do IFF (Instituto Federal de Educa\u00e7\u00e3o, Ci\u00eancia e Tecnologia &#8211; Fluminense). Vale lembrar que a Secretaria [&hellip;]","og_url":"https:\/\/www.oitaperunense.com.br\/site\/secretaria-do-ambiente-de-itaperuna-prossegue-com-a-recomposicao-da-arborizacao-do-iff\/","og_site_name":"O Itaperunense","article_publisher":"https:\/\/www.facebook.com\/jornaloitaperunense","article_published_time":"2023-06-14T11:52:48+00:00","og_image":[{"width":700,"height":435,"url":"https:\/\/www.oitaperunense.com.br\/site\/wp-content\/uploads\/2023\/06\/ROTATT.jpg","type":"image\/jpeg"}],"author":"Andr\u00e9","twitter_card":"summary_large_image","twitter_misc":{"Escrito por":"Andr\u00e9","Est. tempo de leitura":"2 minutos"},"schema":{"@context":"https:\/\/schema.org","@graph":[{"@type":"WebPage","@id":"https:\/\/www.oitaperunense.com.br\/site\/secretaria-do-ambiente-de-itaperuna-prossegue-com-a-recomposicao-da-arborizacao-do-iff\/","url":"https:\/\/www.oitaperunense.com.br\/site\/secretaria-do-ambiente-de-itaperuna-prossegue-com-a-recomposicao-da-arborizacao-do-iff\/","name":"Secretaria do Ambiente de Itaperuna prossegue com a recomposi\u00e7\u00e3o da arboriza\u00e7\u00e3o do IFF - O Itaperunense","isPartOf":{"@id":"https:\/\/www.oitaperunense.com.br\/site\/#website"},"datePublished":"2023-06-14T11:52:48+00:00","dateModified":"2023-06-14T11:52:48+00:00","author":{"@id":"https:\/\/www.oitaperunense.com.br\/site\/#\/schema\/person\/4a5b86c112157bc0a4492f4fd6b7939f"},"breadcrumb":{"@id":"https:\/\/www.oitaperunense.com.br\/site\/secretaria-do-ambiente-de-itaperuna-prossegue-com-a-recomposicao-da-arborizacao-do-iff\/#breadcrumb"},"inLanguage":"pt-BR","potentialAction":[{"@type":"ReadAction","target":["https:\/\/www.oitaperunense.com.br\/site\/secretaria-do-ambiente-de-itaperuna-prossegue-com-a-recomposicao-da-arborizacao-do-iff\/"]}]},{"@type":"BreadcrumbList","@id":"https:\/\/www.oitaperunense.com.br\/site\/secretaria-do-ambiente-de-itaperuna-prossegue-com-a-recomposicao-da-arborizacao-do-iff\/#breadcrumb","itemListElement":[{"@type":"ListItem","position":1,"name":"Home","item":"https:\/\/www.oitaperunense.com.br\/site\/"},{"@type":"ListItem","position":2,"name":"Secretaria do Ambiente de Itaperuna prossegue com a recomposi\u00e7\u00e3o da arboriza\u00e7\u00e3o do IFF"}]},{"@type":"WebSite","@id":"https:\/\/www.oitaperunense.com.br\/site\/#website","url":"https:\/\/www.oitaperunense.com.br\/site\/","name":"O Itaperunense","description":"","potentialAction":[{"@type":"SearchAction","target":{"@type":"EntryPoint","urlTemplate":"https:\/\/www.oitaperunense.com.br\/site\/?s={search_term_string}"},"query-input":"required name=search_term_string"}],"inLanguage":"pt-BR"},{"@type":"Person","@id":"https:\/\/www.oitaperunense.com.br\/site\/#\/schema\/person\/4a5b86c112157bc0a4492f4fd6b7939f","name":"Andr\u00e9","image":{"@type":"ImageObject","inLanguage":"pt-BR","@id":"https:\/\/www.oitaperunense.com.br\/site\/#\/schema\/person\/image\/","url":"https:\/\/secure.gravatar.com\/avatar\/7a7a912ec2c8cd6a390040b03329ee7a71bbd5f81ac3557b6a68208f263fc97b?s=96&d=mm&r=g","contentUrl":"https:\/\/secure.gravatar.com\/avatar\/7a7a912ec2c8cd6a390040b03329ee7a71bbd5f81ac3557b6a68208f263fc97b?s=96&d=mm&r=g","caption":"Andr\u00e9"},"url":"https:\/\/www.oitaperunense.com.br\/site\/author\/andre\/"}]}},"cc_featured_image_caption":{"caption_text":"","source_text":"","source_url":""},"_links":{"self":[{"href":"https:\/\/www.oitaperunense.com.br\/site\/wp-json\/wp\/v2\/posts\/392315","targetHints":{"allow":["GET"]}}],"collection":[{"href":"https:\/\/www.oitaperunense.com.br\/site\/wp-json\/wp\/v2\/posts"}],"about":[{"href":"https:\/\/www.oitaperunense.com.br\/site\/wp-json\/wp\/v2\/types\/post"}],"author":[{"embeddable":true,"href":"https:\/\/www.oitaperunense.com.br\/site\/wp-json\/wp\/v2\/users\/19"}],"replies":[{"embeddable":true,"href":"https:\/\/www.oitaperunense.com.br\/site\/wp-json\/wp\/v2\/comments?post=392315"}],"version-history":[{"count":1,"href":"https:\/\/www.oitaperunense.com.br\/site\/wp-json\/wp\/v2\/posts\/392315\/revisions"}],"predecessor-version":[{"id":392317,"href":"https:\/\/www.oitaperunense.com.br\/site\/wp-json\/wp\/v2\/posts\/392315\/revisions\/392317"}],"wp:featuredmedia":[{"embeddable":true,"href":"https:\/\/www.oitaperunense.com.br\/site\/wp-json\/wp\/v2\/media\/392316"}],"wp:attachment":[{"href":"https:\/\/www.oitaperunense.com.br\/site\/wp-json\/wp\/v2\/media?parent=392315"}],"wp:term":[{"taxonomy":"category","embeddable":true,"href":"https:\/\/www.oitaperunense.com.br\/site\/wp-json\/wp\/v2\/categories?post=392315"},{"taxonomy":"post_tag","embeddable":true,"href":"https:\/\/www.oitaperunense.com.br\/site\/wp-json\/wp\/v2\/tags?post=392315"}],"curies":[{"name":"wp","href":"https:\/\/api.w.org\/{rel}","templated":true}]}}