{"id":392254,"date":"2023-06-05T09:48:28","date_gmt":"2023-06-05T12:48:28","guid":{"rendered":"https:\/\/www.oitaperunense.com.br\/site\/?p=392254"},"modified":"2023-06-05T09:48:28","modified_gmt":"2023-06-05T12:48:28","slug":"influenza-aviaria-estado-do-rio-tem-dois-novos-casos-confirmados-de-h1n5-em-aves-silvestres","status":"publish","type":"post","link":"https:\/\/www.oitaperunense.com.br\/site\/influenza-aviaria-estado-do-rio-tem-dois-novos-casos-confirmados-de-h1n5-em-aves-silvestres\/","title":{"rendered":"Influenza Avi\u00e1ria: Estado do Rio tem dois novos casos confirmados de H1N5 em aves silvestres"},"content":{"rendered":"<p style=\"text-align: center;\"><strong>N\u00e3o h\u00e1 motivos de preocupa\u00e7\u00e3o para a popula\u00e7\u00e3o sobre epidemia de H5N1, pois no momento n\u00e3o h\u00e1 transmiss\u00e3o direta, de pessoa para pessoa. Registros foram feitos em S\u00e3o Jo\u00e3o da Barra, no litoral Norte, e total sobe para cinco<\/strong><\/p>\n<p style=\"text-align: justify;\">O Governo do Estado recebeu a confirma\u00e7\u00e3o de mais dois casos de Influenza Avi\u00e1ria (H5N1) em aves silvestres migrat\u00f3rias que foram encontradas em S\u00e3o Jo\u00e3o da Barra, litoral Norte do Rio de Janeiro. Com esses registros, o total subiu para cinco. Todas s\u00e3o da esp\u00e9cie trinta-r\u00e9is-de-bando (Thalasseus acuflavidus). At\u00e9 o momento, n\u00e3o h\u00e1 contamina\u00e7\u00e3o de pessoas. As secretarias de Estado de Sa\u00fade (SES-RJ) e de Agricultura, Pecu\u00e1ria, Pesca e Abastecimento (Seappa) do Rio de Janeiro acompanham as ocorr\u00eancias e orientam a popula\u00e7\u00e3o a n\u00e3o tocar em aves silvestres com sinais de doen\u00e7a e acionar o servi\u00e7o de vigil\u00e2ncia sanit\u00e1ria.<\/p>\n<p><!--more--><\/p>\n<p style=\"text-align: justify;\">Dos cinco casos no estado, tr\u00eas ocorreram&nbsp;em S\u00e3o Jo\u00e3o da Barra. Os outros dois registros foram confirmados no munic\u00edpio do Rio de Janeiro e em Cabo Frio. A SES-RJ e a Seappa emitiram nota t\u00e9cnica (<a href=\"https:\/\/bit.ly\/3Mr7ARx\" target=\"_blank\" rel=\"noopener\">https:\/\/bit.ly\/3Mr7ARx<\/a>) aos 92 munic\u00edpios fluminenses orientando sobre o manejo adequado de aves silvestres. Ele s\u00f3 pode ser feito por profissionais habilitados e com uso de EPIs (Equipamentos de Prote\u00e7\u00e3o Individual). &nbsp;<\/p>\n<p style=\"text-align: justify;\">T\u00e9cnicos da Vigil\u00e2ncia em Sa\u00fade da SES-RJ ressaltam que n\u00e3o h\u00e1 motivos de preocupa\u00e7\u00e3o para a popula\u00e7\u00e3o sobre epidemia de H5N1, pois no momento n\u00e3o h\u00e1 transmiss\u00e3o direta, de pessoa para pessoa. \u00c9 importante lembrar que a doen\u00e7a n\u00e3o \u00e9 transmitida pelo consumo de carne de aves e nem de ovos. As infec\u00e7\u00f5es humanas pelo v\u00edrus da Influenza Avi\u00e1ria ocorrem por meio do contato direto com aves infectadas (vivas ou mortas).<\/p>\n<p style=\"text-align: justify;\"><strong>Secretarias emitem nota t\u00e9cnica com orienta\u00e7\u00e3o sobre manejo<\/strong><\/p>\n<p style=\"text-align: justify;\">A SES-RJ orienta profissionais das unidades de sa\u00fade que estejam atentos, durante triagem e atendimento m\u00e9dico, a casos de s\u00edndrome gripal em pacientes que tiveram contato com animais silvestres. Havendo suspeita, a coleta de amostras \u00e9 recomendada, independentemente do dia de in\u00edcio dos sintomas, incluindo os casos em unidade de terapia intensiva (UTI). O diagn\u00f3stico por RT-PCR \u00e9 considerado o m\u00e9todo padr\u00e3o-ouro e deve sempre ser adotado para obten\u00e7\u00e3o dos resultados laboratoriais.<\/p>\n<p style=\"text-align: justify;\">&#8211; Nossa preocupa\u00e7\u00e3o \u00e9 em informar a popula\u00e7\u00e3o para evitar o contato com aves silvestres encontradas principalmente no litoral do nosso estado. Ainda n\u00e3o temos caso de contamina\u00e7\u00e3o em seres humanos, mas, como j\u00e1 foi confirmado em aves silvestres, estamos ampliando a vigil\u00e2ncia e orientando os 92 munic\u00edpios &#8211; disse o secret\u00e1rio de Estado de Sa\u00fade, Dr. Luizinho.<\/p>\n<p style=\"text-align: justify;\">A Secretaria de Agricultura informa que tamb\u00e9m n\u00e3o h\u00e1 qualquer registro da doen\u00e7a em aves dom\u00e9sticas, em \u00e1reas de produ\u00e7\u00e3o comercial ou de subsist\u00eancia no territ\u00f3rio fluminense. Em caso de suspeita, o cidad\u00e3o deve ligar 193 ou comunicar imediatamente \u00e0 unidade da Defesa Agropecu\u00e1ria da regi\u00e3o ou \u00e0 Coordena\u00e7\u00e3o de Vigil\u00e2ncia Ambiental de seu munic\u00edpio. Os profissionais da Defesa Agropecu\u00e1ria est\u00e3o devidamente capacitados para o atendimento \u00e0s notifica\u00e7\u00f5es da doen\u00e7a em animais.<\/p>\n<p style=\"text-align: justify;\">&#8211; Alertamos que deve ser evitado qualquer contato direto com aves ca\u00eddas, mortas ou n\u00e3o, dom\u00e9sticas, silvestres\/ex\u00f3ticas e silvestres migrat\u00f3rias, mam\u00edferos aqu\u00e1ticos (qualquer esp\u00e9cie). O cidad\u00e3o deve comunicar imediatamente \u00e0 unidade da Defesa Agropecu\u00e1ria da regi\u00e3o ou \u00e0 Coordena\u00e7\u00e3o de Vigil\u00e2ncia Ambiental de seu munic\u00edpio \u2013 destaca o secret\u00e1rio de Agricultura, Dr. Fl\u00e1vio.<\/p>\n<p style=\"text-align: justify;\">A Secretaria de Agricultura, por meio da Superintend\u00eancia de Defesa Agropecu\u00e1ria, aconselha criadores de aves de corte ou postura que intensifiquem as medidas de biosseguridade das granjas. Devem ser tomados cuidados como: proibir terminantemente qualquer tipo de visita \u00e0s unidades de produ\u00e7\u00e3o; conferir cercamento de n\u00facleo e telamento de galp\u00e3o; manter o port\u00e3o de acesso da propriedade fechado; desinfec\u00e7\u00e3o de ve\u00edculos em pleno funcionamento e de materiais que acessem a granja; cuidados com a ra\u00e7\u00e3o e \u00e1gua; restringir cria\u00e7\u00e3o de aves pelos funcion\u00e1rios.&nbsp; Para ter acesso aos e-mails e endere\u00e7os dos n\u00facleos de Defesa Agropecu\u00e1ria basta acessar o link:&nbsp;<a href=\"https:\/\/bit.ly\/3krh0in\" target=\"_blank\" rel=\"noopener\">https:\/\/bit.ly\/3krh0in<\/a>.<\/p>\n","protected":false},"excerpt":{"rendered":"<p>N\u00e3o h\u00e1 motivos de preocupa\u00e7\u00e3o para a popula\u00e7\u00e3o sobre epidemia de H5N1, pois no momento n\u00e3o h\u00e1 transmiss\u00e3o direta, de pessoa para pessoa. Registros foram feitos em S\u00e3o Jo\u00e3o da Barra, no litoral Norte, e total sobe para cinco O Governo do Estado recebeu a confirma\u00e7\u00e3o de mais dois casos de Influenza Avi\u00e1ria (H5N1) em [&hellip;]<\/p>\n","protected":false},"author":19,"featured_media":392255,"comment_status":"open","ping_status":"closed","sticky":false,"template":"","format":"standard","meta":{"ngg_post_thumbnail":0,"footnotes":""},"categories":[113],"tags":[],"class_list":["post-392254","post","type-post","status-publish","format-standard","has-post-thumbnail","hentry","category-saude"],"yoast_head":"<!-- This site is optimized with the Yoast SEO plugin v20.11 - https:\/\/yoast.com\/wordpress\/plugins\/seo\/ -->\n<title>Influenza Avi\u00e1ria: Estado do Rio tem dois novos casos confirmados de H1N5 em aves silvestres - O Itaperunense<\/title>\n<meta name=\"robots\" content=\"index, follow, max-snippet:-1, max-image-preview:large, max-video-preview:-1\" \/>\n<link rel=\"canonical\" href=\"https:\/\/www.oitaperunense.com.br\/site\/influenza-aviaria-estado-do-rio-tem-dois-novos-casos-confirmados-de-h1n5-em-aves-silvestres\/\" \/>\n<meta property=\"og:locale\" content=\"pt_BR\" \/>\n<meta property=\"og:type\" content=\"article\" \/>\n<meta property=\"og:title\" content=\"Influenza Avi\u00e1ria: Estado do Rio tem dois novos casos confirmados de H1N5 em aves silvestres - O Itaperunense\" \/>\n<meta property=\"og:description\" content=\"N\u00e3o h\u00e1 motivos de preocupa\u00e7\u00e3o para a popula\u00e7\u00e3o sobre epidemia de H5N1, pois no momento n\u00e3o h\u00e1 transmiss\u00e3o direta, de pessoa para pessoa. Registros foram feitos em S\u00e3o Jo\u00e3o da Barra, no litoral Norte, e total sobe para cinco O Governo do Estado recebeu a confirma\u00e7\u00e3o de mais dois casos de Influenza Avi\u00e1ria (H5N1) em [&hellip;]\" \/>\n<meta property=\"og:url\" content=\"https:\/\/www.oitaperunense.com.br\/site\/influenza-aviaria-estado-do-rio-tem-dois-novos-casos-confirmados-de-h1n5-em-aves-silvestres\/\" \/>\n<meta property=\"og:site_name\" content=\"O Itaperunense\" \/>\n<meta property=\"article:publisher\" content=\"https:\/\/www.facebook.com\/jornaloitaperunense\" \/>\n<meta property=\"article:published_time\" content=\"2023-06-05T12:48:28+00:00\" \/>\n<meta property=\"og:image\" content=\"https:\/\/www.oitaperunense.com.br\/site\/wp-content\/uploads\/2023\/06\/AUTA.jpg\" \/>\n\t<meta property=\"og:image:width\" content=\"700\" \/>\n\t<meta property=\"og:image:height\" content=\"467\" \/>\n\t<meta property=\"og:image:type\" content=\"image\/jpeg\" \/>\n<meta name=\"author\" content=\"Andr\u00e9\" \/>\n<meta name=\"twitter:card\" content=\"summary_large_image\" \/>\n<meta name=\"twitter:label1\" content=\"Escrito por\" \/>\n\t<meta name=\"twitter:data1\" content=\"Andr\u00e9\" \/>\n\t<meta name=\"twitter:label2\" content=\"Est. tempo de leitura\" \/>\n\t<meta name=\"twitter:data2\" content=\"3 minutos\" \/>\n<script type=\"application\/ld+json\" class=\"yoast-schema-graph\">{\"@context\":\"https:\/\/schema.org\",\"@graph\":[{\"@type\":\"WebPage\",\"@id\":\"https:\/\/www.oitaperunense.com.br\/site\/influenza-aviaria-estado-do-rio-tem-dois-novos-casos-confirmados-de-h1n5-em-aves-silvestres\/\",\"url\":\"https:\/\/www.oitaperunense.com.br\/site\/influenza-aviaria-estado-do-rio-tem-dois-novos-casos-confirmados-de-h1n5-em-aves-silvestres\/\",\"name\":\"Influenza Avi\u00e1ria: Estado do Rio tem dois novos casos confirmados de H1N5 em aves silvestres - O Itaperunense\",\"isPartOf\":{\"@id\":\"https:\/\/www.oitaperunense.com.br\/site\/#website\"},\"datePublished\":\"2023-06-05T12:48:28+00:00\",\"dateModified\":\"2023-06-05T12:48:28+00:00\",\"author\":{\"@id\":\"https:\/\/www.oitaperunense.com.br\/site\/#\/schema\/person\/4a5b86c112157bc0a4492f4fd6b7939f\"},\"breadcrumb\":{\"@id\":\"https:\/\/www.oitaperunense.com.br\/site\/influenza-aviaria-estado-do-rio-tem-dois-novos-casos-confirmados-de-h1n5-em-aves-silvestres\/#breadcrumb\"},\"inLanguage\":\"pt-BR\",\"potentialAction\":[{\"@type\":\"ReadAction\",\"target\":[\"https:\/\/www.oitaperunense.com.br\/site\/influenza-aviaria-estado-do-rio-tem-dois-novos-casos-confirmados-de-h1n5-em-aves-silvestres\/\"]}]},{\"@type\":\"BreadcrumbList\",\"@id\":\"https:\/\/www.oitaperunense.com.br\/site\/influenza-aviaria-estado-do-rio-tem-dois-novos-casos-confirmados-de-h1n5-em-aves-silvestres\/#breadcrumb\",\"itemListElement\":[{\"@type\":\"ListItem\",\"position\":1,\"name\":\"Home\",\"item\":\"https:\/\/www.oitaperunense.com.br\/site\/\"},{\"@type\":\"ListItem\",\"position\":2,\"name\":\"Influenza Avi\u00e1ria: Estado do Rio tem dois novos casos confirmados de H1N5 em aves silvestres\"}]},{\"@type\":\"WebSite\",\"@id\":\"https:\/\/www.oitaperunense.com.br\/site\/#website\",\"url\":\"https:\/\/www.oitaperunense.com.br\/site\/\",\"name\":\"O Itaperunense\",\"description\":\"\",\"potentialAction\":[{\"@type\":\"SearchAction\",\"target\":{\"@type\":\"EntryPoint\",\"urlTemplate\":\"https:\/\/www.oitaperunense.com.br\/site\/?s={search_term_string}\"},\"query-input\":\"required name=search_term_string\"}],\"inLanguage\":\"pt-BR\"},{\"@type\":\"Person\",\"@id\":\"https:\/\/www.oitaperunense.com.br\/site\/#\/schema\/person\/4a5b86c112157bc0a4492f4fd6b7939f\",\"name\":\"Andr\u00e9\",\"image\":{\"@type\":\"ImageObject\",\"inLanguage\":\"pt-BR\",\"@id\":\"https:\/\/www.oitaperunense.com.br\/site\/#\/schema\/person\/image\/\",\"url\":\"https:\/\/secure.gravatar.com\/avatar\/7a7a912ec2c8cd6a390040b03329ee7a71bbd5f81ac3557b6a68208f263fc97b?s=96&d=mm&r=g\",\"contentUrl\":\"https:\/\/secure.gravatar.com\/avatar\/7a7a912ec2c8cd6a390040b03329ee7a71bbd5f81ac3557b6a68208f263fc97b?s=96&d=mm&r=g\",\"caption\":\"Andr\u00e9\"},\"url\":\"https:\/\/www.oitaperunense.com.br\/site\/author\/andre\/\"}]}<\/script>\n<!-- \/ Yoast SEO plugin. -->","yoast_head_json":{"title":"Influenza Avi\u00e1ria: Estado do Rio tem dois novos casos confirmados de H1N5 em aves silvestres - O Itaperunense","robots":{"index":"index","follow":"follow","max-snippet":"max-snippet:-1","max-image-preview":"max-image-preview:large","max-video-preview":"max-video-preview:-1"},"canonical":"https:\/\/www.oitaperunense.com.br\/site\/influenza-aviaria-estado-do-rio-tem-dois-novos-casos-confirmados-de-h1n5-em-aves-silvestres\/","og_locale":"pt_BR","og_type":"article","og_title":"Influenza Avi\u00e1ria: Estado do Rio tem dois novos casos confirmados de H1N5 em aves silvestres - O Itaperunense","og_description":"N\u00e3o h\u00e1 motivos de preocupa\u00e7\u00e3o para a popula\u00e7\u00e3o sobre epidemia de H5N1, pois no momento n\u00e3o h\u00e1 transmiss\u00e3o direta, de pessoa para pessoa. Registros foram feitos em S\u00e3o Jo\u00e3o da Barra, no litoral Norte, e total sobe para cinco O Governo do Estado recebeu a confirma\u00e7\u00e3o de mais dois casos de Influenza Avi\u00e1ria (H5N1) em [&hellip;]","og_url":"https:\/\/www.oitaperunense.com.br\/site\/influenza-aviaria-estado-do-rio-tem-dois-novos-casos-confirmados-de-h1n5-em-aves-silvestres\/","og_site_name":"O Itaperunense","article_publisher":"https:\/\/www.facebook.com\/jornaloitaperunense","article_published_time":"2023-06-05T12:48:28+00:00","og_image":[{"width":700,"height":467,"url":"https:\/\/www.oitaperunense.com.br\/site\/wp-content\/uploads\/2023\/06\/AUTA.jpg","type":"image\/jpeg"}],"author":"Andr\u00e9","twitter_card":"summary_large_image","twitter_misc":{"Escrito por":"Andr\u00e9","Est. tempo de leitura":"3 minutos"},"schema":{"@context":"https:\/\/schema.org","@graph":[{"@type":"WebPage","@id":"https:\/\/www.oitaperunense.com.br\/site\/influenza-aviaria-estado-do-rio-tem-dois-novos-casos-confirmados-de-h1n5-em-aves-silvestres\/","url":"https:\/\/www.oitaperunense.com.br\/site\/influenza-aviaria-estado-do-rio-tem-dois-novos-casos-confirmados-de-h1n5-em-aves-silvestres\/","name":"Influenza Avi\u00e1ria: Estado do Rio tem dois novos casos confirmados de H1N5 em aves silvestres - O Itaperunense","isPartOf":{"@id":"https:\/\/www.oitaperunense.com.br\/site\/#website"},"datePublished":"2023-06-05T12:48:28+00:00","dateModified":"2023-06-05T12:48:28+00:00","author":{"@id":"https:\/\/www.oitaperunense.com.br\/site\/#\/schema\/person\/4a5b86c112157bc0a4492f4fd6b7939f"},"breadcrumb":{"@id":"https:\/\/www.oitaperunense.com.br\/site\/influenza-aviaria-estado-do-rio-tem-dois-novos-casos-confirmados-de-h1n5-em-aves-silvestres\/#breadcrumb"},"inLanguage":"pt-BR","potentialAction":[{"@type":"ReadAction","target":["https:\/\/www.oitaperunense.com.br\/site\/influenza-aviaria-estado-do-rio-tem-dois-novos-casos-confirmados-de-h1n5-em-aves-silvestres\/"]}]},{"@type":"BreadcrumbList","@id":"https:\/\/www.oitaperunense.com.br\/site\/influenza-aviaria-estado-do-rio-tem-dois-novos-casos-confirmados-de-h1n5-em-aves-silvestres\/#breadcrumb","itemListElement":[{"@type":"ListItem","position":1,"name":"Home","item":"https:\/\/www.oitaperunense.com.br\/site\/"},{"@type":"ListItem","position":2,"name":"Influenza Avi\u00e1ria: Estado do Rio tem dois novos casos confirmados de H1N5 em aves silvestres"}]},{"@type":"WebSite","@id":"https:\/\/www.oitaperunense.com.br\/site\/#website","url":"https:\/\/www.oitaperunense.com.br\/site\/","name":"O Itaperunense","description":"","potentialAction":[{"@type":"SearchAction","target":{"@type":"EntryPoint","urlTemplate":"https:\/\/www.oitaperunense.com.br\/site\/?s={search_term_string}"},"query-input":"required name=search_term_string"}],"inLanguage":"pt-BR"},{"@type":"Person","@id":"https:\/\/www.oitaperunense.com.br\/site\/#\/schema\/person\/4a5b86c112157bc0a4492f4fd6b7939f","name":"Andr\u00e9","image":{"@type":"ImageObject","inLanguage":"pt-BR","@id":"https:\/\/www.oitaperunense.com.br\/site\/#\/schema\/person\/image\/","url":"https:\/\/secure.gravatar.com\/avatar\/7a7a912ec2c8cd6a390040b03329ee7a71bbd5f81ac3557b6a68208f263fc97b?s=96&d=mm&r=g","contentUrl":"https:\/\/secure.gravatar.com\/avatar\/7a7a912ec2c8cd6a390040b03329ee7a71bbd5f81ac3557b6a68208f263fc97b?s=96&d=mm&r=g","caption":"Andr\u00e9"},"url":"https:\/\/www.oitaperunense.com.br\/site\/author\/andre\/"}]}},"cc_featured_image_caption":{"caption_text":"","source_text":"","source_url":""},"_links":{"self":[{"href":"https:\/\/www.oitaperunense.com.br\/site\/wp-json\/wp\/v2\/posts\/392254","targetHints":{"allow":["GET"]}}],"collection":[{"href":"https:\/\/www.oitaperunense.com.br\/site\/wp-json\/wp\/v2\/posts"}],"about":[{"href":"https:\/\/www.oitaperunense.com.br\/site\/wp-json\/wp\/v2\/types\/post"}],"author":[{"embeddable":true,"href":"https:\/\/www.oitaperunense.com.br\/site\/wp-json\/wp\/v2\/users\/19"}],"replies":[{"embeddable":true,"href":"https:\/\/www.oitaperunense.com.br\/site\/wp-json\/wp\/v2\/comments?post=392254"}],"version-history":[{"count":1,"href":"https:\/\/www.oitaperunense.com.br\/site\/wp-json\/wp\/v2\/posts\/392254\/revisions"}],"predecessor-version":[{"id":392256,"href":"https:\/\/www.oitaperunense.com.br\/site\/wp-json\/wp\/v2\/posts\/392254\/revisions\/392256"}],"wp:featuredmedia":[{"embeddable":true,"href":"https:\/\/www.oitaperunense.com.br\/site\/wp-json\/wp\/v2\/media\/392255"}],"wp:attachment":[{"href":"https:\/\/www.oitaperunense.com.br\/site\/wp-json\/wp\/v2\/media?parent=392254"}],"wp:term":[{"taxonomy":"category","embeddable":true,"href":"https:\/\/www.oitaperunense.com.br\/site\/wp-json\/wp\/v2\/categories?post=392254"},{"taxonomy":"post_tag","embeddable":true,"href":"https:\/\/www.oitaperunense.com.br\/site\/wp-json\/wp\/v2\/tags?post=392254"}],"curies":[{"name":"wp","href":"https:\/\/api.w.org\/{rel}","templated":true}]}}