{"id":392250,"date":"2023-06-05T09:35:39","date_gmt":"2023-06-05T12:35:39","guid":{"rendered":"https:\/\/www.oitaperunense.com.br\/site\/?p=392250"},"modified":"2023-06-05T09:35:39","modified_gmt":"2023-06-05T12:35:39","slug":"lei-determina-o-uso-de-ferramenta-que-preve-sinais-precoces-de-autismo-no-estado-do-rj","status":"publish","type":"post","link":"https:\/\/www.oitaperunense.com.br\/site\/lei-determina-o-uso-de-ferramenta-que-preve-sinais-precoces-de-autismo-no-estado-do-rj\/","title":{"rendered":"Lei determina o uso de ferramenta que prev\u00ea sinais precoces de autismo no Estado do RJ"},"content":{"rendered":"<p style=\"text-align: center;\"><strong>A aplica\u00e7\u00e3o do question\u00e1rio n\u00e3o exclui o uso de outros testes que sejam mais adequados ao caso, conforme avalia\u00e7\u00e3o m\u00e9dica<\/strong><\/p>\n<p style=\"text-align: justify;\">As unidades de sa\u00fade p\u00fablicas e privadas do Estado do Rio dever\u00e3o utilizar e aplicar o question\u00e1rio M-CHAT (Modified Checklist for Autism in Toddlers) para prever o rastreamento de sinais precoces do autismo. \u00c9 o que determina a Lei 10.031\/23, publicada em edi\u00e7\u00e3o extra do Diario Oficial da \u00faltima quinta-feira (1\u00ba).<\/p>\n<p><!--more--><\/p>\n<p style=\"text-align: justify;\">De autoria do presidente da Assembleia Legislativa do Estado do Rio de Janeiro (Alerj), deputado Rodrigo Bacellar, a norma consiste em um question\u00e1rio M-CHAT que dever\u00e1 ser aplicado no atendimento a crian\u00e7as entre 16 e 30 meses, com a finalidade de obter um diagn\u00f3stico precoce do Transtorno do Espectro Autista (TEA). O M-CHAT \u00e9 um question\u00e1rio com 23 itens, e pode ser utilizado por qualquer profissional de sa\u00fade, sendo recomendado pelo Minist\u00e9rio da Sa\u00fade.<\/p>\n<p><img loading=\"lazy\" decoding=\"async\" class=\"alignnone size-full wp-image-392048 aligncenter\" src=\"https:\/\/www.oitaperunense.com.br\/site\/wp-content\/uploads\/2023\/05\/bacelo.jpg\" alt=\"\" width=\"700\" height=\"442\" srcset=\"https:\/\/www.oitaperunense.com.br\/site\/wp-content\/uploads\/2023\/05\/bacelo.jpg 700w, https:\/\/www.oitaperunense.com.br\/site\/wp-content\/uploads\/2023\/05\/bacelo-300x189.jpg 300w\" sizes=\"auto, (max-width: 700px) 100vw, 700px\" \/><\/p>\n<p style=\"text-align: center;\"><strong> Lei 10.031\/23 \u00e9 de autoria do presidente da Assembleia Legislativa do Estado do Rio de Janeiro (Alerj), deputado Rodrigo Bacellar<\/strong><\/p>\n<p style=\"text-align: justify;\">A aplica\u00e7\u00e3o do question\u00e1rio n\u00e3o exclui o uso de outros testes que sejam mais adequados ao caso, conforme avalia\u00e7\u00e3o m\u00e9dica. As respostas ao question\u00e1rio s\u00f3 podem ser \u201csim\u201d ou \u201cn\u00e3o\u201d e incluem itens relacionados aos interesses da crian\u00e7a: engajamento social; habilidade de manter o contato visual; imita\u00e7\u00e3o; brincadeira repetitiva, de \u201cfaz de conta\u201d, e gestos para direcionar a aten\u00e7\u00e3o social.<\/p>\n<p style=\"text-align: justify;\">A grande vantagem do formul\u00e1rio \u00e9 a rapidez no preenchimento, o fato de ser simples e n\u00e3o ser necess\u00e1rio treinamento espec\u00edfico para sua aplica\u00e7\u00e3o, e que pode ser feito pelos pais ou respons\u00e1veis.<\/p>\n<p style=\"text-align: justify;\">&#8211; Por ser um question\u00e1rio, o M-CHAT apresenta-se como uma alternativa eficiente e sem custos financeiros para um diagn\u00f3stico precoce do TEA &#8211; declarou Rodrigo Bacellar.<\/p>\n<p style=\"text-align: justify;\">Com o diagn\u00f3stico positivo, as fam\u00edlias ser\u00e3o aconselhadas a procurar os servi\u00e7os especializados para avalia\u00e7\u00e3o com outras metodologias.<\/p>\n","protected":false},"excerpt":{"rendered":"<p>A aplica\u00e7\u00e3o do question\u00e1rio n\u00e3o exclui o uso de outros testes que sejam mais adequados ao caso, conforme avalia\u00e7\u00e3o m\u00e9dica As unidades de sa\u00fade p\u00fablicas e privadas do Estado do Rio dever\u00e3o utilizar e aplicar o question\u00e1rio M-CHAT (Modified Checklist for Autism in Toddlers) para prever o rastreamento de sinais precoces do autismo. \u00c9 o [&hellip;]<\/p>\n","protected":false},"author":19,"featured_media":392251,"comment_status":"open","ping_status":"closed","sticky":false,"template":"","format":"standard","meta":{"ngg_post_thumbnail":0,"footnotes":""},"categories":[113],"tags":[],"class_list":["post-392250","post","type-post","status-publish","format-standard","has-post-thumbnail","hentry","category-saude"],"yoast_head":"<!-- This site is optimized with the Yoast SEO plugin v20.11 - https:\/\/yoast.com\/wordpress\/plugins\/seo\/ -->\n<title>Lei determina o uso de ferramenta que prev\u00ea sinais precoces de autismo no Estado do RJ - O Itaperunense<\/title>\n<meta name=\"robots\" content=\"index, follow, max-snippet:-1, max-image-preview:large, max-video-preview:-1\" \/>\n<link rel=\"canonical\" href=\"https:\/\/www.oitaperunense.com.br\/site\/lei-determina-o-uso-de-ferramenta-que-preve-sinais-precoces-de-autismo-no-estado-do-rj\/\" \/>\n<meta property=\"og:locale\" content=\"pt_BR\" \/>\n<meta property=\"og:type\" content=\"article\" \/>\n<meta property=\"og:title\" content=\"Lei determina o uso de ferramenta que prev\u00ea sinais precoces de autismo no Estado do RJ - O Itaperunense\" \/>\n<meta property=\"og:description\" content=\"A aplica\u00e7\u00e3o do question\u00e1rio n\u00e3o exclui o uso de outros testes que sejam mais adequados ao caso, conforme avalia\u00e7\u00e3o m\u00e9dica As unidades de sa\u00fade p\u00fablicas e privadas do Estado do Rio dever\u00e3o utilizar e aplicar o question\u00e1rio M-CHAT (Modified Checklist for Autism in Toddlers) para prever o rastreamento de sinais precoces do autismo. \u00c9 o [&hellip;]\" \/>\n<meta property=\"og:url\" content=\"https:\/\/www.oitaperunense.com.br\/site\/lei-determina-o-uso-de-ferramenta-que-preve-sinais-precoces-de-autismo-no-estado-do-rj\/\" \/>\n<meta property=\"og:site_name\" content=\"O Itaperunense\" \/>\n<meta property=\"article:publisher\" content=\"https:\/\/www.facebook.com\/jornaloitaperunense\" \/>\n<meta property=\"article:published_time\" content=\"2023-06-05T12:35:39+00:00\" \/>\n<meta property=\"og:image\" content=\"https:\/\/www.oitaperunense.com.br\/site\/wp-content\/uploads\/2023\/06\/AUTISMO.jpg\" \/>\n\t<meta property=\"og:image:width\" content=\"700\" \/>\n\t<meta property=\"og:image:height\" content=\"438\" \/>\n\t<meta property=\"og:image:type\" content=\"image\/jpeg\" \/>\n<meta name=\"author\" content=\"Andr\u00e9\" \/>\n<meta name=\"twitter:card\" content=\"summary_large_image\" \/>\n<meta name=\"twitter:label1\" content=\"Escrito por\" \/>\n\t<meta name=\"twitter:data1\" content=\"Andr\u00e9\" \/>\n\t<meta name=\"twitter:label2\" content=\"Est. tempo de leitura\" \/>\n\t<meta name=\"twitter:data2\" content=\"2 minutos\" \/>\n<script type=\"application\/ld+json\" class=\"yoast-schema-graph\">{\"@context\":\"https:\/\/schema.org\",\"@graph\":[{\"@type\":\"WebPage\",\"@id\":\"https:\/\/www.oitaperunense.com.br\/site\/lei-determina-o-uso-de-ferramenta-que-preve-sinais-precoces-de-autismo-no-estado-do-rj\/\",\"url\":\"https:\/\/www.oitaperunense.com.br\/site\/lei-determina-o-uso-de-ferramenta-que-preve-sinais-precoces-de-autismo-no-estado-do-rj\/\",\"name\":\"Lei determina o uso de ferramenta que prev\u00ea sinais precoces de autismo no Estado do RJ - O Itaperunense\",\"isPartOf\":{\"@id\":\"https:\/\/www.oitaperunense.com.br\/site\/#website\"},\"datePublished\":\"2023-06-05T12:35:39+00:00\",\"dateModified\":\"2023-06-05T12:35:39+00:00\",\"author\":{\"@id\":\"https:\/\/www.oitaperunense.com.br\/site\/#\/schema\/person\/4a5b86c112157bc0a4492f4fd6b7939f\"},\"breadcrumb\":{\"@id\":\"https:\/\/www.oitaperunense.com.br\/site\/lei-determina-o-uso-de-ferramenta-que-preve-sinais-precoces-de-autismo-no-estado-do-rj\/#breadcrumb\"},\"inLanguage\":\"pt-BR\",\"potentialAction\":[{\"@type\":\"ReadAction\",\"target\":[\"https:\/\/www.oitaperunense.com.br\/site\/lei-determina-o-uso-de-ferramenta-que-preve-sinais-precoces-de-autismo-no-estado-do-rj\/\"]}]},{\"@type\":\"BreadcrumbList\",\"@id\":\"https:\/\/www.oitaperunense.com.br\/site\/lei-determina-o-uso-de-ferramenta-que-preve-sinais-precoces-de-autismo-no-estado-do-rj\/#breadcrumb\",\"itemListElement\":[{\"@type\":\"ListItem\",\"position\":1,\"name\":\"Home\",\"item\":\"https:\/\/www.oitaperunense.com.br\/site\/\"},{\"@type\":\"ListItem\",\"position\":2,\"name\":\"Lei determina o uso de ferramenta que prev\u00ea sinais precoces de autismo no Estado do RJ\"}]},{\"@type\":\"WebSite\",\"@id\":\"https:\/\/www.oitaperunense.com.br\/site\/#website\",\"url\":\"https:\/\/www.oitaperunense.com.br\/site\/\",\"name\":\"O Itaperunense\",\"description\":\"\",\"potentialAction\":[{\"@type\":\"SearchAction\",\"target\":{\"@type\":\"EntryPoint\",\"urlTemplate\":\"https:\/\/www.oitaperunense.com.br\/site\/?s={search_term_string}\"},\"query-input\":\"required name=search_term_string\"}],\"inLanguage\":\"pt-BR\"},{\"@type\":\"Person\",\"@id\":\"https:\/\/www.oitaperunense.com.br\/site\/#\/schema\/person\/4a5b86c112157bc0a4492f4fd6b7939f\",\"name\":\"Andr\u00e9\",\"image\":{\"@type\":\"ImageObject\",\"inLanguage\":\"pt-BR\",\"@id\":\"https:\/\/www.oitaperunense.com.br\/site\/#\/schema\/person\/image\/\",\"url\":\"https:\/\/secure.gravatar.com\/avatar\/7a7a912ec2c8cd6a390040b03329ee7a71bbd5f81ac3557b6a68208f263fc97b?s=96&d=mm&r=g\",\"contentUrl\":\"https:\/\/secure.gravatar.com\/avatar\/7a7a912ec2c8cd6a390040b03329ee7a71bbd5f81ac3557b6a68208f263fc97b?s=96&d=mm&r=g\",\"caption\":\"Andr\u00e9\"},\"url\":\"https:\/\/www.oitaperunense.com.br\/site\/author\/andre\/\"}]}<\/script>\n<!-- \/ Yoast SEO plugin. -->","yoast_head_json":{"title":"Lei determina o uso de ferramenta que prev\u00ea sinais precoces de autismo no Estado do RJ - O Itaperunense","robots":{"index":"index","follow":"follow","max-snippet":"max-snippet:-1","max-image-preview":"max-image-preview:large","max-video-preview":"max-video-preview:-1"},"canonical":"https:\/\/www.oitaperunense.com.br\/site\/lei-determina-o-uso-de-ferramenta-que-preve-sinais-precoces-de-autismo-no-estado-do-rj\/","og_locale":"pt_BR","og_type":"article","og_title":"Lei determina o uso de ferramenta que prev\u00ea sinais precoces de autismo no Estado do RJ - O Itaperunense","og_description":"A aplica\u00e7\u00e3o do question\u00e1rio n\u00e3o exclui o uso de outros testes que sejam mais adequados ao caso, conforme avalia\u00e7\u00e3o m\u00e9dica As unidades de sa\u00fade p\u00fablicas e privadas do Estado do Rio dever\u00e3o utilizar e aplicar o question\u00e1rio M-CHAT (Modified Checklist for Autism in Toddlers) para prever o rastreamento de sinais precoces do autismo. \u00c9 o [&hellip;]","og_url":"https:\/\/www.oitaperunense.com.br\/site\/lei-determina-o-uso-de-ferramenta-que-preve-sinais-precoces-de-autismo-no-estado-do-rj\/","og_site_name":"O Itaperunense","article_publisher":"https:\/\/www.facebook.com\/jornaloitaperunense","article_published_time":"2023-06-05T12:35:39+00:00","og_image":[{"width":700,"height":438,"url":"https:\/\/www.oitaperunense.com.br\/site\/wp-content\/uploads\/2023\/06\/AUTISMO.jpg","type":"image\/jpeg"}],"author":"Andr\u00e9","twitter_card":"summary_large_image","twitter_misc":{"Escrito por":"Andr\u00e9","Est. tempo de leitura":"2 minutos"},"schema":{"@context":"https:\/\/schema.org","@graph":[{"@type":"WebPage","@id":"https:\/\/www.oitaperunense.com.br\/site\/lei-determina-o-uso-de-ferramenta-que-preve-sinais-precoces-de-autismo-no-estado-do-rj\/","url":"https:\/\/www.oitaperunense.com.br\/site\/lei-determina-o-uso-de-ferramenta-que-preve-sinais-precoces-de-autismo-no-estado-do-rj\/","name":"Lei determina o uso de ferramenta que prev\u00ea sinais precoces de autismo no Estado do RJ - O Itaperunense","isPartOf":{"@id":"https:\/\/www.oitaperunense.com.br\/site\/#website"},"datePublished":"2023-06-05T12:35:39+00:00","dateModified":"2023-06-05T12:35:39+00:00","author":{"@id":"https:\/\/www.oitaperunense.com.br\/site\/#\/schema\/person\/4a5b86c112157bc0a4492f4fd6b7939f"},"breadcrumb":{"@id":"https:\/\/www.oitaperunense.com.br\/site\/lei-determina-o-uso-de-ferramenta-que-preve-sinais-precoces-de-autismo-no-estado-do-rj\/#breadcrumb"},"inLanguage":"pt-BR","potentialAction":[{"@type":"ReadAction","target":["https:\/\/www.oitaperunense.com.br\/site\/lei-determina-o-uso-de-ferramenta-que-preve-sinais-precoces-de-autismo-no-estado-do-rj\/"]}]},{"@type":"BreadcrumbList","@id":"https:\/\/www.oitaperunense.com.br\/site\/lei-determina-o-uso-de-ferramenta-que-preve-sinais-precoces-de-autismo-no-estado-do-rj\/#breadcrumb","itemListElement":[{"@type":"ListItem","position":1,"name":"Home","item":"https:\/\/www.oitaperunense.com.br\/site\/"},{"@type":"ListItem","position":2,"name":"Lei determina o uso de ferramenta que prev\u00ea sinais precoces de autismo no Estado do RJ"}]},{"@type":"WebSite","@id":"https:\/\/www.oitaperunense.com.br\/site\/#website","url":"https:\/\/www.oitaperunense.com.br\/site\/","name":"O Itaperunense","description":"","potentialAction":[{"@type":"SearchAction","target":{"@type":"EntryPoint","urlTemplate":"https:\/\/www.oitaperunense.com.br\/site\/?s={search_term_string}"},"query-input":"required name=search_term_string"}],"inLanguage":"pt-BR"},{"@type":"Person","@id":"https:\/\/www.oitaperunense.com.br\/site\/#\/schema\/person\/4a5b86c112157bc0a4492f4fd6b7939f","name":"Andr\u00e9","image":{"@type":"ImageObject","inLanguage":"pt-BR","@id":"https:\/\/www.oitaperunense.com.br\/site\/#\/schema\/person\/image\/","url":"https:\/\/secure.gravatar.com\/avatar\/7a7a912ec2c8cd6a390040b03329ee7a71bbd5f81ac3557b6a68208f263fc97b?s=96&d=mm&r=g","contentUrl":"https:\/\/secure.gravatar.com\/avatar\/7a7a912ec2c8cd6a390040b03329ee7a71bbd5f81ac3557b6a68208f263fc97b?s=96&d=mm&r=g","caption":"Andr\u00e9"},"url":"https:\/\/www.oitaperunense.com.br\/site\/author\/andre\/"}]}},"cc_featured_image_caption":{"caption_text":"","source_text":"","source_url":""},"_links":{"self":[{"href":"https:\/\/www.oitaperunense.com.br\/site\/wp-json\/wp\/v2\/posts\/392250","targetHints":{"allow":["GET"]}}],"collection":[{"href":"https:\/\/www.oitaperunense.com.br\/site\/wp-json\/wp\/v2\/posts"}],"about":[{"href":"https:\/\/www.oitaperunense.com.br\/site\/wp-json\/wp\/v2\/types\/post"}],"author":[{"embeddable":true,"href":"https:\/\/www.oitaperunense.com.br\/site\/wp-json\/wp\/v2\/users\/19"}],"replies":[{"embeddable":true,"href":"https:\/\/www.oitaperunense.com.br\/site\/wp-json\/wp\/v2\/comments?post=392250"}],"version-history":[{"count":2,"href":"https:\/\/www.oitaperunense.com.br\/site\/wp-json\/wp\/v2\/posts\/392250\/revisions"}],"predecessor-version":[{"id":392253,"href":"https:\/\/www.oitaperunense.com.br\/site\/wp-json\/wp\/v2\/posts\/392250\/revisions\/392253"}],"wp:featuredmedia":[{"embeddable":true,"href":"https:\/\/www.oitaperunense.com.br\/site\/wp-json\/wp\/v2\/media\/392251"}],"wp:attachment":[{"href":"https:\/\/www.oitaperunense.com.br\/site\/wp-json\/wp\/v2\/media?parent=392250"}],"wp:term":[{"taxonomy":"category","embeddable":true,"href":"https:\/\/www.oitaperunense.com.br\/site\/wp-json\/wp\/v2\/categories?post=392250"},{"taxonomy":"post_tag","embeddable":true,"href":"https:\/\/www.oitaperunense.com.br\/site\/wp-json\/wp\/v2\/tags?post=392250"}],"curies":[{"name":"wp","href":"https:\/\/api.w.org\/{rel}","templated":true}]}}