{"id":392197,"date":"2023-05-31T10:02:11","date_gmt":"2023-05-31T13:02:11","guid":{"rendered":"https:\/\/www.oitaperunense.com.br\/site\/?p=392197"},"modified":"2023-05-31T10:03:45","modified_gmt":"2023-05-31T13:03:45","slug":"itaperuna-recebera-cerca-de-r-864-mil-reais-para-projetos-audiovisuais","status":"publish","type":"post","link":"https:\/\/www.oitaperunense.com.br\/site\/itaperuna-recebera-cerca-de-r-864-mil-reais-para-projetos-audiovisuais\/","title":{"rendered":"Itaperuna receber\u00e1 cerca de R$ 864 mil para Projetos Audiovisuais"},"content":{"rendered":"<div style=\"text-align: justify;\">Para incentivar a cultura regional, Itaperuna recebeu, na \u00faltima semana, o F\u00f3rum de Cultura, que reuniu gestores da Cultura de todo o Noroeste do Rio para a explana\u00e7\u00e3o da Lei Paulo Gustavo (LC 195\/2022), que prev\u00ea o repasse de R$ 3.862.000.000,00 a Estados, Distrito Federal e Munic\u00edpios para aplica\u00e7\u00e3o em a\u00e7\u00f5es emergenciais. Itaperuna \u00e9 o Munic\u00edpio que vai receber a maior parcela: R$ 864.201,22.<\/div>\n<p><!--more--><\/p>\n<div style=\"text-align: justify;\">O objetivo da lei \u00e9 combater os efeitos sociais e econ\u00f4micos da Covid-19 sobre o setor cultural. O encontro aconteceu no audit\u00f3rio da Secretaria de Educa\u00e7\u00e3o, com a presen\u00e7a do assessor de rela\u00e7\u00f5es intermunicipais, Ademilson Honorato e da assessora Vanderl\u00e9ia Marques, ambos da Secretaria de Estado de Cultura, al\u00e9m do secret\u00e1rio municipal de Cultura de Itaperuna, Wellington Gon\u00e7alves.<\/div>\n<div>&nbsp;<\/div>\n<div style=\"text-align: justify;\">Segundo Wellington, cada munic\u00edpio vai fazer seu plano de a\u00e7\u00e3o que dever\u00e1 apresentar dentro do prazo estabelecido.&nbsp; \u201cSabemos que o prazo \u00e9 muito curto para apresentarmos os projetos, mas a Cultura foi o setor que mais ficou prejudicado com a pandemia e n\u00e3o vamos perder essa oportunidade. A Secretaria de Cultura est\u00e1 \u00e0 disposi\u00e7\u00e3o de todos os fazedores de cultura para esclarecimentos e execu\u00e7\u00e3o dos projetos\u201d, disse.<\/div>\n<div>&nbsp;<\/div>\n<div style=\"text-align: justify;\">Esse \u00e9 o maior investimento direto no setor cultural do Brasil. O recurso teve originalmente como fontes principais, os super\u00e1vits do Fundo Setorial do Audiovisual (FSA) e de outras fontes de receita vinculadas ao Fundo Nacional de Cultura (FNC).&nbsp; Os munic\u00edpios t\u00eam at\u00e9 o dia 11 de julho para cadastrarem seus planos de trabalho com participa\u00e7\u00e3o da sociedade civil. Os planos ser\u00e3o analisados e, na medida que aprovados pelo Minist\u00e9rio da Cultura, os recursos ser\u00e3o liberados. Os Estados e Munic\u00edpios que n\u00e3o cadastrarem seus Planos de A\u00e7\u00e3o no prazo de 60 dias ir\u00e3o perder os recursos.<\/div>\n<div>&nbsp;<\/div>\n<div><img loading=\"lazy\" decoding=\"async\" class=\"alignnone size-full wp-image-392199 aligncenter\" src=\"https:\/\/www.oitaperunense.com.br\/site\/wp-content\/uploads\/2023\/05\/BIBI.jpg\" alt=\"\" width=\"700\" height=\"394\" srcset=\"https:\/\/www.oitaperunense.com.br\/site\/wp-content\/uploads\/2023\/05\/BIBI.jpg 700w, https:\/\/www.oitaperunense.com.br\/site\/wp-content\/uploads\/2023\/05\/BIBI-300x169.jpg 300w\" sizes=\"auto, (max-width: 700px) 100vw, 700px\" \/><\/div>\n<div>&nbsp;<\/div>\n<div style=\"text-align: justify;\">Do valor total destinado \u00e0 LPG, ser\u00e3o destinados o total de R$ 2.797.000.000,00 exclusivamente a a\u00e7\u00f5es na modalidade de recursos n\u00e3o reembols\u00e1veis ao audiovisual, da seguinte forma:<\/div>\n<div>&nbsp;<\/div>\n<div style=\"text-align: justify;\">a) R$ 1.957.000.000,00 para apoio a produ\u00e7\u00f5es audiovisuais, de forma exclusiva ou em complemento a outras formas de financiamento;<\/div>\n<div style=\"text-align: justify;\">b) R$ 447.500.000,00 para apoio a reformas, restauros, manuten\u00e7\u00e3o e funcionamento de salas de cinema;&nbsp;<\/div>\n<div style=\"text-align: justify;\">c) R$ 224.700.000,00 para capacita\u00e7\u00e3o, forma\u00e7\u00e3o e qualifica\u00e7\u00e3o no audiovisual, apoio a cineclubes e \u00e0 realiza\u00e7\u00e3o de festivais e mostras de produ\u00e7\u00f5es audiovisuais; e&nbsp;<\/div>\n<div style=\"text-align: justify;\">d) R$ 167.800.000,00 para apoio \u00e0s microempresas e \u00e0s pequenas empresas do setor audiovisual. Neste caso, o recurso \u00e9 exclusivo para Estados e Distrito Federal.&nbsp;<\/div>\n<div style=\"text-align: justify;\">&nbsp;<\/div>\n<div style=\"text-align: justify;\">Sendo assim, o valor de R$1.065.000.000,00, dever\u00e1 ser destinado \u00e0s demais \u00e1reas, exclusivamente a a\u00e7\u00f5es na modalidade de recursos n\u00e3o reembols\u00e1veis, da seguinte forma:&nbsp;<\/div>\n<div>&nbsp;<\/div>\n<div style=\"text-align: justify;\">a) apoio ao desenvolvimento de atividades de economia criativa e de economia solid\u00e1ria;&nbsp;<\/div>\n<div style=\"text-align: justify;\">b) apoio, de forma exclusiva ou em complemento a outras formas de financiamento; e<\/div>\n<div style=\"text-align: justify;\">c) desenvolvimento de espa\u00e7os art\u00edsticos e culturais, de microempreendedores individuais, de microempresas e de pequenas empresas culturais, de cooperativas, de institui\u00e7\u00f5es e de organiza\u00e7\u00f5es culturais comunit\u00e1rias.<\/div>\n<div style=\"text-align: justify;\">&nbsp;<\/div>\n<div style=\"text-align: justify;\">Para Honorato, \u00e9 importante que essa Lei chegue a todos os fazedores de cultura. \u201cTodos os fazedores precisam conhecer bem sobre a lei. \u00c9 muito recurso para essa regi\u00e3o e que possa ser liberado para todos. A lei est\u00e1 a\u00ed e vamos fazer grandes produ\u00e7\u00f5es como document\u00e1rios nas cidade\u201d, disse.<\/div>\n<div>&nbsp;<\/div>\n<div style=\"text-align: justify;\">A Secretaria de Cultura de Itaperuna funciona no Centro da cidade, no pr\u00e9dio do antigo F\u00f3rum, de segunda \u00e0 sexta, das 08h \u00e0s 13 h.<\/div>\n<div>&nbsp;<\/div>\n<div><strong>TEXTO E IMAGENS: BIANCA MARQUES\/DECOM\/ITAPERUNA\/RJ<\/strong><\/div>\n","protected":false},"excerpt":{"rendered":"<p>Para incentivar a cultura regional, Itaperuna recebeu, na \u00faltima semana, o F\u00f3rum de Cultura, que reuniu gestores da Cultura de todo o Noroeste do Rio para a explana\u00e7\u00e3o da Lei Paulo Gustavo (LC 195\/2022), que prev\u00ea o repasse de R$ 3.862.000.000,00 a Estados, Distrito Federal e Munic\u00edpios para aplica\u00e7\u00e3o em a\u00e7\u00f5es emergenciais. Itaperuna \u00e9 o [&hellip;]<\/p>\n","protected":false},"author":19,"featured_media":392198,"comment_status":"open","ping_status":"closed","sticky":false,"template":"","format":"standard","meta":{"ngg_post_thumbnail":0,"footnotes":""},"categories":[91],"tags":[],"class_list":["post-392197","post","type-post","status-publish","format-standard","has-post-thumbnail","hentry","category-geral"],"yoast_head":"<!-- This site is optimized with the Yoast SEO plugin v20.11 - https:\/\/yoast.com\/wordpress\/plugins\/seo\/ -->\n<title>Itaperuna receber\u00e1 cerca de R$ 864 mil para Projetos Audiovisuais - O Itaperunense<\/title>\n<meta name=\"robots\" content=\"index, follow, max-snippet:-1, max-image-preview:large, max-video-preview:-1\" \/>\n<link rel=\"canonical\" href=\"https:\/\/www.oitaperunense.com.br\/site\/itaperuna-recebera-cerca-de-r-864-mil-reais-para-projetos-audiovisuais\/\" \/>\n<meta property=\"og:locale\" content=\"pt_BR\" \/>\n<meta property=\"og:type\" content=\"article\" \/>\n<meta property=\"og:title\" content=\"Itaperuna receber\u00e1 cerca de R$ 864 mil para Projetos Audiovisuais - O Itaperunense\" \/>\n<meta property=\"og:description\" content=\"Para incentivar a cultura regional, Itaperuna recebeu, na \u00faltima semana, o F\u00f3rum de Cultura, que reuniu gestores da Cultura de todo o Noroeste do Rio para a explana\u00e7\u00e3o da Lei Paulo Gustavo (LC 195\/2022), que prev\u00ea o repasse de R$ 3.862.000.000,00 a Estados, Distrito Federal e Munic\u00edpios para aplica\u00e7\u00e3o em a\u00e7\u00f5es emergenciais. Itaperuna \u00e9 o [&hellip;]\" \/>\n<meta property=\"og:url\" content=\"https:\/\/www.oitaperunense.com.br\/site\/itaperuna-recebera-cerca-de-r-864-mil-reais-para-projetos-audiovisuais\/\" \/>\n<meta property=\"og:site_name\" content=\"O Itaperunense\" \/>\n<meta property=\"article:publisher\" content=\"https:\/\/www.facebook.com\/jornaloitaperunense\" \/>\n<meta property=\"article:published_time\" content=\"2023-05-31T13:02:11+00:00\" \/>\n<meta property=\"article:modified_time\" content=\"2023-05-31T13:03:45+00:00\" \/>\n<meta property=\"og:image\" content=\"https:\/\/www.oitaperunense.com.br\/site\/wp-content\/uploads\/2023\/05\/BIBI2.jpg\" \/>\n\t<meta property=\"og:image:width\" content=\"700\" \/>\n\t<meta property=\"og:image:height\" content=\"394\" \/>\n\t<meta property=\"og:image:type\" content=\"image\/jpeg\" \/>\n<meta name=\"author\" content=\"Andr\u00e9\" \/>\n<meta name=\"twitter:card\" content=\"summary_large_image\" \/>\n<meta name=\"twitter:label1\" content=\"Escrito por\" \/>\n\t<meta name=\"twitter:data1\" content=\"Andr\u00e9\" \/>\n\t<meta name=\"twitter:label2\" content=\"Est. tempo de leitura\" \/>\n\t<meta name=\"twitter:data2\" content=\"3 minutos\" \/>\n<script type=\"application\/ld+json\" class=\"yoast-schema-graph\">{\"@context\":\"https:\/\/schema.org\",\"@graph\":[{\"@type\":\"WebPage\",\"@id\":\"https:\/\/www.oitaperunense.com.br\/site\/itaperuna-recebera-cerca-de-r-864-mil-reais-para-projetos-audiovisuais\/\",\"url\":\"https:\/\/www.oitaperunense.com.br\/site\/itaperuna-recebera-cerca-de-r-864-mil-reais-para-projetos-audiovisuais\/\",\"name\":\"Itaperuna receber\u00e1 cerca de R$ 864 mil para Projetos Audiovisuais - O Itaperunense\",\"isPartOf\":{\"@id\":\"https:\/\/www.oitaperunense.com.br\/site\/#website\"},\"datePublished\":\"2023-05-31T13:02:11+00:00\",\"dateModified\":\"2023-05-31T13:03:45+00:00\",\"author\":{\"@id\":\"https:\/\/www.oitaperunense.com.br\/site\/#\/schema\/person\/4a5b86c112157bc0a4492f4fd6b7939f\"},\"breadcrumb\":{\"@id\":\"https:\/\/www.oitaperunense.com.br\/site\/itaperuna-recebera-cerca-de-r-864-mil-reais-para-projetos-audiovisuais\/#breadcrumb\"},\"inLanguage\":\"pt-BR\",\"potentialAction\":[{\"@type\":\"ReadAction\",\"target\":[\"https:\/\/www.oitaperunense.com.br\/site\/itaperuna-recebera-cerca-de-r-864-mil-reais-para-projetos-audiovisuais\/\"]}]},{\"@type\":\"BreadcrumbList\",\"@id\":\"https:\/\/www.oitaperunense.com.br\/site\/itaperuna-recebera-cerca-de-r-864-mil-reais-para-projetos-audiovisuais\/#breadcrumb\",\"itemListElement\":[{\"@type\":\"ListItem\",\"position\":1,\"name\":\"Home\",\"item\":\"https:\/\/www.oitaperunense.com.br\/site\/\"},{\"@type\":\"ListItem\",\"position\":2,\"name\":\"Itaperuna receber\u00e1 cerca de R$ 864 mil para Projetos Audiovisuais\"}]},{\"@type\":\"WebSite\",\"@id\":\"https:\/\/www.oitaperunense.com.br\/site\/#website\",\"url\":\"https:\/\/www.oitaperunense.com.br\/site\/\",\"name\":\"O Itaperunense\",\"description\":\"\",\"potentialAction\":[{\"@type\":\"SearchAction\",\"target\":{\"@type\":\"EntryPoint\",\"urlTemplate\":\"https:\/\/www.oitaperunense.com.br\/site\/?s={search_term_string}\"},\"query-input\":\"required name=search_term_string\"}],\"inLanguage\":\"pt-BR\"},{\"@type\":\"Person\",\"@id\":\"https:\/\/www.oitaperunense.com.br\/site\/#\/schema\/person\/4a5b86c112157bc0a4492f4fd6b7939f\",\"name\":\"Andr\u00e9\",\"image\":{\"@type\":\"ImageObject\",\"inLanguage\":\"pt-BR\",\"@id\":\"https:\/\/www.oitaperunense.com.br\/site\/#\/schema\/person\/image\/\",\"url\":\"https:\/\/secure.gravatar.com\/avatar\/7a7a912ec2c8cd6a390040b03329ee7a71bbd5f81ac3557b6a68208f263fc97b?s=96&d=mm&r=g\",\"contentUrl\":\"https:\/\/secure.gravatar.com\/avatar\/7a7a912ec2c8cd6a390040b03329ee7a71bbd5f81ac3557b6a68208f263fc97b?s=96&d=mm&r=g\",\"caption\":\"Andr\u00e9\"},\"url\":\"https:\/\/www.oitaperunense.com.br\/site\/author\/andre\/\"}]}<\/script>\n<!-- \/ Yoast SEO plugin. -->","yoast_head_json":{"title":"Itaperuna receber\u00e1 cerca de R$ 864 mil para Projetos Audiovisuais - O Itaperunense","robots":{"index":"index","follow":"follow","max-snippet":"max-snippet:-1","max-image-preview":"max-image-preview:large","max-video-preview":"max-video-preview:-1"},"canonical":"https:\/\/www.oitaperunense.com.br\/site\/itaperuna-recebera-cerca-de-r-864-mil-reais-para-projetos-audiovisuais\/","og_locale":"pt_BR","og_type":"article","og_title":"Itaperuna receber\u00e1 cerca de R$ 864 mil para Projetos Audiovisuais - O Itaperunense","og_description":"Para incentivar a cultura regional, Itaperuna recebeu, na \u00faltima semana, o F\u00f3rum de Cultura, que reuniu gestores da Cultura de todo o Noroeste do Rio para a explana\u00e7\u00e3o da Lei Paulo Gustavo (LC 195\/2022), que prev\u00ea o repasse de R$ 3.862.000.000,00 a Estados, Distrito Federal e Munic\u00edpios para aplica\u00e7\u00e3o em a\u00e7\u00f5es emergenciais. Itaperuna \u00e9 o [&hellip;]","og_url":"https:\/\/www.oitaperunense.com.br\/site\/itaperuna-recebera-cerca-de-r-864-mil-reais-para-projetos-audiovisuais\/","og_site_name":"O Itaperunense","article_publisher":"https:\/\/www.facebook.com\/jornaloitaperunense","article_published_time":"2023-05-31T13:02:11+00:00","article_modified_time":"2023-05-31T13:03:45+00:00","og_image":[{"width":700,"height":394,"url":"https:\/\/www.oitaperunense.com.br\/site\/wp-content\/uploads\/2023\/05\/BIBI2.jpg","type":"image\/jpeg"}],"author":"Andr\u00e9","twitter_card":"summary_large_image","twitter_misc":{"Escrito por":"Andr\u00e9","Est. tempo de leitura":"3 minutos"},"schema":{"@context":"https:\/\/schema.org","@graph":[{"@type":"WebPage","@id":"https:\/\/www.oitaperunense.com.br\/site\/itaperuna-recebera-cerca-de-r-864-mil-reais-para-projetos-audiovisuais\/","url":"https:\/\/www.oitaperunense.com.br\/site\/itaperuna-recebera-cerca-de-r-864-mil-reais-para-projetos-audiovisuais\/","name":"Itaperuna receber\u00e1 cerca de R$ 864 mil para Projetos Audiovisuais - O Itaperunense","isPartOf":{"@id":"https:\/\/www.oitaperunense.com.br\/site\/#website"},"datePublished":"2023-05-31T13:02:11+00:00","dateModified":"2023-05-31T13:03:45+00:00","author":{"@id":"https:\/\/www.oitaperunense.com.br\/site\/#\/schema\/person\/4a5b86c112157bc0a4492f4fd6b7939f"},"breadcrumb":{"@id":"https:\/\/www.oitaperunense.com.br\/site\/itaperuna-recebera-cerca-de-r-864-mil-reais-para-projetos-audiovisuais\/#breadcrumb"},"inLanguage":"pt-BR","potentialAction":[{"@type":"ReadAction","target":["https:\/\/www.oitaperunense.com.br\/site\/itaperuna-recebera-cerca-de-r-864-mil-reais-para-projetos-audiovisuais\/"]}]},{"@type":"BreadcrumbList","@id":"https:\/\/www.oitaperunense.com.br\/site\/itaperuna-recebera-cerca-de-r-864-mil-reais-para-projetos-audiovisuais\/#breadcrumb","itemListElement":[{"@type":"ListItem","position":1,"name":"Home","item":"https:\/\/www.oitaperunense.com.br\/site\/"},{"@type":"ListItem","position":2,"name":"Itaperuna receber\u00e1 cerca de R$ 864 mil para Projetos Audiovisuais"}]},{"@type":"WebSite","@id":"https:\/\/www.oitaperunense.com.br\/site\/#website","url":"https:\/\/www.oitaperunense.com.br\/site\/","name":"O Itaperunense","description":"","potentialAction":[{"@type":"SearchAction","target":{"@type":"EntryPoint","urlTemplate":"https:\/\/www.oitaperunense.com.br\/site\/?s={search_term_string}"},"query-input":"required name=search_term_string"}],"inLanguage":"pt-BR"},{"@type":"Person","@id":"https:\/\/www.oitaperunense.com.br\/site\/#\/schema\/person\/4a5b86c112157bc0a4492f4fd6b7939f","name":"Andr\u00e9","image":{"@type":"ImageObject","inLanguage":"pt-BR","@id":"https:\/\/www.oitaperunense.com.br\/site\/#\/schema\/person\/image\/","url":"https:\/\/secure.gravatar.com\/avatar\/7a7a912ec2c8cd6a390040b03329ee7a71bbd5f81ac3557b6a68208f263fc97b?s=96&d=mm&r=g","contentUrl":"https:\/\/secure.gravatar.com\/avatar\/7a7a912ec2c8cd6a390040b03329ee7a71bbd5f81ac3557b6a68208f263fc97b?s=96&d=mm&r=g","caption":"Andr\u00e9"},"url":"https:\/\/www.oitaperunense.com.br\/site\/author\/andre\/"}]}},"cc_featured_image_caption":{"caption_text":"","source_text":"","source_url":""},"_links":{"self":[{"href":"https:\/\/www.oitaperunense.com.br\/site\/wp-json\/wp\/v2\/posts\/392197","targetHints":{"allow":["GET"]}}],"collection":[{"href":"https:\/\/www.oitaperunense.com.br\/site\/wp-json\/wp\/v2\/posts"}],"about":[{"href":"https:\/\/www.oitaperunense.com.br\/site\/wp-json\/wp\/v2\/types\/post"}],"author":[{"embeddable":true,"href":"https:\/\/www.oitaperunense.com.br\/site\/wp-json\/wp\/v2\/users\/19"}],"replies":[{"embeddable":true,"href":"https:\/\/www.oitaperunense.com.br\/site\/wp-json\/wp\/v2\/comments?post=392197"}],"version-history":[{"count":2,"href":"https:\/\/www.oitaperunense.com.br\/site\/wp-json\/wp\/v2\/posts\/392197\/revisions"}],"predecessor-version":[{"id":392201,"href":"https:\/\/www.oitaperunense.com.br\/site\/wp-json\/wp\/v2\/posts\/392197\/revisions\/392201"}],"wp:featuredmedia":[{"embeddable":true,"href":"https:\/\/www.oitaperunense.com.br\/site\/wp-json\/wp\/v2\/media\/392198"}],"wp:attachment":[{"href":"https:\/\/www.oitaperunense.com.br\/site\/wp-json\/wp\/v2\/media?parent=392197"}],"wp:term":[{"taxonomy":"category","embeddable":true,"href":"https:\/\/www.oitaperunense.com.br\/site\/wp-json\/wp\/v2\/categories?post=392197"},{"taxonomy":"post_tag","embeddable":true,"href":"https:\/\/www.oitaperunense.com.br\/site\/wp-json\/wp\/v2\/tags?post=392197"}],"curies":[{"name":"wp","href":"https:\/\/api.w.org\/{rel}","templated":true}]}}