{"id":391726,"date":"2023-03-14T09:37:32","date_gmt":"2023-03-14T12:37:32","guid":{"rendered":"https:\/\/www.oitaperunense.com.br\/site\/?p=391726"},"modified":"2023-03-14T09:38:42","modified_gmt":"2023-03-14T12:38:42","slug":"detran-rj-divulga-calendario-de-licenciamento-de-veiculos-para-2023","status":"publish","type":"post","link":"https:\/\/www.oitaperunense.com.br\/site\/detran-rj-divulga-calendario-de-licenciamento-de-veiculos-para-2023\/","title":{"rendered":"Detran.RJ divulga calend\u00e1rio de licenciamento de ve\u00edculos para 2023"},"content":{"rendered":"<p style=\"text-align: center;\"><strong>O licenciamento \u00e9 100% digital, bastando pagar a Guia de Regulariza\u00e7\u00e3o de Taxas (GRT), que \u00e9 obtida pelo site do Detran ou do banco Bradesco<\/strong><\/p>\n<p style=\"text-align: justify;\">O Detran.RJ divulgou o calend\u00e1rio de licenciamento de ve\u00edculos para 2023. Conforme portaria publicada no Di\u00e1rio Oficial de segunda-feira (13), o cronograma ser\u00e1 dividido em quatro datas. Confira abaixo.<\/p>\n<p><!--more--><\/p>\n<p style=\"text-align: justify;\">&#8211; Final de placa 0, 1 e 2 =&gt; At\u00e9 31\/5\/2023<\/p>\n<p style=\"text-align: justify;\">&#8211; Final de placa 3, 4 e 5 =&gt; At\u00e9 30\/6\/2023<\/p>\n<p style=\"text-align: justify;\">&#8211; Final de placa 6 e 7 =&gt; At\u00e9 31\/7\/2023<\/p>\n<p style=\"text-align: justify;\">&#8211; Final de placa 8 e 9 =&gt; At\u00e9 31\/8\/2023<\/p>\n<p style=\"text-align: justify;\">O licenciamento \u00e9 100% digital. Basta pagar a Guia de Regulariza\u00e7\u00e3o de Taxas (GRT), obtida por meio do site do Detran (<a href=\"http:\/\/www.detran.rj.gov.br\/\" target=\"_blank\" rel=\"noopener\">www.detran.rj.gov.br<\/a>) ou do Bradesco (<a href=\"http:\/\/www.bradesco.com.br\/\" target=\"_blank\" rel=\"noopener\">www.bradesco.com.br<\/a>). Por determina\u00e7\u00e3o do governo federal, a taxa DPVAT, referente ao licenciamento de 2023, n\u00e3o est\u00e1 sendo cobrada.<\/p>\n<p>Ap\u00f3s a compensa\u00e7\u00e3o das taxas, o usu\u00e1rio est\u00e1 apto para usar o documento digital, chamado de CRLV-e. O acesso pode ser feito pelo Posto Digital Detran.RJ (no site&nbsp;<a href=\"http:\/\/detran.rj.gov.br\/\" target=\"_blank\" rel=\"noopener\">detran.rj.gov.br<\/a>), pelo aplicativo Carteira Digital de Tr\u00e2nsito (CDT) ou pelo portal da Secretaria Nacional de Tr\u00e2nsito (Senatran). O primeiro passo \u00e9 se registrar no&nbsp;<a href=\"http:\/\/gov.br\/\" target=\"_blank\" rel=\"noopener\">gov.br<\/a>&nbsp;&#8211; portal do governo federal para documenta\u00e7\u00e3o em geral. Neles, o motorista tamb\u00e9m pode baixar a CNH digital, v\u00e1lida em todo o territ\u00f3rio nacional.<\/p>\n<p style=\"text-align: justify;\">Quem preferir pode solicitar a impress\u00e3o do CRLV-e em papel A4 em um posto de vistoria do Detran.RJ.&nbsp;&nbsp;<\/p>\n<p style=\"text-align: justify;\">Confira o passo a passo para obter o documento 2023:<\/p>\n<p style=\"text-align: justify;\">Pessoa F\u00edsica&nbsp;\u2013 Pelo aplicativo Carteira Digital de Tr\u00e2nsito (CDT)<\/p>\n<p style=\"text-align: justify;\">1. Instale o app CDT \u2013 Carteira Digital de Tr\u00e2nsito no seu celular<\/p>\n<p style=\"text-align: justify;\">2. Cadastre o usu\u00e1rio<\/p>\n<p>&#8211; Uma vez instalado o app, abra e selecione: &#8216;Entrar com&nbsp;<a href=\"http:\/\/gov.br\/\" target=\"_blank\" rel=\"noopener\">gov.br<\/a>&#8216;<\/p>\n<p>&#8211; Na tela seguinte, informe CPF e selecione &#8216;Pr\u00f3xima&#8217;<\/p>\n<p>&#8211; Na pr\u00f3xima tela, crie uma conta e, ap\u00f3s cri\u00e1-la, retorne ao aplicativo e clique em &#8216;Entrar com&nbsp;<a href=\"http:\/\/gov.br\/\" target=\"_blank\" rel=\"noopener\">gov.br<\/a>&#8216;.<\/p>\n<p style=\"text-align: justify;\">3. Baixe o CRLV digital<\/p>\n<p style=\"text-align: justify;\">&#8211; Fa\u00e7a o login<\/p>\n<p style=\"text-align: justify;\">&#8211; Selecione &#8216;Ve\u00edculos&#8217;<\/p>\n<p style=\"text-align: justify;\">&#8211; Informe o n\u00famero do Renavam e o N\u00famero de seguran\u00e7a do CRV (\u00e9 o antigo DUT, com 11 caracteres)<\/p>\n<p style=\"text-align: justify;\">&#8211; Selecione &#8216;Incluir&#8217; e estar\u00e1 pronto o seu CRLV digital<\/p>\n<p style=\"text-align: justify;\">Pessoa F\u00edsica&nbsp;\u2013 Pelo Posto Digital Detran.RJ<\/p>\n<p style=\"text-align: justify;\">1. Entre no site do Detran.RJ (<a href=\"http:\/\/www.detran.rj.gov.br\/\" target=\"_blank\" rel=\"noopener\">www.detran.rj.gov.br<\/a>) e clique na aba Posto Digital na barra superior<\/p>\n<p>2. Clique em &#8216;Acessar o Portal&#8217; via&nbsp;<a href=\"http:\/\/gov.br\/\" target=\"_blank\" rel=\"noopener\">gov.br<\/a>; nas telas seguintes informe CPF e senha<\/p>\n<p style=\"text-align: justify;\">3. No Posto Digital, clique na aba &#8216;Ve\u00edculos&#8217;<\/p>\n<p style=\"text-align: justify;\">4. Selecione o ve\u00edculo a ser consultado<\/p>\n<p style=\"text-align: justify;\">5. Na aba Documentos Digitais, clique em &#8216;Emitir CRLVe&#8217;<\/p>\n<p style=\"text-align: justify;\">6. Imprima o documento digital em papel A4 ou salve em PDF para us\u00e1-lo no celular, no notebook ou em outras plataformas.<\/p>\n<p style=\"text-align: justify;\">Pessoa Jur\u00eddica&nbsp;<\/p>\n<p style=\"text-align: justify;\">Pelo menu &#8216;Meus ve\u00edculos&#8217; no Portal de Servi\u00e7os da Senatran (Secretaria Nacional de Tr\u00e2nsito)<\/p>\n<p style=\"text-align: justify;\">Requisitos: Certificado Digital ICP-Brasil (A1 ou A3) emitido em nome da pessoa jur\u00eddica propriet\u00e1ria do ve\u00edculo.<br \/>\n1. Acesse o Portal de Servi\u00e7os da Senatran<\/p>\n<p style=\"text-align: justify;\">2. Clique em &#8216;Entrar com&nbsp;<a href=\"http:\/\/gov.br\/\" target=\"_blank\" rel=\"noopener\">gov.br<\/a>&#8216;, depois selecione &#8220;Certificado digital&#8217;<\/p>\n<p style=\"text-align: justify;\">3. Na tela inicial clique em &#8216;Meus Ve\u00edculos&#8217;<\/p>\n<p style=\"text-align: justify;\">4. Na sequ\u00eancia ser\u00e3o exibidos os ve\u00edculos registrados em nome da pessoa jur\u00eddica<\/p>\n<p style=\"text-align: justify;\">5. Clique sobre o ve\u00edculo desejado, em seguida baixe o CRLV nos formatos &#8216;pdf&#8217; ou &#8216;p7s&#8217;<\/p>\n<p style=\"text-align: justify;\">6. O documento ser\u00e1 baixado e voc\u00ea poder\u00e1 imprimir em folha A4.<\/p>\n<p><strong> (Foto: Divulga\u00e7\u00e3o)<\/strong><\/p>\n","protected":false},"excerpt":{"rendered":"<p>O licenciamento \u00e9 100% digital, bastando pagar a Guia de Regulariza\u00e7\u00e3o de Taxas (GRT), que \u00e9 obtida pelo site do Detran ou do banco Bradesco O Detran.RJ divulgou o calend\u00e1rio de licenciamento de ve\u00edculos para 2023. Conforme portaria publicada no Di\u00e1rio Oficial de segunda-feira (13), o cronograma ser\u00e1 dividido em quatro datas. Confira abaixo.<\/p>\n","protected":false},"author":19,"featured_media":391728,"comment_status":"open","ping_status":"closed","sticky":false,"template":"","format":"standard","meta":{"ngg_post_thumbnail":0,"footnotes":""},"categories":[1],"tags":[],"class_list":["post-391726","post","type-post","status-publish","format-standard","has-post-thumbnail","hentry","category-bairros"],"yoast_head":"<!-- This site is optimized with the Yoast SEO plugin v20.11 - https:\/\/yoast.com\/wordpress\/plugins\/seo\/ -->\n<title>Detran.RJ divulga calend\u00e1rio de licenciamento de ve\u00edculos para 2023 - O Itaperunense<\/title>\n<meta name=\"robots\" content=\"index, follow, max-snippet:-1, max-image-preview:large, max-video-preview:-1\" \/>\n<link rel=\"canonical\" href=\"https:\/\/www.oitaperunense.com.br\/site\/detran-rj-divulga-calendario-de-licenciamento-de-veiculos-para-2023\/\" \/>\n<meta property=\"og:locale\" content=\"pt_BR\" \/>\n<meta property=\"og:type\" content=\"article\" \/>\n<meta property=\"og:title\" content=\"Detran.RJ divulga calend\u00e1rio de licenciamento de ve\u00edculos para 2023 - O Itaperunense\" \/>\n<meta property=\"og:description\" content=\"O licenciamento \u00e9 100% digital, bastando pagar a Guia de Regulariza\u00e7\u00e3o de Taxas (GRT), que \u00e9 obtida pelo site do Detran ou do banco Bradesco O Detran.RJ divulgou o calend\u00e1rio de licenciamento de ve\u00edculos para 2023. Conforme portaria publicada no Di\u00e1rio Oficial de segunda-feira (13), o cronograma ser\u00e1 dividido em quatro datas. Confira abaixo.\" \/>\n<meta property=\"og:url\" content=\"https:\/\/www.oitaperunense.com.br\/site\/detran-rj-divulga-calendario-de-licenciamento-de-veiculos-para-2023\/\" \/>\n<meta property=\"og:site_name\" content=\"O Itaperunense\" \/>\n<meta property=\"article:publisher\" content=\"https:\/\/www.facebook.com\/jornaloitaperunense\" \/>\n<meta property=\"article:published_time\" content=\"2023-03-14T12:37:32+00:00\" \/>\n<meta property=\"article:modified_time\" content=\"2023-03-14T12:38:42+00:00\" \/>\n<meta property=\"og:image\" content=\"https:\/\/www.oitaperunense.com.br\/site\/wp-content\/uploads\/2023\/03\/angu.jpg\" \/>\n\t<meta property=\"og:image:width\" content=\"700\" \/>\n\t<meta property=\"og:image:height\" content=\"392\" \/>\n\t<meta property=\"og:image:type\" content=\"image\/jpeg\" \/>\n<meta name=\"author\" content=\"Andr\u00e9\" \/>\n<meta name=\"twitter:card\" content=\"summary_large_image\" \/>\n<meta name=\"twitter:label1\" content=\"Escrito por\" \/>\n\t<meta name=\"twitter:data1\" content=\"Andr\u00e9\" \/>\n\t<meta name=\"twitter:label2\" content=\"Est. tempo de leitura\" \/>\n\t<meta name=\"twitter:data2\" content=\"3 minutos\" \/>\n<script type=\"application\/ld+json\" class=\"yoast-schema-graph\">{\"@context\":\"https:\/\/schema.org\",\"@graph\":[{\"@type\":\"WebPage\",\"@id\":\"https:\/\/www.oitaperunense.com.br\/site\/detran-rj-divulga-calendario-de-licenciamento-de-veiculos-para-2023\/\",\"url\":\"https:\/\/www.oitaperunense.com.br\/site\/detran-rj-divulga-calendario-de-licenciamento-de-veiculos-para-2023\/\",\"name\":\"Detran.RJ divulga calend\u00e1rio de licenciamento de ve\u00edculos para 2023 - O Itaperunense\",\"isPartOf\":{\"@id\":\"https:\/\/www.oitaperunense.com.br\/site\/#website\"},\"datePublished\":\"2023-03-14T12:37:32+00:00\",\"dateModified\":\"2023-03-14T12:38:42+00:00\",\"author\":{\"@id\":\"https:\/\/www.oitaperunense.com.br\/site\/#\/schema\/person\/4a5b86c112157bc0a4492f4fd6b7939f\"},\"breadcrumb\":{\"@id\":\"https:\/\/www.oitaperunense.com.br\/site\/detran-rj-divulga-calendario-de-licenciamento-de-veiculos-para-2023\/#breadcrumb\"},\"inLanguage\":\"pt-BR\",\"potentialAction\":[{\"@type\":\"ReadAction\",\"target\":[\"https:\/\/www.oitaperunense.com.br\/site\/detran-rj-divulga-calendario-de-licenciamento-de-veiculos-para-2023\/\"]}]},{\"@type\":\"BreadcrumbList\",\"@id\":\"https:\/\/www.oitaperunense.com.br\/site\/detran-rj-divulga-calendario-de-licenciamento-de-veiculos-para-2023\/#breadcrumb\",\"itemListElement\":[{\"@type\":\"ListItem\",\"position\":1,\"name\":\"Home\",\"item\":\"https:\/\/www.oitaperunense.com.br\/site\/\"},{\"@type\":\"ListItem\",\"position\":2,\"name\":\"Detran.RJ divulga calend\u00e1rio de licenciamento de ve\u00edculos para 2023\"}]},{\"@type\":\"WebSite\",\"@id\":\"https:\/\/www.oitaperunense.com.br\/site\/#website\",\"url\":\"https:\/\/www.oitaperunense.com.br\/site\/\",\"name\":\"O Itaperunense\",\"description\":\"\",\"potentialAction\":[{\"@type\":\"SearchAction\",\"target\":{\"@type\":\"EntryPoint\",\"urlTemplate\":\"https:\/\/www.oitaperunense.com.br\/site\/?s={search_term_string}\"},\"query-input\":\"required name=search_term_string\"}],\"inLanguage\":\"pt-BR\"},{\"@type\":\"Person\",\"@id\":\"https:\/\/www.oitaperunense.com.br\/site\/#\/schema\/person\/4a5b86c112157bc0a4492f4fd6b7939f\",\"name\":\"Andr\u00e9\",\"image\":{\"@type\":\"ImageObject\",\"inLanguage\":\"pt-BR\",\"@id\":\"https:\/\/www.oitaperunense.com.br\/site\/#\/schema\/person\/image\/\",\"url\":\"https:\/\/secure.gravatar.com\/avatar\/7a7a912ec2c8cd6a390040b03329ee7a71bbd5f81ac3557b6a68208f263fc97b?s=96&d=mm&r=g\",\"contentUrl\":\"https:\/\/secure.gravatar.com\/avatar\/7a7a912ec2c8cd6a390040b03329ee7a71bbd5f81ac3557b6a68208f263fc97b?s=96&d=mm&r=g\",\"caption\":\"Andr\u00e9\"},\"url\":\"https:\/\/www.oitaperunense.com.br\/site\/author\/andre\/\"}]}<\/script>\n<!-- \/ Yoast SEO plugin. -->","yoast_head_json":{"title":"Detran.RJ divulga calend\u00e1rio de licenciamento de ve\u00edculos para 2023 - O Itaperunense","robots":{"index":"index","follow":"follow","max-snippet":"max-snippet:-1","max-image-preview":"max-image-preview:large","max-video-preview":"max-video-preview:-1"},"canonical":"https:\/\/www.oitaperunense.com.br\/site\/detran-rj-divulga-calendario-de-licenciamento-de-veiculos-para-2023\/","og_locale":"pt_BR","og_type":"article","og_title":"Detran.RJ divulga calend\u00e1rio de licenciamento de ve\u00edculos para 2023 - O Itaperunense","og_description":"O licenciamento \u00e9 100% digital, bastando pagar a Guia de Regulariza\u00e7\u00e3o de Taxas (GRT), que \u00e9 obtida pelo site do Detran ou do banco Bradesco O Detran.RJ divulgou o calend\u00e1rio de licenciamento de ve\u00edculos para 2023. Conforme portaria publicada no Di\u00e1rio Oficial de segunda-feira (13), o cronograma ser\u00e1 dividido em quatro datas. Confira abaixo.","og_url":"https:\/\/www.oitaperunense.com.br\/site\/detran-rj-divulga-calendario-de-licenciamento-de-veiculos-para-2023\/","og_site_name":"O Itaperunense","article_publisher":"https:\/\/www.facebook.com\/jornaloitaperunense","article_published_time":"2023-03-14T12:37:32+00:00","article_modified_time":"2023-03-14T12:38:42+00:00","og_image":[{"width":700,"height":392,"url":"https:\/\/www.oitaperunense.com.br\/site\/wp-content\/uploads\/2023\/03\/angu.jpg","type":"image\/jpeg"}],"author":"Andr\u00e9","twitter_card":"summary_large_image","twitter_misc":{"Escrito por":"Andr\u00e9","Est. tempo de leitura":"3 minutos"},"schema":{"@context":"https:\/\/schema.org","@graph":[{"@type":"WebPage","@id":"https:\/\/www.oitaperunense.com.br\/site\/detran-rj-divulga-calendario-de-licenciamento-de-veiculos-para-2023\/","url":"https:\/\/www.oitaperunense.com.br\/site\/detran-rj-divulga-calendario-de-licenciamento-de-veiculos-para-2023\/","name":"Detran.RJ divulga calend\u00e1rio de licenciamento de ve\u00edculos para 2023 - O Itaperunense","isPartOf":{"@id":"https:\/\/www.oitaperunense.com.br\/site\/#website"},"datePublished":"2023-03-14T12:37:32+00:00","dateModified":"2023-03-14T12:38:42+00:00","author":{"@id":"https:\/\/www.oitaperunense.com.br\/site\/#\/schema\/person\/4a5b86c112157bc0a4492f4fd6b7939f"},"breadcrumb":{"@id":"https:\/\/www.oitaperunense.com.br\/site\/detran-rj-divulga-calendario-de-licenciamento-de-veiculos-para-2023\/#breadcrumb"},"inLanguage":"pt-BR","potentialAction":[{"@type":"ReadAction","target":["https:\/\/www.oitaperunense.com.br\/site\/detran-rj-divulga-calendario-de-licenciamento-de-veiculos-para-2023\/"]}]},{"@type":"BreadcrumbList","@id":"https:\/\/www.oitaperunense.com.br\/site\/detran-rj-divulga-calendario-de-licenciamento-de-veiculos-para-2023\/#breadcrumb","itemListElement":[{"@type":"ListItem","position":1,"name":"Home","item":"https:\/\/www.oitaperunense.com.br\/site\/"},{"@type":"ListItem","position":2,"name":"Detran.RJ divulga calend\u00e1rio de licenciamento de ve\u00edculos para 2023"}]},{"@type":"WebSite","@id":"https:\/\/www.oitaperunense.com.br\/site\/#website","url":"https:\/\/www.oitaperunense.com.br\/site\/","name":"O Itaperunense","description":"","potentialAction":[{"@type":"SearchAction","target":{"@type":"EntryPoint","urlTemplate":"https:\/\/www.oitaperunense.com.br\/site\/?s={search_term_string}"},"query-input":"required name=search_term_string"}],"inLanguage":"pt-BR"},{"@type":"Person","@id":"https:\/\/www.oitaperunense.com.br\/site\/#\/schema\/person\/4a5b86c112157bc0a4492f4fd6b7939f","name":"Andr\u00e9","image":{"@type":"ImageObject","inLanguage":"pt-BR","@id":"https:\/\/www.oitaperunense.com.br\/site\/#\/schema\/person\/image\/","url":"https:\/\/secure.gravatar.com\/avatar\/7a7a912ec2c8cd6a390040b03329ee7a71bbd5f81ac3557b6a68208f263fc97b?s=96&d=mm&r=g","contentUrl":"https:\/\/secure.gravatar.com\/avatar\/7a7a912ec2c8cd6a390040b03329ee7a71bbd5f81ac3557b6a68208f263fc97b?s=96&d=mm&r=g","caption":"Andr\u00e9"},"url":"https:\/\/www.oitaperunense.com.br\/site\/author\/andre\/"}]}},"cc_featured_image_caption":{"caption_text":"","source_text":"","source_url":""},"_links":{"self":[{"href":"https:\/\/www.oitaperunense.com.br\/site\/wp-json\/wp\/v2\/posts\/391726","targetHints":{"allow":["GET"]}}],"collection":[{"href":"https:\/\/www.oitaperunense.com.br\/site\/wp-json\/wp\/v2\/posts"}],"about":[{"href":"https:\/\/www.oitaperunense.com.br\/site\/wp-json\/wp\/v2\/types\/post"}],"author":[{"embeddable":true,"href":"https:\/\/www.oitaperunense.com.br\/site\/wp-json\/wp\/v2\/users\/19"}],"replies":[{"embeddable":true,"href":"https:\/\/www.oitaperunense.com.br\/site\/wp-json\/wp\/v2\/comments?post=391726"}],"version-history":[{"count":4,"href":"https:\/\/www.oitaperunense.com.br\/site\/wp-json\/wp\/v2\/posts\/391726\/revisions"}],"predecessor-version":[{"id":391732,"href":"https:\/\/www.oitaperunense.com.br\/site\/wp-json\/wp\/v2\/posts\/391726\/revisions\/391732"}],"wp:featuredmedia":[{"embeddable":true,"href":"https:\/\/www.oitaperunense.com.br\/site\/wp-json\/wp\/v2\/media\/391728"}],"wp:attachment":[{"href":"https:\/\/www.oitaperunense.com.br\/site\/wp-json\/wp\/v2\/media?parent=391726"}],"wp:term":[{"taxonomy":"category","embeddable":true,"href":"https:\/\/www.oitaperunense.com.br\/site\/wp-json\/wp\/v2\/categories?post=391726"},{"taxonomy":"post_tag","embeddable":true,"href":"https:\/\/www.oitaperunense.com.br\/site\/wp-json\/wp\/v2\/tags?post=391726"}],"curies":[{"name":"wp","href":"https:\/\/api.w.org\/{rel}","templated":true}]}}