{"id":388151,"date":"2022-01-31T10:33:08","date_gmt":"2022-01-31T13:33:08","guid":{"rendered":"http:\/\/www.oitaperunense.com.br\/site\/?p=388151"},"modified":"2022-01-31T10:33:08","modified_gmt":"2022-01-31T13:33:08","slug":"enel-abre-100-vagas-de-estagio-em-quatro-estados-brasileiros","status":"publish","type":"post","link":"https:\/\/www.oitaperunense.com.br\/site\/enel-abre-100-vagas-de-estagio-em-quatro-estados-brasileiros\/","title":{"rendered":"Enel abre 100 vagas de est\u00e1gio em quatro estados brasileiros"},"content":{"rendered":"<div class=\"mc-column content-text active-extra-styles active-capital-letter\" data-block-type=\"unstyled\" data-block-weight=\"44\" data-block-id=\"1\">\n<p class=\"content-text__container theme-color-primary-first-letter\" style=\"text-align: justify;\" data-track-category=\"Link no Texto\" data-track-links=\"\">A Enel Brasil, um dos maiores grupos privados do setor de energia do pa\u00eds, abriu inscri\u00e7\u00f5es para 100 vagas de seu&nbsp;<a href=\"https:\/\/www.enel.com.br\/pt\/quemsomos\/programa-de-estagio.html\" target=\"_blank\" rel=\"noopener\">Programa de Est\u00e1gio 2022<\/a> nos estados de S\u00e3o Paulo, Rio de Janeiro, Goi\u00e1s e Cear\u00e1. Ser\u00e3o 46 vagas para o Rio de Janeiro. Podem se candidatar jovens que estejam h\u00e1 dois anos de forma\u00e7\u00e3o do ensino superior ou um ano de forma\u00e7\u00e3o do n\u00edvel t\u00e9cnico das seguintes \u00e1reas de estudo: Engenharias, Administra\u00e7\u00e3o, Ci\u00eancias Cont\u00e1beis, An\u00e1lise de Sistemas, Direito e Economia.<\/p>\n<\/div>\n<p><!--more--><\/p>\n<div class=\"wall protected-content\">\n<div class=\"mc-column content-text active-extra-styles \" style=\"text-align: justify;\" data-block-type=\"unstyled\" data-block-weight=\"27\" data-block-id=\"3\">\n<p class=\"content-text__container \" data-track-category=\"Link no Texto\" data-track-links=\"\">As inscri\u00e7\u00f5es podem ser feitas&nbsp;<a href=\"https:\/\/app.jobconvo.com\/pt-br\/careers\/enel\/64026924-8d01-4c66-b2ed-feb4ec57abb1\/\" target=\"_blank\" rel=\"noopener\">at\u00e9 o dia 1\u00b0 de mar\u00e7o pela internet<\/a>. Os selecionados come\u00e7ar\u00e3o a trabalhar em abril, em modelo h\u00edbrido &#8211; online e presencial.<\/p>\n<\/div>\n<div class=\"mc-column content-text active-extra-styles \" style=\"text-align: justify;\" data-block-type=\"unstyled\" data-block-weight=\"52\" data-block-id=\"4\">\n<p class=\"content-text__container \" data-track-category=\"Link no Texto\" data-track-links=\"\">Segundo a companhia, a diversidade \u00e9 um tema muito importante, por isso, parte das vagas ser\u00e1 direcionada para candidatos negros e com defici\u00eancia. A companhia acredita que diferentes hist\u00f3rias, habilidades e vis\u00f5es de mundo, encontradas na diversidade de pessoas, ajudam a construir uma melhor experi\u00eancia para os clientes e diferentes p\u00fablicos.<\/p>\n<\/div>\n<div class=\"mc-column content-text active-extra-styles \" style=\"text-align: justify;\" data-block-type=\"unstyled\" data-block-weight=\"53\" data-block-id=\"5\">\n<p class=\"content-text__container \" data-track-category=\"Link no Texto\" data-track-links=\"\">&#8220;O que tem valor para as pessoas gera valor ao neg\u00f3cio. Por isso \u00e9 importante construirmos um ambiente de trabalho cada vez mais diverso, n\u00e3o s\u00f3 como responsabilidade \u00e9tica e social, mas como uma ferramenta de inova\u00e7\u00e3o e atra\u00e7\u00e3o de talentos\u201d, afirma o diretor de Pessoas e Organiza\u00e7\u00e3o da Enel Brasil, Alain Rosolino.<\/p>\n<\/div>\n<div class=\"mc-column content-text active-extra-styles \" style=\"text-align: justify;\" data-block-type=\"unstyled\" data-block-weight=\"69\" data-block-id=\"7\">\n<p class=\"content-text__container \" data-track-category=\"Link no Texto\" data-track-links=\"\">Os candidatos devem ter disponibilidade para estagiar por seis horas por dia. As etapas do processo seletivo ser\u00e3o todas online com din\u00e2mica em grupo e entrevistas individuais. Al\u00e9m disso, vale destacar que a empresa oferece bolsa-aux\u00edlio compat\u00edvel com o mercado; aux\u00edlio transporte; vale alimenta\u00e7\u00e3o\/ refei\u00e7\u00e3o; Gympass (plataforma corporativa de atividade f\u00edsica); cursos no eDucation (plataforma online de treinamento); curso de idioma (ingl\u00eas, italiano ou espanhol); e folga de anivers\u00e1rio.<\/p>\n<\/div>\n<div class=\"mc-column content-text active-extra-styles \" style=\"text-align: justify;\" data-block-type=\"unstyled\" data-block-weight=\"80\" data-block-id=\"8\">\n<p class=\"content-text__container \" data-track-category=\"Link no Texto\" data-track-links=\"\">A partir deste ano, o plano de desenvolvimento dos estagi\u00e1rios tamb\u00e9m passa a contar com uma a\u00e7\u00e3o de rotatividade entre \u00e1reas da empresa ap\u00f3s o primeiro ano de atua\u00e7\u00e3o, para que o estagi\u00e1rio possa ampliar sua experi\u00eancia de aprendizado dentro da organiza\u00e7\u00e3o. Ao t\u00e9rmino do programa, que tem dura\u00e7\u00e3o de um ano e meio a dois anos, a inten\u00e7\u00e3o \u00e9 que os estagi\u00e1rios estejam aptos a participarem de processos seletivos das posi\u00e7\u00f5es de t\u00e9cnico ou analista jr da companhia.<\/p>\n<\/div>\n<div class=\"mc-column content-text active-extra-styles \" data-block-type=\"unstyled\" data-block-weight=\"54\" data-block-id=\"9\">\n<p class=\"content-text__container \" style=\"text-align: justify;\" data-track-category=\"Link no Texto\" data-track-links=\"\">\u201cO Programa de Est\u00e1gio da Enel tem o objetivo de inspirar, desenvolver e formar futuros profissionais que, desde o in\u00edcio, vivenciam a miss\u00e3o Open Power da companhia, que \u00e9 abrir o acesso \u00e0 energia a mais pessoas e contribuir para um setor que est\u00e1 em um importante momento de mudan\u00e7as e evolu\u00e7\u00e3o\u201d, finaliza Alain.<\/p>\n<\/div>\n<\/div>\n","protected":false},"excerpt":{"rendered":"<p>A Enel Brasil, um dos maiores grupos privados do setor de energia do pa\u00eds, abriu inscri\u00e7\u00f5es para 100 vagas de seu&nbsp;Programa de Est\u00e1gio 2022 nos estados de S\u00e3o Paulo, Rio de Janeiro, Goi\u00e1s e Cear\u00e1. Ser\u00e3o 46 vagas para o Rio de Janeiro. Podem se candidatar jovens que estejam h\u00e1 dois anos de forma\u00e7\u00e3o do [&hellip;]<\/p>\n","protected":false},"author":19,"featured_media":388152,"comment_status":"open","ping_status":"closed","sticky":false,"template":"","format":"standard","meta":{"ngg_post_thumbnail":0,"footnotes":""},"categories":[78],"tags":[],"class_list":["post-388151","post","type-post","status-publish","format-standard","has-post-thumbnail","hentry","category-rj"],"yoast_head":"<!-- This site is optimized with the Yoast SEO plugin v20.11 - https:\/\/yoast.com\/wordpress\/plugins\/seo\/ -->\n<title>Enel abre 100 vagas de est\u00e1gio em quatro estados brasileiros - O Itaperunense<\/title>\n<meta name=\"robots\" content=\"index, follow, max-snippet:-1, max-image-preview:large, max-video-preview:-1\" \/>\n<link rel=\"canonical\" href=\"https:\/\/www.oitaperunense.com.br\/site\/enel-abre-100-vagas-de-estagio-em-quatro-estados-brasileiros\/\" \/>\n<meta property=\"og:locale\" content=\"pt_BR\" \/>\n<meta property=\"og:type\" content=\"article\" \/>\n<meta property=\"og:title\" content=\"Enel abre 100 vagas de est\u00e1gio em quatro estados brasileiros - O Itaperunense\" \/>\n<meta property=\"og:description\" content=\"A Enel Brasil, um dos maiores grupos privados do setor de energia do pa\u00eds, abriu inscri\u00e7\u00f5es para 100 vagas de seu&nbsp;Programa de Est\u00e1gio 2022 nos estados de S\u00e3o Paulo, Rio de Janeiro, Goi\u00e1s e Cear\u00e1. Ser\u00e3o 46 vagas para o Rio de Janeiro. Podem se candidatar jovens que estejam h\u00e1 dois anos de forma\u00e7\u00e3o do [&hellip;]\" \/>\n<meta property=\"og:url\" content=\"https:\/\/www.oitaperunense.com.br\/site\/enel-abre-100-vagas-de-estagio-em-quatro-estados-brasileiros\/\" \/>\n<meta property=\"og:site_name\" content=\"O Itaperunense\" \/>\n<meta property=\"article:publisher\" content=\"https:\/\/www.facebook.com\/jornaloitaperunense\" \/>\n<meta property=\"article:published_time\" content=\"2022-01-31T13:33:08+00:00\" \/>\n<meta property=\"og:image\" content=\"https:\/\/www.oitaperunense.com.br\/site\/wp-content\/uploads\/2022\/01\/enel.jpg\" \/>\n\t<meta property=\"og:image:width\" content=\"700\" \/>\n\t<meta property=\"og:image:height\" content=\"372\" \/>\n\t<meta property=\"og:image:type\" content=\"image\/jpeg\" \/>\n<meta name=\"author\" content=\"Andr\u00e9\" \/>\n<meta name=\"twitter:card\" content=\"summary_large_image\" \/>\n<meta name=\"twitter:label1\" content=\"Escrito por\" \/>\n\t<meta name=\"twitter:data1\" content=\"Andr\u00e9\" \/>\n\t<meta name=\"twitter:label2\" content=\"Est. tempo de leitura\" \/>\n\t<meta name=\"twitter:data2\" content=\"2 minutos\" \/>\n<script type=\"application\/ld+json\" class=\"yoast-schema-graph\">{\"@context\":\"https:\/\/schema.org\",\"@graph\":[{\"@type\":\"WebPage\",\"@id\":\"https:\/\/www.oitaperunense.com.br\/site\/enel-abre-100-vagas-de-estagio-em-quatro-estados-brasileiros\/\",\"url\":\"https:\/\/www.oitaperunense.com.br\/site\/enel-abre-100-vagas-de-estagio-em-quatro-estados-brasileiros\/\",\"name\":\"Enel abre 100 vagas de est\u00e1gio em quatro estados brasileiros - O Itaperunense\",\"isPartOf\":{\"@id\":\"https:\/\/www.oitaperunense.com.br\/site\/#website\"},\"datePublished\":\"2022-01-31T13:33:08+00:00\",\"dateModified\":\"2022-01-31T13:33:08+00:00\",\"author\":{\"@id\":\"https:\/\/www.oitaperunense.com.br\/site\/#\/schema\/person\/4a5b86c112157bc0a4492f4fd6b7939f\"},\"breadcrumb\":{\"@id\":\"https:\/\/www.oitaperunense.com.br\/site\/enel-abre-100-vagas-de-estagio-em-quatro-estados-brasileiros\/#breadcrumb\"},\"inLanguage\":\"pt-BR\",\"potentialAction\":[{\"@type\":\"ReadAction\",\"target\":[\"https:\/\/www.oitaperunense.com.br\/site\/enel-abre-100-vagas-de-estagio-em-quatro-estados-brasileiros\/\"]}]},{\"@type\":\"BreadcrumbList\",\"@id\":\"https:\/\/www.oitaperunense.com.br\/site\/enel-abre-100-vagas-de-estagio-em-quatro-estados-brasileiros\/#breadcrumb\",\"itemListElement\":[{\"@type\":\"ListItem\",\"position\":1,\"name\":\"Home\",\"item\":\"https:\/\/www.oitaperunense.com.br\/site\/\"},{\"@type\":\"ListItem\",\"position\":2,\"name\":\"Enel abre 100 vagas de est\u00e1gio em quatro estados brasileiros\"}]},{\"@type\":\"WebSite\",\"@id\":\"https:\/\/www.oitaperunense.com.br\/site\/#website\",\"url\":\"https:\/\/www.oitaperunense.com.br\/site\/\",\"name\":\"O Itaperunense\",\"description\":\"\",\"potentialAction\":[{\"@type\":\"SearchAction\",\"target\":{\"@type\":\"EntryPoint\",\"urlTemplate\":\"https:\/\/www.oitaperunense.com.br\/site\/?s={search_term_string}\"},\"query-input\":\"required name=search_term_string\"}],\"inLanguage\":\"pt-BR\"},{\"@type\":\"Person\",\"@id\":\"https:\/\/www.oitaperunense.com.br\/site\/#\/schema\/person\/4a5b86c112157bc0a4492f4fd6b7939f\",\"name\":\"Andr\u00e9\",\"image\":{\"@type\":\"ImageObject\",\"inLanguage\":\"pt-BR\",\"@id\":\"https:\/\/www.oitaperunense.com.br\/site\/#\/schema\/person\/image\/\",\"url\":\"https:\/\/secure.gravatar.com\/avatar\/7a7a912ec2c8cd6a390040b03329ee7a71bbd5f81ac3557b6a68208f263fc97b?s=96&d=mm&r=g\",\"contentUrl\":\"https:\/\/secure.gravatar.com\/avatar\/7a7a912ec2c8cd6a390040b03329ee7a71bbd5f81ac3557b6a68208f263fc97b?s=96&d=mm&r=g\",\"caption\":\"Andr\u00e9\"},\"url\":\"https:\/\/www.oitaperunense.com.br\/site\/author\/andre\/\"}]}<\/script>\n<!-- \/ Yoast SEO plugin. -->","yoast_head_json":{"title":"Enel abre 100 vagas de est\u00e1gio em quatro estados brasileiros - O Itaperunense","robots":{"index":"index","follow":"follow","max-snippet":"max-snippet:-1","max-image-preview":"max-image-preview:large","max-video-preview":"max-video-preview:-1"},"canonical":"https:\/\/www.oitaperunense.com.br\/site\/enel-abre-100-vagas-de-estagio-em-quatro-estados-brasileiros\/","og_locale":"pt_BR","og_type":"article","og_title":"Enel abre 100 vagas de est\u00e1gio em quatro estados brasileiros - O Itaperunense","og_description":"A Enel Brasil, um dos maiores grupos privados do setor de energia do pa\u00eds, abriu inscri\u00e7\u00f5es para 100 vagas de seu&nbsp;Programa de Est\u00e1gio 2022 nos estados de S\u00e3o Paulo, Rio de Janeiro, Goi\u00e1s e Cear\u00e1. Ser\u00e3o 46 vagas para o Rio de Janeiro. Podem se candidatar jovens que estejam h\u00e1 dois anos de forma\u00e7\u00e3o do [&hellip;]","og_url":"https:\/\/www.oitaperunense.com.br\/site\/enel-abre-100-vagas-de-estagio-em-quatro-estados-brasileiros\/","og_site_name":"O Itaperunense","article_publisher":"https:\/\/www.facebook.com\/jornaloitaperunense","article_published_time":"2022-01-31T13:33:08+00:00","og_image":[{"width":700,"height":372,"url":"https:\/\/www.oitaperunense.com.br\/site\/wp-content\/uploads\/2022\/01\/enel.jpg","type":"image\/jpeg"}],"author":"Andr\u00e9","twitter_card":"summary_large_image","twitter_misc":{"Escrito por":"Andr\u00e9","Est. tempo de leitura":"2 minutos"},"schema":{"@context":"https:\/\/schema.org","@graph":[{"@type":"WebPage","@id":"https:\/\/www.oitaperunense.com.br\/site\/enel-abre-100-vagas-de-estagio-em-quatro-estados-brasileiros\/","url":"https:\/\/www.oitaperunense.com.br\/site\/enel-abre-100-vagas-de-estagio-em-quatro-estados-brasileiros\/","name":"Enel abre 100 vagas de est\u00e1gio em quatro estados brasileiros - O Itaperunense","isPartOf":{"@id":"https:\/\/www.oitaperunense.com.br\/site\/#website"},"datePublished":"2022-01-31T13:33:08+00:00","dateModified":"2022-01-31T13:33:08+00:00","author":{"@id":"https:\/\/www.oitaperunense.com.br\/site\/#\/schema\/person\/4a5b86c112157bc0a4492f4fd6b7939f"},"breadcrumb":{"@id":"https:\/\/www.oitaperunense.com.br\/site\/enel-abre-100-vagas-de-estagio-em-quatro-estados-brasileiros\/#breadcrumb"},"inLanguage":"pt-BR","potentialAction":[{"@type":"ReadAction","target":["https:\/\/www.oitaperunense.com.br\/site\/enel-abre-100-vagas-de-estagio-em-quatro-estados-brasileiros\/"]}]},{"@type":"BreadcrumbList","@id":"https:\/\/www.oitaperunense.com.br\/site\/enel-abre-100-vagas-de-estagio-em-quatro-estados-brasileiros\/#breadcrumb","itemListElement":[{"@type":"ListItem","position":1,"name":"Home","item":"https:\/\/www.oitaperunense.com.br\/site\/"},{"@type":"ListItem","position":2,"name":"Enel abre 100 vagas de est\u00e1gio em quatro estados brasileiros"}]},{"@type":"WebSite","@id":"https:\/\/www.oitaperunense.com.br\/site\/#website","url":"https:\/\/www.oitaperunense.com.br\/site\/","name":"O Itaperunense","description":"","potentialAction":[{"@type":"SearchAction","target":{"@type":"EntryPoint","urlTemplate":"https:\/\/www.oitaperunense.com.br\/site\/?s={search_term_string}"},"query-input":"required name=search_term_string"}],"inLanguage":"pt-BR"},{"@type":"Person","@id":"https:\/\/www.oitaperunense.com.br\/site\/#\/schema\/person\/4a5b86c112157bc0a4492f4fd6b7939f","name":"Andr\u00e9","image":{"@type":"ImageObject","inLanguage":"pt-BR","@id":"https:\/\/www.oitaperunense.com.br\/site\/#\/schema\/person\/image\/","url":"https:\/\/secure.gravatar.com\/avatar\/7a7a912ec2c8cd6a390040b03329ee7a71bbd5f81ac3557b6a68208f263fc97b?s=96&d=mm&r=g","contentUrl":"https:\/\/secure.gravatar.com\/avatar\/7a7a912ec2c8cd6a390040b03329ee7a71bbd5f81ac3557b6a68208f263fc97b?s=96&d=mm&r=g","caption":"Andr\u00e9"},"url":"https:\/\/www.oitaperunense.com.br\/site\/author\/andre\/"}]}},"cc_featured_image_caption":{"caption_text":"","source_text":"","source_url":""},"_links":{"self":[{"href":"https:\/\/www.oitaperunense.com.br\/site\/wp-json\/wp\/v2\/posts\/388151","targetHints":{"allow":["GET"]}}],"collection":[{"href":"https:\/\/www.oitaperunense.com.br\/site\/wp-json\/wp\/v2\/posts"}],"about":[{"href":"https:\/\/www.oitaperunense.com.br\/site\/wp-json\/wp\/v2\/types\/post"}],"author":[{"embeddable":true,"href":"https:\/\/www.oitaperunense.com.br\/site\/wp-json\/wp\/v2\/users\/19"}],"replies":[{"embeddable":true,"href":"https:\/\/www.oitaperunense.com.br\/site\/wp-json\/wp\/v2\/comments?post=388151"}],"version-history":[{"count":1,"href":"https:\/\/www.oitaperunense.com.br\/site\/wp-json\/wp\/v2\/posts\/388151\/revisions"}],"predecessor-version":[{"id":388153,"href":"https:\/\/www.oitaperunense.com.br\/site\/wp-json\/wp\/v2\/posts\/388151\/revisions\/388153"}],"wp:featuredmedia":[{"embeddable":true,"href":"https:\/\/www.oitaperunense.com.br\/site\/wp-json\/wp\/v2\/media\/388152"}],"wp:attachment":[{"href":"https:\/\/www.oitaperunense.com.br\/site\/wp-json\/wp\/v2\/media?parent=388151"}],"wp:term":[{"taxonomy":"category","embeddable":true,"href":"https:\/\/www.oitaperunense.com.br\/site\/wp-json\/wp\/v2\/categories?post=388151"},{"taxonomy":"post_tag","embeddable":true,"href":"https:\/\/www.oitaperunense.com.br\/site\/wp-json\/wp\/v2\/tags?post=388151"}],"curies":[{"name":"wp","href":"https:\/\/api.w.org\/{rel}","templated":true}]}}