{"id":388131,"date":"2022-01-27T09:12:46","date_gmt":"2022-01-27T12:12:46","guid":{"rendered":"http:\/\/www.oitaperunense.com.br\/site\/?p=388131"},"modified":"2022-01-27T09:12:46","modified_gmt":"2022-01-27T12:12:46","slug":"saude-em-acao-prefeitura-de-itaperuna-realiza-inumeras-acoes-referentes-ao-janeiro-branco","status":"publish","type":"post","link":"https:\/\/www.oitaperunense.com.br\/site\/saude-em-acao-prefeitura-de-itaperuna-realiza-inumeras-acoes-referentes-ao-janeiro-branco\/","title":{"rendered":"Sa\u00fade em A\u00e7\u00e3o: Prefeitura de Itaperuna realiza in\u00fameras a\u00e7\u00f5es referentes ao \u2018Janeiro Branco\u2019"},"content":{"rendered":"<p class=\"yiv0337746527MsoNormal\" style=\"text-align: center;\"><strong><i>Equipe da Coordena\u00e7\u00e3o de Sa\u00fade Mental realizando passeata na Avenida Cardoso Moreira<\/i><\/strong><\/p>\n<p class=\"yiv0337746527MsoNormal\" style=\"text-align: justify;\">A Prefeitura de Itaperuna, atrav\u00e9s da Secretaria Municipal de Sa\u00fade, com o apoio da equipe da Coordena\u00e7\u00e3o de Sa\u00fade Mental vem realizando in\u00fameras a\u00e7\u00f5es referentes ao \u201cJaneiro Branco\u201d, campanha que objetiva promover a conscientiza\u00e7\u00e3o e prote\u00e7\u00e3o da sa\u00fade mental. Com o apoio do prefeito Alfredo Paulo Marques Rodrigues, Alfred\u00e3o; e da secret\u00e1ria Municipal de Sa\u00fade Adriana Levone; atrav\u00e9s da representa\u00e7\u00e3o da coordenadora de Sa\u00fade Mental Rosemeira Almeida; e da coordenadora do CAPS Infanto Juvenil Simone Oliveira foi realizada uma passeata na Avenida Cardoso Moreira. A iniciativa visou chamar a aten\u00e7\u00e3o para o cuidado e autocuidado com a sa\u00fade mental. Em v\u00e1rios pontos da cidade foram instalados cartazes e, colocados objetos que fazem alus\u00e3o \u00e0 campanha.<\/p>\n<p><!--more--><\/p>\n<p class=\"yiv0337746527MsoNormal\" style=\"text-align: justify;\">O \u201cJaneiro Branco\u201d tem a perspectiva de convidar para a reflex\u00e3o sobre nossa hist\u00f3ria, o sentido e o prop\u00f3sito da vida, lembrando que a primeira meta do ano \u00e9 \u201ccuidar da gente\u201d. E o Programa de Sa\u00fade Mental segue com esta meta: CHAMAR A SUA ATEN\u00c7\u00c3O PARA O CUIDADO COM VOC\u00ca!<\/p>\n<p class=\"yiv0337746527MsoNormal\" style=\"text-align: justify;\">O tema \u201cJaneiro Branco\u201d tamb\u00e9m foi levado para o 29\u00ba Batalh\u00e3o de Pol\u00edcia Militar (BPM). Na oportunidade foi ressaltada a import\u00e2ncia do autocuidado em sa\u00fade mental no contexto policial, destacando o acesso ao tratamento pelo SUS em Itaperuna. A equipe destacou a import\u00e2ncia de tratamentos que seguem a Reforma Psiqui\u00e1trica e Aten\u00e7\u00e3o Psicossocial. Com a frase \u201cquem cuida de Si cuida de todos\u201d, refor\u00e7ou-se a necessidade de se manter um ambiente funcional atrav\u00e9s do autocuidado e do cuidado compartilhado.<\/p>\n<p class=\"yiv0337746527MsoNormal\" style=\"text-align: justify;\">Participaram da a\u00e7\u00e3o no 29\u00ba BPM a coordenadora de Sa\u00fade Mental Rosemeira Almeida, a coordenadora do Ambulat\u00f3rio Ampliado de Sa\u00fade Mental Lourdes Rocha e a psic\u00f3loga do Ambulat\u00f3rio Ampliado de Sa\u00fade Mental Mariana Ramos.<\/p>\n<p style=\"text-align: center;\"><img loading=\"lazy\" decoding=\"async\" class=\"alignnone size-full wp-image-388133 aligncenter\" src=\"https:\/\/www.oitaperunense.com.br\/site\/wp-content\/uploads\/2022\/01\/JB2.jpg\" alt=\"\" width=\"700\" height=\"442\" srcset=\"https:\/\/www.oitaperunense.com.br\/site\/wp-content\/uploads\/2022\/01\/JB2.jpg 700w, https:\/\/www.oitaperunense.com.br\/site\/wp-content\/uploads\/2022\/01\/JB2-300x189.jpg 300w\" sizes=\"auto, (max-width: 700px) 100vw, 700px\" \/><strong><i>O tema \u201cJaneiro Branco\u201d tamb\u00e9m foi levado para o 29\u00ba Batalh\u00e3o de Pol\u00edcia Militar<\/i><\/strong><\/p>\n<p class=\"yiv0337746527MsoNormal\" style=\"text-align: justify;\">E as a\u00e7\u00f5es continuam durante o m\u00eas. A equipe do Programa de Sa\u00fade Mental tem feito um trabalho de conscientiza\u00e7\u00e3o de forma ampliada, chamando a aten\u00e7\u00e3o da humanidade para quest\u00f5es e necessidades relacionadas \u00e0 sa\u00fade mental e emocional das pessoas e das institui\u00e7\u00f5es humanas. A equipe foi para as ruas falando sobre a import\u00e2ncia do autocuidado e promo\u00e7\u00e3o de sa\u00fade mental nos diferentes espa\u00e7os.<\/p>\n<p style=\"text-align: center;\"><img loading=\"lazy\" decoding=\"async\" class=\"alignnone size-full wp-image-388134 aligncenter\" src=\"https:\/\/www.oitaperunense.com.br\/site\/wp-content\/uploads\/2022\/01\/JB3.jpg\" alt=\"\" width=\"700\" height=\"419\" srcset=\"https:\/\/www.oitaperunense.com.br\/site\/wp-content\/uploads\/2022\/01\/JB3.jpg 700w, https:\/\/www.oitaperunense.com.br\/site\/wp-content\/uploads\/2022\/01\/JB3-300x180.jpg 300w\" sizes=\"auto, (max-width: 700px) 100vw, 700px\" \/><strong><i>Palestra sobre a import\u00e2ncia de manejar as emo\u00e7\u00f5es e autocuidado para o grupo Abad\u00e1 Capoeira<\/i><\/strong><\/p>\n<p class=\"yiv0337746527MsoNormal\" style=\"text-align: justify;\">A psic\u00f3loga Mariana Ramos, juntamente com a coordenadora Rosemeira Almeida falaram sobre a import\u00e2ncia de manejar as emo\u00e7\u00f5es e do autocuidado para um grupo de capoeiristas (Abad\u00e1 Capoeira), ressaltando a Capoeira como uma forma de autorregular\u00e3o. Na oportunidade, buscou-se estimular for\u00e7as pessoais, al\u00e9m de refor\u00e7ar os cuidados com a sa\u00fade mental, como prioridade. \u201c\u00c9 preciso cuidar da sa\u00fade mental como uma prioridade. Vale ressaltar que os dispositivos de sa\u00fade mental do Munic\u00edpio de Itaperuna possuem acesso ampliado a toda popula\u00e7\u00e3o itaperunense. Janeiro branco \u00e9 um momento de reflex\u00e3o\u201d, conclui a coordenadora Rosemeira.<\/p>\n<p class=\"yiv0337746527MsoNormal\" style=\"text-align: justify;\"><b>Com informa\u00e7\u00f5es: DECOM\/Itaperuna\/RJ<\/b><\/p>\n","protected":false},"excerpt":{"rendered":"<p>Equipe da Coordena\u00e7\u00e3o de Sa\u00fade Mental realizando passeata na Avenida Cardoso Moreira A Prefeitura de Itaperuna, atrav\u00e9s da Secretaria Municipal de Sa\u00fade, com o apoio da equipe da Coordena\u00e7\u00e3o de Sa\u00fade Mental vem realizando in\u00fameras a\u00e7\u00f5es referentes ao \u201cJaneiro Branco\u201d, campanha que objetiva promover a conscientiza\u00e7\u00e3o e prote\u00e7\u00e3o da sa\u00fade mental. Com o apoio do [&hellip;]<\/p>\n","protected":false},"author":19,"featured_media":388132,"comment_status":"open","ping_status":"closed","sticky":false,"template":"","format":"standard","meta":{"ngg_post_thumbnail":0,"footnotes":""},"categories":[113],"tags":[],"class_list":["post-388131","post","type-post","status-publish","format-standard","has-post-thumbnail","hentry","category-saude"],"yoast_head":"<!-- This site is optimized with the Yoast SEO plugin v20.11 - https:\/\/yoast.com\/wordpress\/plugins\/seo\/ -->\n<title>Sa\u00fade em A\u00e7\u00e3o: Prefeitura de Itaperuna realiza in\u00fameras a\u00e7\u00f5es referentes ao \u2018Janeiro Branco\u2019 - O Itaperunense<\/title>\n<meta name=\"robots\" content=\"index, follow, max-snippet:-1, max-image-preview:large, max-video-preview:-1\" \/>\n<link rel=\"canonical\" href=\"https:\/\/www.oitaperunense.com.br\/site\/saude-em-acao-prefeitura-de-itaperuna-realiza-inumeras-acoes-referentes-ao-janeiro-branco\/\" \/>\n<meta property=\"og:locale\" content=\"pt_BR\" \/>\n<meta property=\"og:type\" content=\"article\" \/>\n<meta property=\"og:title\" content=\"Sa\u00fade em A\u00e7\u00e3o: Prefeitura de Itaperuna realiza in\u00fameras a\u00e7\u00f5es referentes ao \u2018Janeiro Branco\u2019 - O Itaperunense\" \/>\n<meta property=\"og:description\" content=\"Equipe da Coordena\u00e7\u00e3o de Sa\u00fade Mental realizando passeata na Avenida Cardoso Moreira A Prefeitura de Itaperuna, atrav\u00e9s da Secretaria Municipal de Sa\u00fade, com o apoio da equipe da Coordena\u00e7\u00e3o de Sa\u00fade Mental vem realizando in\u00fameras a\u00e7\u00f5es referentes ao \u201cJaneiro Branco\u201d, campanha que objetiva promover a conscientiza\u00e7\u00e3o e prote\u00e7\u00e3o da sa\u00fade mental. Com o apoio do [&hellip;]\" \/>\n<meta property=\"og:url\" content=\"https:\/\/www.oitaperunense.com.br\/site\/saude-em-acao-prefeitura-de-itaperuna-realiza-inumeras-acoes-referentes-ao-janeiro-branco\/\" \/>\n<meta property=\"og:site_name\" content=\"O Itaperunense\" \/>\n<meta property=\"article:publisher\" content=\"https:\/\/www.facebook.com\/jornaloitaperunense\" \/>\n<meta property=\"article:published_time\" content=\"2022-01-27T12:12:46+00:00\" \/>\n<meta property=\"og:image\" content=\"https:\/\/www.oitaperunense.com.br\/site\/wp-content\/uploads\/2022\/01\/JB1.jpg\" \/>\n\t<meta property=\"og:image:width\" content=\"700\" \/>\n\t<meta property=\"og:image:height\" content=\"457\" \/>\n\t<meta property=\"og:image:type\" content=\"image\/jpeg\" \/>\n<meta name=\"author\" content=\"Andr\u00e9\" \/>\n<meta name=\"twitter:card\" content=\"summary_large_image\" \/>\n<meta name=\"twitter:label1\" content=\"Escrito por\" \/>\n\t<meta name=\"twitter:data1\" content=\"Andr\u00e9\" \/>\n\t<meta name=\"twitter:label2\" content=\"Est. tempo de leitura\" \/>\n\t<meta name=\"twitter:data2\" content=\"3 minutos\" \/>\n<script type=\"application\/ld+json\" class=\"yoast-schema-graph\">{\"@context\":\"https:\/\/schema.org\",\"@graph\":[{\"@type\":\"WebPage\",\"@id\":\"https:\/\/www.oitaperunense.com.br\/site\/saude-em-acao-prefeitura-de-itaperuna-realiza-inumeras-acoes-referentes-ao-janeiro-branco\/\",\"url\":\"https:\/\/www.oitaperunense.com.br\/site\/saude-em-acao-prefeitura-de-itaperuna-realiza-inumeras-acoes-referentes-ao-janeiro-branco\/\",\"name\":\"Sa\u00fade em A\u00e7\u00e3o: Prefeitura de Itaperuna realiza in\u00fameras a\u00e7\u00f5es referentes ao \u2018Janeiro Branco\u2019 - O Itaperunense\",\"isPartOf\":{\"@id\":\"https:\/\/www.oitaperunense.com.br\/site\/#website\"},\"datePublished\":\"2022-01-27T12:12:46+00:00\",\"dateModified\":\"2022-01-27T12:12:46+00:00\",\"author\":{\"@id\":\"https:\/\/www.oitaperunense.com.br\/site\/#\/schema\/person\/4a5b86c112157bc0a4492f4fd6b7939f\"},\"breadcrumb\":{\"@id\":\"https:\/\/www.oitaperunense.com.br\/site\/saude-em-acao-prefeitura-de-itaperuna-realiza-inumeras-acoes-referentes-ao-janeiro-branco\/#breadcrumb\"},\"inLanguage\":\"pt-BR\",\"potentialAction\":[{\"@type\":\"ReadAction\",\"target\":[\"https:\/\/www.oitaperunense.com.br\/site\/saude-em-acao-prefeitura-de-itaperuna-realiza-inumeras-acoes-referentes-ao-janeiro-branco\/\"]}]},{\"@type\":\"BreadcrumbList\",\"@id\":\"https:\/\/www.oitaperunense.com.br\/site\/saude-em-acao-prefeitura-de-itaperuna-realiza-inumeras-acoes-referentes-ao-janeiro-branco\/#breadcrumb\",\"itemListElement\":[{\"@type\":\"ListItem\",\"position\":1,\"name\":\"Home\",\"item\":\"https:\/\/www.oitaperunense.com.br\/site\/\"},{\"@type\":\"ListItem\",\"position\":2,\"name\":\"Sa\u00fade em A\u00e7\u00e3o: Prefeitura de Itaperuna realiza in\u00fameras a\u00e7\u00f5es referentes ao \u2018Janeiro Branco\u2019\"}]},{\"@type\":\"WebSite\",\"@id\":\"https:\/\/www.oitaperunense.com.br\/site\/#website\",\"url\":\"https:\/\/www.oitaperunense.com.br\/site\/\",\"name\":\"O Itaperunense\",\"description\":\"\",\"potentialAction\":[{\"@type\":\"SearchAction\",\"target\":{\"@type\":\"EntryPoint\",\"urlTemplate\":\"https:\/\/www.oitaperunense.com.br\/site\/?s={search_term_string}\"},\"query-input\":\"required name=search_term_string\"}],\"inLanguage\":\"pt-BR\"},{\"@type\":\"Person\",\"@id\":\"https:\/\/www.oitaperunense.com.br\/site\/#\/schema\/person\/4a5b86c112157bc0a4492f4fd6b7939f\",\"name\":\"Andr\u00e9\",\"image\":{\"@type\":\"ImageObject\",\"inLanguage\":\"pt-BR\",\"@id\":\"https:\/\/www.oitaperunense.com.br\/site\/#\/schema\/person\/image\/\",\"url\":\"https:\/\/secure.gravatar.com\/avatar\/7a7a912ec2c8cd6a390040b03329ee7a71bbd5f81ac3557b6a68208f263fc97b?s=96&d=mm&r=g\",\"contentUrl\":\"https:\/\/secure.gravatar.com\/avatar\/7a7a912ec2c8cd6a390040b03329ee7a71bbd5f81ac3557b6a68208f263fc97b?s=96&d=mm&r=g\",\"caption\":\"Andr\u00e9\"},\"url\":\"https:\/\/www.oitaperunense.com.br\/site\/author\/andre\/\"}]}<\/script>\n<!-- \/ Yoast SEO plugin. -->","yoast_head_json":{"title":"Sa\u00fade em A\u00e7\u00e3o: Prefeitura de Itaperuna realiza in\u00fameras a\u00e7\u00f5es referentes ao \u2018Janeiro Branco\u2019 - O Itaperunense","robots":{"index":"index","follow":"follow","max-snippet":"max-snippet:-1","max-image-preview":"max-image-preview:large","max-video-preview":"max-video-preview:-1"},"canonical":"https:\/\/www.oitaperunense.com.br\/site\/saude-em-acao-prefeitura-de-itaperuna-realiza-inumeras-acoes-referentes-ao-janeiro-branco\/","og_locale":"pt_BR","og_type":"article","og_title":"Sa\u00fade em A\u00e7\u00e3o: Prefeitura de Itaperuna realiza in\u00fameras a\u00e7\u00f5es referentes ao \u2018Janeiro Branco\u2019 - O Itaperunense","og_description":"Equipe da Coordena\u00e7\u00e3o de Sa\u00fade Mental realizando passeata na Avenida Cardoso Moreira A Prefeitura de Itaperuna, atrav\u00e9s da Secretaria Municipal de Sa\u00fade, com o apoio da equipe da Coordena\u00e7\u00e3o de Sa\u00fade Mental vem realizando in\u00fameras a\u00e7\u00f5es referentes ao \u201cJaneiro Branco\u201d, campanha que objetiva promover a conscientiza\u00e7\u00e3o e prote\u00e7\u00e3o da sa\u00fade mental. Com o apoio do [&hellip;]","og_url":"https:\/\/www.oitaperunense.com.br\/site\/saude-em-acao-prefeitura-de-itaperuna-realiza-inumeras-acoes-referentes-ao-janeiro-branco\/","og_site_name":"O Itaperunense","article_publisher":"https:\/\/www.facebook.com\/jornaloitaperunense","article_published_time":"2022-01-27T12:12:46+00:00","og_image":[{"width":700,"height":457,"url":"https:\/\/www.oitaperunense.com.br\/site\/wp-content\/uploads\/2022\/01\/JB1.jpg","type":"image\/jpeg"}],"author":"Andr\u00e9","twitter_card":"summary_large_image","twitter_misc":{"Escrito por":"Andr\u00e9","Est. tempo de leitura":"3 minutos"},"schema":{"@context":"https:\/\/schema.org","@graph":[{"@type":"WebPage","@id":"https:\/\/www.oitaperunense.com.br\/site\/saude-em-acao-prefeitura-de-itaperuna-realiza-inumeras-acoes-referentes-ao-janeiro-branco\/","url":"https:\/\/www.oitaperunense.com.br\/site\/saude-em-acao-prefeitura-de-itaperuna-realiza-inumeras-acoes-referentes-ao-janeiro-branco\/","name":"Sa\u00fade em A\u00e7\u00e3o: Prefeitura de Itaperuna realiza in\u00fameras a\u00e7\u00f5es referentes ao \u2018Janeiro Branco\u2019 - O Itaperunense","isPartOf":{"@id":"https:\/\/www.oitaperunense.com.br\/site\/#website"},"datePublished":"2022-01-27T12:12:46+00:00","dateModified":"2022-01-27T12:12:46+00:00","author":{"@id":"https:\/\/www.oitaperunense.com.br\/site\/#\/schema\/person\/4a5b86c112157bc0a4492f4fd6b7939f"},"breadcrumb":{"@id":"https:\/\/www.oitaperunense.com.br\/site\/saude-em-acao-prefeitura-de-itaperuna-realiza-inumeras-acoes-referentes-ao-janeiro-branco\/#breadcrumb"},"inLanguage":"pt-BR","potentialAction":[{"@type":"ReadAction","target":["https:\/\/www.oitaperunense.com.br\/site\/saude-em-acao-prefeitura-de-itaperuna-realiza-inumeras-acoes-referentes-ao-janeiro-branco\/"]}]},{"@type":"BreadcrumbList","@id":"https:\/\/www.oitaperunense.com.br\/site\/saude-em-acao-prefeitura-de-itaperuna-realiza-inumeras-acoes-referentes-ao-janeiro-branco\/#breadcrumb","itemListElement":[{"@type":"ListItem","position":1,"name":"Home","item":"https:\/\/www.oitaperunense.com.br\/site\/"},{"@type":"ListItem","position":2,"name":"Sa\u00fade em A\u00e7\u00e3o: Prefeitura de Itaperuna realiza in\u00fameras a\u00e7\u00f5es referentes ao \u2018Janeiro Branco\u2019"}]},{"@type":"WebSite","@id":"https:\/\/www.oitaperunense.com.br\/site\/#website","url":"https:\/\/www.oitaperunense.com.br\/site\/","name":"O Itaperunense","description":"","potentialAction":[{"@type":"SearchAction","target":{"@type":"EntryPoint","urlTemplate":"https:\/\/www.oitaperunense.com.br\/site\/?s={search_term_string}"},"query-input":"required name=search_term_string"}],"inLanguage":"pt-BR"},{"@type":"Person","@id":"https:\/\/www.oitaperunense.com.br\/site\/#\/schema\/person\/4a5b86c112157bc0a4492f4fd6b7939f","name":"Andr\u00e9","image":{"@type":"ImageObject","inLanguage":"pt-BR","@id":"https:\/\/www.oitaperunense.com.br\/site\/#\/schema\/person\/image\/","url":"https:\/\/secure.gravatar.com\/avatar\/7a7a912ec2c8cd6a390040b03329ee7a71bbd5f81ac3557b6a68208f263fc97b?s=96&d=mm&r=g","contentUrl":"https:\/\/secure.gravatar.com\/avatar\/7a7a912ec2c8cd6a390040b03329ee7a71bbd5f81ac3557b6a68208f263fc97b?s=96&d=mm&r=g","caption":"Andr\u00e9"},"url":"https:\/\/www.oitaperunense.com.br\/site\/author\/andre\/"}]}},"cc_featured_image_caption":{"caption_text":"","source_text":"","source_url":""},"_links":{"self":[{"href":"https:\/\/www.oitaperunense.com.br\/site\/wp-json\/wp\/v2\/posts\/388131","targetHints":{"allow":["GET"]}}],"collection":[{"href":"https:\/\/www.oitaperunense.com.br\/site\/wp-json\/wp\/v2\/posts"}],"about":[{"href":"https:\/\/www.oitaperunense.com.br\/site\/wp-json\/wp\/v2\/types\/post"}],"author":[{"embeddable":true,"href":"https:\/\/www.oitaperunense.com.br\/site\/wp-json\/wp\/v2\/users\/19"}],"replies":[{"embeddable":true,"href":"https:\/\/www.oitaperunense.com.br\/site\/wp-json\/wp\/v2\/comments?post=388131"}],"version-history":[{"count":1,"href":"https:\/\/www.oitaperunense.com.br\/site\/wp-json\/wp\/v2\/posts\/388131\/revisions"}],"predecessor-version":[{"id":388135,"href":"https:\/\/www.oitaperunense.com.br\/site\/wp-json\/wp\/v2\/posts\/388131\/revisions\/388135"}],"wp:featuredmedia":[{"embeddable":true,"href":"https:\/\/www.oitaperunense.com.br\/site\/wp-json\/wp\/v2\/media\/388132"}],"wp:attachment":[{"href":"https:\/\/www.oitaperunense.com.br\/site\/wp-json\/wp\/v2\/media?parent=388131"}],"wp:term":[{"taxonomy":"category","embeddable":true,"href":"https:\/\/www.oitaperunense.com.br\/site\/wp-json\/wp\/v2\/categories?post=388131"},{"taxonomy":"post_tag","embeddable":true,"href":"https:\/\/www.oitaperunense.com.br\/site\/wp-json\/wp\/v2\/tags?post=388131"}],"curies":[{"name":"wp","href":"https:\/\/api.w.org\/{rel}","templated":true}]}}