{"id":388117,"date":"2022-01-26T11:58:37","date_gmt":"2022-01-26T14:58:37","guid":{"rendered":"http:\/\/www.oitaperunense.com.br\/site\/?p=388117"},"modified":"2022-01-26T11:58:37","modified_gmt":"2022-01-26T14:58:37","slug":"fundo-municipal-de-educacao-ja-e-uma-realidade-em-itaperuna","status":"publish","type":"post","link":"https:\/\/www.oitaperunense.com.br\/site\/fundo-municipal-de-educacao-ja-e-uma-realidade-em-itaperuna\/","title":{"rendered":"Fundo Municipal de Educa\u00e7\u00e3o j\u00e1 \u00e9 uma realidade em Itaperuna"},"content":{"rendered":"<p class=\"yiv8675949028MsoNormal\" style=\"text-align: center;\"><b><i>Prefeito Alfred\u00e3o e o secret\u00e1rio Municipal de Educa\u00e7\u00e3o, Marcelo Poeys | Arquivo\/DECOM<\/i><\/b><\/p>\n<p class=\"yiv8675949028MsoNormal\" style=\"text-align: justify;\">A Prefeitura de Itaperuna, atrav\u00e9s da Secretaria Municipal de Educa\u00e7\u00e3o informa a todos, que o Fundo Municipal de Educa\u00e7\u00e3o (FME) j\u00e1 \u00e9 uma realidade. Na \u00faltima segunda-feira, 24, o secret\u00e1rio Municipal de Educa\u00e7\u00e3o Marcelo Poeys realizou o fechamento da primeira folha de pagamento.<\/p>\n<p style=\"text-align: justify;\"><!--more--><\/p>\n<p class=\"yiv8675949028MsoNormal\" style=\"text-align: justify;\">\u201cN\u00f3s fechamos e empenhamos a primeira folha de pagamento dos servidores da Educa\u00e7\u00e3o, diretamente pelo FME e CNPJ do Fundo. Sa\u00edmos agora pouco da SEMED, e na ter\u00e7a-feira, no primeiro hor\u00e1rio, faremos a transmiss\u00e3o. Na quarta-feira, 26, o pagamento estar\u00e1 nas contas dos profissionais de Educa\u00e7\u00e3o. Venho agradecer ao Prefeito Alfred\u00e3o, e ao vice-prefeito Nel, pela confian\u00e7a depositada. Agrade\u00e7o tamb\u00e9m aos demais colegas secret\u00e1rios e seus colaboradores. Agrade\u00e7o ainda, ao Dr. Ivan, amigo e secret\u00e1rio de Fazenda, al\u00e9m de toda a sua equipe. Miss\u00e3o dada \u00e9 miss\u00e3o cumprida\u201d, refor\u00e7a o secret\u00e1rio.<\/p>\n<p class=\"yiv8675949028MsoNormal\" style=\"text-align: justify;\">O prefeito Alfredo Paulo Marques Rodrigues, Alfred\u00e3o, tamb\u00e9m comemorou esta vit\u00f3ria para o munic\u00edpio itaperunense.<\/p>\n<p class=\"yiv8675949028MsoNormal\" style=\"text-align: justify;\">\u201cO Fundo Municipal de Educa\u00e7\u00e3o j\u00e1 \u00e9 uma realidade no munic\u00edpio e uma importante vit\u00f3ria, que precisa sim, ser comemorada. Penso que a atual administra\u00e7\u00e3o vem trabalhando de forma coesa, com todas as secretarias e departamentos trabalhando em uni\u00e3o, buscando solu\u00e7\u00f5es para as demandas do munic\u00edpio. E na Educa\u00e7\u00e3o n\u00e3o tem sido diferente, quando toda equipe do secret\u00e1rio Marcelo, vem se esfor\u00e7ando e trabalhando para resolver as quest\u00f5es. Em nome do nosso secret\u00e1rio de Educa\u00e7\u00e3o, Marcelo Poeys, eu agrade\u00e7o a todos que se empenharam na transforma\u00e7\u00e3o do sonho de termos um Fundo Municipal de Educa\u00e7\u00e3o, em realidade. Essa \u00e9 uma conquista de todos n\u00f3s\u201d, finaliza o prefeito Alfred\u00e3o.<\/p>\n<p class=\"yiv8675949028MsoNormal\" style=\"text-align: justify;\"><b>Com informa\u00e7\u00f5es: DECOM\/Itaperuna\/RJ<\/b><\/p>\n<p class=\"yiv8675949028MsoNormal\" style=\"text-align: justify;\">&nbsp;<\/p>\n","protected":false},"excerpt":{"rendered":"<p>Prefeito Alfred\u00e3o e o secret\u00e1rio Municipal de Educa\u00e7\u00e3o, Marcelo Poeys | Arquivo\/DECOM A Prefeitura de Itaperuna, atrav\u00e9s da Secretaria Municipal de Educa\u00e7\u00e3o informa a todos, que o Fundo Municipal de Educa\u00e7\u00e3o (FME) j\u00e1 \u00e9 uma realidade. Na \u00faltima segunda-feira, 24, o secret\u00e1rio Municipal de Educa\u00e7\u00e3o Marcelo Poeys realizou o fechamento da primeira folha de pagamento.<\/p>\n","protected":false},"author":19,"featured_media":388118,"comment_status":"open","ping_status":"closed","sticky":false,"template":"","format":"standard","meta":{"ngg_post_thumbnail":0,"footnotes":""},"categories":[91],"tags":[],"class_list":["post-388117","post","type-post","status-publish","format-standard","has-post-thumbnail","hentry","category-geral"],"yoast_head":"<!-- This site is optimized with the Yoast SEO plugin v20.11 - https:\/\/yoast.com\/wordpress\/plugins\/seo\/ -->\n<title>Fundo Municipal de Educa\u00e7\u00e3o j\u00e1 \u00e9 uma realidade em Itaperuna - O Itaperunense<\/title>\n<meta name=\"robots\" content=\"index, follow, max-snippet:-1, max-image-preview:large, max-video-preview:-1\" \/>\n<link rel=\"canonical\" href=\"https:\/\/www.oitaperunense.com.br\/site\/fundo-municipal-de-educacao-ja-e-uma-realidade-em-itaperuna\/\" \/>\n<meta property=\"og:locale\" content=\"pt_BR\" \/>\n<meta property=\"og:type\" content=\"article\" \/>\n<meta property=\"og:title\" content=\"Fundo Municipal de Educa\u00e7\u00e3o j\u00e1 \u00e9 uma realidade em Itaperuna - O Itaperunense\" \/>\n<meta property=\"og:description\" content=\"Prefeito Alfred\u00e3o e o secret\u00e1rio Municipal de Educa\u00e7\u00e3o, Marcelo Poeys | Arquivo\/DECOM A Prefeitura de Itaperuna, atrav\u00e9s da Secretaria Municipal de Educa\u00e7\u00e3o informa a todos, que o Fundo Municipal de Educa\u00e7\u00e3o (FME) j\u00e1 \u00e9 uma realidade. Na \u00faltima segunda-feira, 24, o secret\u00e1rio Municipal de Educa\u00e7\u00e3o Marcelo Poeys realizou o fechamento da primeira folha de pagamento.\" \/>\n<meta property=\"og:url\" content=\"https:\/\/www.oitaperunense.com.br\/site\/fundo-municipal-de-educacao-ja-e-uma-realidade-em-itaperuna\/\" \/>\n<meta property=\"og:site_name\" content=\"O Itaperunense\" \/>\n<meta property=\"article:publisher\" content=\"https:\/\/www.facebook.com\/jornaloitaperunense\" \/>\n<meta property=\"article:published_time\" content=\"2022-01-26T14:58:37+00:00\" \/>\n<meta property=\"og:image\" content=\"https:\/\/www.oitaperunense.com.br\/site\/wp-content\/uploads\/2022\/01\/DECO6.jpg\" \/>\n\t<meta property=\"og:image:width\" content=\"700\" \/>\n\t<meta property=\"og:image:height\" content=\"463\" \/>\n\t<meta property=\"og:image:type\" content=\"image\/jpeg\" \/>\n<meta name=\"author\" content=\"Andr\u00e9\" \/>\n<meta name=\"twitter:card\" content=\"summary_large_image\" \/>\n<meta name=\"twitter:label1\" content=\"Escrito por\" \/>\n\t<meta name=\"twitter:data1\" content=\"Andr\u00e9\" \/>\n\t<meta name=\"twitter:label2\" content=\"Est. tempo de leitura\" \/>\n\t<meta name=\"twitter:data2\" content=\"2 minutos\" \/>\n<script type=\"application\/ld+json\" class=\"yoast-schema-graph\">{\"@context\":\"https:\/\/schema.org\",\"@graph\":[{\"@type\":\"WebPage\",\"@id\":\"https:\/\/www.oitaperunense.com.br\/site\/fundo-municipal-de-educacao-ja-e-uma-realidade-em-itaperuna\/\",\"url\":\"https:\/\/www.oitaperunense.com.br\/site\/fundo-municipal-de-educacao-ja-e-uma-realidade-em-itaperuna\/\",\"name\":\"Fundo Municipal de Educa\u00e7\u00e3o j\u00e1 \u00e9 uma realidade em Itaperuna - O Itaperunense\",\"isPartOf\":{\"@id\":\"https:\/\/www.oitaperunense.com.br\/site\/#website\"},\"datePublished\":\"2022-01-26T14:58:37+00:00\",\"dateModified\":\"2022-01-26T14:58:37+00:00\",\"author\":{\"@id\":\"https:\/\/www.oitaperunense.com.br\/site\/#\/schema\/person\/4a5b86c112157bc0a4492f4fd6b7939f\"},\"breadcrumb\":{\"@id\":\"https:\/\/www.oitaperunense.com.br\/site\/fundo-municipal-de-educacao-ja-e-uma-realidade-em-itaperuna\/#breadcrumb\"},\"inLanguage\":\"pt-BR\",\"potentialAction\":[{\"@type\":\"ReadAction\",\"target\":[\"https:\/\/www.oitaperunense.com.br\/site\/fundo-municipal-de-educacao-ja-e-uma-realidade-em-itaperuna\/\"]}]},{\"@type\":\"BreadcrumbList\",\"@id\":\"https:\/\/www.oitaperunense.com.br\/site\/fundo-municipal-de-educacao-ja-e-uma-realidade-em-itaperuna\/#breadcrumb\",\"itemListElement\":[{\"@type\":\"ListItem\",\"position\":1,\"name\":\"Home\",\"item\":\"https:\/\/www.oitaperunense.com.br\/site\/\"},{\"@type\":\"ListItem\",\"position\":2,\"name\":\"Fundo Municipal de Educa\u00e7\u00e3o j\u00e1 \u00e9 uma realidade em Itaperuna\"}]},{\"@type\":\"WebSite\",\"@id\":\"https:\/\/www.oitaperunense.com.br\/site\/#website\",\"url\":\"https:\/\/www.oitaperunense.com.br\/site\/\",\"name\":\"O Itaperunense\",\"description\":\"\",\"potentialAction\":[{\"@type\":\"SearchAction\",\"target\":{\"@type\":\"EntryPoint\",\"urlTemplate\":\"https:\/\/www.oitaperunense.com.br\/site\/?s={search_term_string}\"},\"query-input\":\"required name=search_term_string\"}],\"inLanguage\":\"pt-BR\"},{\"@type\":\"Person\",\"@id\":\"https:\/\/www.oitaperunense.com.br\/site\/#\/schema\/person\/4a5b86c112157bc0a4492f4fd6b7939f\",\"name\":\"Andr\u00e9\",\"image\":{\"@type\":\"ImageObject\",\"inLanguage\":\"pt-BR\",\"@id\":\"https:\/\/www.oitaperunense.com.br\/site\/#\/schema\/person\/image\/\",\"url\":\"https:\/\/secure.gravatar.com\/avatar\/7a7a912ec2c8cd6a390040b03329ee7a71bbd5f81ac3557b6a68208f263fc97b?s=96&d=mm&r=g\",\"contentUrl\":\"https:\/\/secure.gravatar.com\/avatar\/7a7a912ec2c8cd6a390040b03329ee7a71bbd5f81ac3557b6a68208f263fc97b?s=96&d=mm&r=g\",\"caption\":\"Andr\u00e9\"},\"url\":\"https:\/\/www.oitaperunense.com.br\/site\/author\/andre\/\"}]}<\/script>\n<!-- \/ Yoast SEO plugin. -->","yoast_head_json":{"title":"Fundo Municipal de Educa\u00e7\u00e3o j\u00e1 \u00e9 uma realidade em Itaperuna - O Itaperunense","robots":{"index":"index","follow":"follow","max-snippet":"max-snippet:-1","max-image-preview":"max-image-preview:large","max-video-preview":"max-video-preview:-1"},"canonical":"https:\/\/www.oitaperunense.com.br\/site\/fundo-municipal-de-educacao-ja-e-uma-realidade-em-itaperuna\/","og_locale":"pt_BR","og_type":"article","og_title":"Fundo Municipal de Educa\u00e7\u00e3o j\u00e1 \u00e9 uma realidade em Itaperuna - O Itaperunense","og_description":"Prefeito Alfred\u00e3o e o secret\u00e1rio Municipal de Educa\u00e7\u00e3o, Marcelo Poeys | Arquivo\/DECOM A Prefeitura de Itaperuna, atrav\u00e9s da Secretaria Municipal de Educa\u00e7\u00e3o informa a todos, que o Fundo Municipal de Educa\u00e7\u00e3o (FME) j\u00e1 \u00e9 uma realidade. Na \u00faltima segunda-feira, 24, o secret\u00e1rio Municipal de Educa\u00e7\u00e3o Marcelo Poeys realizou o fechamento da primeira folha de pagamento.","og_url":"https:\/\/www.oitaperunense.com.br\/site\/fundo-municipal-de-educacao-ja-e-uma-realidade-em-itaperuna\/","og_site_name":"O Itaperunense","article_publisher":"https:\/\/www.facebook.com\/jornaloitaperunense","article_published_time":"2022-01-26T14:58:37+00:00","og_image":[{"width":700,"height":463,"url":"https:\/\/www.oitaperunense.com.br\/site\/wp-content\/uploads\/2022\/01\/DECO6.jpg","type":"image\/jpeg"}],"author":"Andr\u00e9","twitter_card":"summary_large_image","twitter_misc":{"Escrito por":"Andr\u00e9","Est. tempo de leitura":"2 minutos"},"schema":{"@context":"https:\/\/schema.org","@graph":[{"@type":"WebPage","@id":"https:\/\/www.oitaperunense.com.br\/site\/fundo-municipal-de-educacao-ja-e-uma-realidade-em-itaperuna\/","url":"https:\/\/www.oitaperunense.com.br\/site\/fundo-municipal-de-educacao-ja-e-uma-realidade-em-itaperuna\/","name":"Fundo Municipal de Educa\u00e7\u00e3o j\u00e1 \u00e9 uma realidade em Itaperuna - O Itaperunense","isPartOf":{"@id":"https:\/\/www.oitaperunense.com.br\/site\/#website"},"datePublished":"2022-01-26T14:58:37+00:00","dateModified":"2022-01-26T14:58:37+00:00","author":{"@id":"https:\/\/www.oitaperunense.com.br\/site\/#\/schema\/person\/4a5b86c112157bc0a4492f4fd6b7939f"},"breadcrumb":{"@id":"https:\/\/www.oitaperunense.com.br\/site\/fundo-municipal-de-educacao-ja-e-uma-realidade-em-itaperuna\/#breadcrumb"},"inLanguage":"pt-BR","potentialAction":[{"@type":"ReadAction","target":["https:\/\/www.oitaperunense.com.br\/site\/fundo-municipal-de-educacao-ja-e-uma-realidade-em-itaperuna\/"]}]},{"@type":"BreadcrumbList","@id":"https:\/\/www.oitaperunense.com.br\/site\/fundo-municipal-de-educacao-ja-e-uma-realidade-em-itaperuna\/#breadcrumb","itemListElement":[{"@type":"ListItem","position":1,"name":"Home","item":"https:\/\/www.oitaperunense.com.br\/site\/"},{"@type":"ListItem","position":2,"name":"Fundo Municipal de Educa\u00e7\u00e3o j\u00e1 \u00e9 uma realidade em Itaperuna"}]},{"@type":"WebSite","@id":"https:\/\/www.oitaperunense.com.br\/site\/#website","url":"https:\/\/www.oitaperunense.com.br\/site\/","name":"O Itaperunense","description":"","potentialAction":[{"@type":"SearchAction","target":{"@type":"EntryPoint","urlTemplate":"https:\/\/www.oitaperunense.com.br\/site\/?s={search_term_string}"},"query-input":"required name=search_term_string"}],"inLanguage":"pt-BR"},{"@type":"Person","@id":"https:\/\/www.oitaperunense.com.br\/site\/#\/schema\/person\/4a5b86c112157bc0a4492f4fd6b7939f","name":"Andr\u00e9","image":{"@type":"ImageObject","inLanguage":"pt-BR","@id":"https:\/\/www.oitaperunense.com.br\/site\/#\/schema\/person\/image\/","url":"https:\/\/secure.gravatar.com\/avatar\/7a7a912ec2c8cd6a390040b03329ee7a71bbd5f81ac3557b6a68208f263fc97b?s=96&d=mm&r=g","contentUrl":"https:\/\/secure.gravatar.com\/avatar\/7a7a912ec2c8cd6a390040b03329ee7a71bbd5f81ac3557b6a68208f263fc97b?s=96&d=mm&r=g","caption":"Andr\u00e9"},"url":"https:\/\/www.oitaperunense.com.br\/site\/author\/andre\/"}]}},"cc_featured_image_caption":{"caption_text":"","source_text":"","source_url":""},"_links":{"self":[{"href":"https:\/\/www.oitaperunense.com.br\/site\/wp-json\/wp\/v2\/posts\/388117","targetHints":{"allow":["GET"]}}],"collection":[{"href":"https:\/\/www.oitaperunense.com.br\/site\/wp-json\/wp\/v2\/posts"}],"about":[{"href":"https:\/\/www.oitaperunense.com.br\/site\/wp-json\/wp\/v2\/types\/post"}],"author":[{"embeddable":true,"href":"https:\/\/www.oitaperunense.com.br\/site\/wp-json\/wp\/v2\/users\/19"}],"replies":[{"embeddable":true,"href":"https:\/\/www.oitaperunense.com.br\/site\/wp-json\/wp\/v2\/comments?post=388117"}],"version-history":[{"count":2,"href":"https:\/\/www.oitaperunense.com.br\/site\/wp-json\/wp\/v2\/posts\/388117\/revisions"}],"predecessor-version":[{"id":388120,"href":"https:\/\/www.oitaperunense.com.br\/site\/wp-json\/wp\/v2\/posts\/388117\/revisions\/388120"}],"wp:featuredmedia":[{"embeddable":true,"href":"https:\/\/www.oitaperunense.com.br\/site\/wp-json\/wp\/v2\/media\/388118"}],"wp:attachment":[{"href":"https:\/\/www.oitaperunense.com.br\/site\/wp-json\/wp\/v2\/media?parent=388117"}],"wp:term":[{"taxonomy":"category","embeddable":true,"href":"https:\/\/www.oitaperunense.com.br\/site\/wp-json\/wp\/v2\/categories?post=388117"},{"taxonomy":"post_tag","embeddable":true,"href":"https:\/\/www.oitaperunense.com.br\/site\/wp-json\/wp\/v2\/tags?post=388117"}],"curies":[{"name":"wp","href":"https:\/\/api.w.org\/{rel}","templated":true}]}}