{"id":388113,"date":"2022-01-26T11:55:06","date_gmt":"2022-01-26T14:55:06","guid":{"rendered":"http:\/\/www.oitaperunense.com.br\/site\/?p=388113"},"modified":"2022-01-26T11:55:06","modified_gmt":"2022-01-26T14:55:06","slug":"itaperuna-assistencia-social-da-pmi-e-29o-bpm-distribuem-cestas-basicas","status":"publish","type":"post","link":"https:\/\/www.oitaperunense.com.br\/site\/itaperuna-assistencia-social-da-pmi-e-29o-bpm-distribuem-cestas-basicas\/","title":{"rendered":"Itaperuna: Assist\u00eancia Social da PMI e 29\u00ba BPM distribuem cestas b\u00e1sicas"},"content":{"rendered":"<p class=\"yiv9389162417MsoNormal\" style=\"text-align: justify;\">Em Itaperuna, a Secretaria Municipal de Assist\u00eancia Social, Trabalho e Habita\u00e7\u00e3o em parceria com o 29\u00ba Batalh\u00e3o de Pol\u00edcia Militar &#8211; PMERJ realizaram mais uma entrega de cestas b\u00e1sicas. As cestas foram doadas pela ONG Para\u00edso dos Focinhos-RJ e, desta vez, as fam\u00edlias beneficiadas foram da localidade de S\u00e3o Sebasti\u00e3o do Alto.<\/p>\n<p><!--more--><\/p>\n<p class=\"yiv9389162417MsoNormal\" style=\"text-align: justify;\">De acordo com Olliver Trajano, secret\u00e1rio Municipal de Assist\u00eancia Social, Trabalho e Habita\u00e7\u00e3o, esta foi mais uma a\u00e7\u00e3o em parceria com o 29\u00ba BPM.<\/p>\n<p class=\"yiv9389162417MsoNormal\" style=\"text-align: justify;\">\u201cEsta \u00e9 mais uma da s\u00e9rie de entregas feita pelo 29\u00ba BPM, que agora se soma \u00e0 rede de acolhimento do Sistema \u00danico de Assist\u00eancia Social (SUAS). Em nome do prefeito Alfred\u00e3o e de toda a equipe da Secretaria de Assist\u00eancia Social, n\u00f3s agradecemos aos nossos bravos her\u00f3is, que al\u00e9m de suas atividades cotidianas na \u00e1rea de Seguran\u00e7a, dedicam-se \u00e0s quest\u00f5es sociais. Parab\u00e9ns a todos e tenho certeza que juntos n\u00f3s podemos muito mais. E que venham as pr\u00f3ximas a\u00e7\u00f5es\u201d, menciona o secret\u00e1rio.<\/p>\n<p class=\"yiv9389162417MsoNormal\" style=\"text-align: justify;\">Pelas redes sociais, o 29\u00ba Batalh\u00e3o de Pol\u00edcia Militar tamb\u00e9m se manifestou sobre a distribui\u00e7\u00e3o das cestas b\u00e1sicas em S\u00e3o Sebasti\u00e3o do Alto.<\/p>\n<p class=\"yiv9389162417MsoNormal\" style=\"text-align: justify;\"><i>\u201cIniciamos nossa noite mostrando mais um dia de a\u00e7\u00e3o social do 29\u00ba BPM! Dando continuidade \u00e0 distribui\u00e7\u00e3o de cestas b\u00e1sicas doadas pela ONG Para\u00edso dos Focinhos-RJ, na manh\u00e3 desta quinta-feira, 20, a v\u00e1rias fam\u00edlias da localidade de S\u00e3o Sebasti\u00e3o do Alto, que foram beneficiadas atrav\u00e9s desse gesto de solidariedade. N\u00e3o h\u00e1 satisfa\u00e7\u00e3o maior do que aquela que sentimos, quando proporcionamos alegria aos outros\u201d<\/i>, revela o post.<\/p>\n<p><strong>Com informa\u00e7\u00f5es: DECOM\/Itaperuna\/RJ<\/strong><\/p>\n<p class=\"yiv9389162417MsoNormal\" style=\"text-align: justify;\">&nbsp;<\/p>\n<p class=\"yiv9389162417MsoNormal\" style=\"text-align: justify;\">&nbsp;<\/p>\n","protected":false},"excerpt":{"rendered":"<p>Em Itaperuna, a Secretaria Municipal de Assist\u00eancia Social, Trabalho e Habita\u00e7\u00e3o em parceria com o 29\u00ba Batalh\u00e3o de Pol\u00edcia Militar &#8211; PMERJ realizaram mais uma entrega de cestas b\u00e1sicas. As cestas foram doadas pela ONG Para\u00edso dos Focinhos-RJ e, desta vez, as fam\u00edlias beneficiadas foram da localidade de S\u00e3o Sebasti\u00e3o do Alto.<\/p>\n","protected":false},"author":19,"featured_media":388114,"comment_status":"open","ping_status":"closed","sticky":false,"template":"","format":"standard","meta":{"ngg_post_thumbnail":0,"footnotes":""},"categories":[91],"tags":[],"class_list":["post-388113","post","type-post","status-publish","format-standard","has-post-thumbnail","hentry","category-geral"],"yoast_head":"<!-- This site is optimized with the Yoast SEO plugin v20.11 - https:\/\/yoast.com\/wordpress\/plugins\/seo\/ -->\n<title>Itaperuna: Assist\u00eancia Social da PMI e 29\u00ba BPM distribuem cestas b\u00e1sicas - O Itaperunense<\/title>\n<meta name=\"robots\" content=\"index, follow, max-snippet:-1, max-image-preview:large, max-video-preview:-1\" \/>\n<link rel=\"canonical\" href=\"https:\/\/www.oitaperunense.com.br\/site\/itaperuna-assistencia-social-da-pmi-e-29o-bpm-distribuem-cestas-basicas\/\" \/>\n<meta property=\"og:locale\" content=\"pt_BR\" \/>\n<meta property=\"og:type\" content=\"article\" \/>\n<meta property=\"og:title\" content=\"Itaperuna: Assist\u00eancia Social da PMI e 29\u00ba BPM distribuem cestas b\u00e1sicas - O Itaperunense\" \/>\n<meta property=\"og:description\" content=\"Em Itaperuna, a Secretaria Municipal de Assist\u00eancia Social, Trabalho e Habita\u00e7\u00e3o em parceria com o 29\u00ba Batalh\u00e3o de Pol\u00edcia Militar &#8211; PMERJ realizaram mais uma entrega de cestas b\u00e1sicas. As cestas foram doadas pela ONG Para\u00edso dos Focinhos-RJ e, desta vez, as fam\u00edlias beneficiadas foram da localidade de S\u00e3o Sebasti\u00e3o do Alto.\" \/>\n<meta property=\"og:url\" content=\"https:\/\/www.oitaperunense.com.br\/site\/itaperuna-assistencia-social-da-pmi-e-29o-bpm-distribuem-cestas-basicas\/\" \/>\n<meta property=\"og:site_name\" content=\"O Itaperunense\" \/>\n<meta property=\"article:publisher\" content=\"https:\/\/www.facebook.com\/jornaloitaperunense\" \/>\n<meta property=\"article:published_time\" content=\"2022-01-26T14:55:06+00:00\" \/>\n<meta property=\"og:image\" content=\"https:\/\/www.oitaperunense.com.br\/site\/wp-content\/uploads\/2022\/01\/deco5.jpg\" \/>\n\t<meta property=\"og:image:width\" content=\"700\" \/>\n\t<meta property=\"og:image:height\" content=\"445\" \/>\n\t<meta property=\"og:image:type\" content=\"image\/jpeg\" \/>\n<meta name=\"author\" content=\"Andr\u00e9\" \/>\n<meta name=\"twitter:card\" content=\"summary_large_image\" \/>\n<meta name=\"twitter:label1\" content=\"Escrito por\" \/>\n\t<meta name=\"twitter:data1\" content=\"Andr\u00e9\" \/>\n\t<meta name=\"twitter:label2\" content=\"Est. tempo de leitura\" \/>\n\t<meta name=\"twitter:data2\" content=\"1 minuto\" \/>\n<script type=\"application\/ld+json\" class=\"yoast-schema-graph\">{\"@context\":\"https:\/\/schema.org\",\"@graph\":[{\"@type\":\"WebPage\",\"@id\":\"https:\/\/www.oitaperunense.com.br\/site\/itaperuna-assistencia-social-da-pmi-e-29o-bpm-distribuem-cestas-basicas\/\",\"url\":\"https:\/\/www.oitaperunense.com.br\/site\/itaperuna-assistencia-social-da-pmi-e-29o-bpm-distribuem-cestas-basicas\/\",\"name\":\"Itaperuna: Assist\u00eancia Social da PMI e 29\u00ba BPM distribuem cestas b\u00e1sicas - O Itaperunense\",\"isPartOf\":{\"@id\":\"https:\/\/www.oitaperunense.com.br\/site\/#website\"},\"datePublished\":\"2022-01-26T14:55:06+00:00\",\"dateModified\":\"2022-01-26T14:55:06+00:00\",\"author\":{\"@id\":\"https:\/\/www.oitaperunense.com.br\/site\/#\/schema\/person\/4a5b86c112157bc0a4492f4fd6b7939f\"},\"breadcrumb\":{\"@id\":\"https:\/\/www.oitaperunense.com.br\/site\/itaperuna-assistencia-social-da-pmi-e-29o-bpm-distribuem-cestas-basicas\/#breadcrumb\"},\"inLanguage\":\"pt-BR\",\"potentialAction\":[{\"@type\":\"ReadAction\",\"target\":[\"https:\/\/www.oitaperunense.com.br\/site\/itaperuna-assistencia-social-da-pmi-e-29o-bpm-distribuem-cestas-basicas\/\"]}]},{\"@type\":\"BreadcrumbList\",\"@id\":\"https:\/\/www.oitaperunense.com.br\/site\/itaperuna-assistencia-social-da-pmi-e-29o-bpm-distribuem-cestas-basicas\/#breadcrumb\",\"itemListElement\":[{\"@type\":\"ListItem\",\"position\":1,\"name\":\"Home\",\"item\":\"https:\/\/www.oitaperunense.com.br\/site\/\"},{\"@type\":\"ListItem\",\"position\":2,\"name\":\"Itaperuna: Assist\u00eancia Social da PMI e 29\u00ba BPM distribuem cestas b\u00e1sicas\"}]},{\"@type\":\"WebSite\",\"@id\":\"https:\/\/www.oitaperunense.com.br\/site\/#website\",\"url\":\"https:\/\/www.oitaperunense.com.br\/site\/\",\"name\":\"O Itaperunense\",\"description\":\"\",\"potentialAction\":[{\"@type\":\"SearchAction\",\"target\":{\"@type\":\"EntryPoint\",\"urlTemplate\":\"https:\/\/www.oitaperunense.com.br\/site\/?s={search_term_string}\"},\"query-input\":\"required name=search_term_string\"}],\"inLanguage\":\"pt-BR\"},{\"@type\":\"Person\",\"@id\":\"https:\/\/www.oitaperunense.com.br\/site\/#\/schema\/person\/4a5b86c112157bc0a4492f4fd6b7939f\",\"name\":\"Andr\u00e9\",\"image\":{\"@type\":\"ImageObject\",\"inLanguage\":\"pt-BR\",\"@id\":\"https:\/\/www.oitaperunense.com.br\/site\/#\/schema\/person\/image\/\",\"url\":\"https:\/\/secure.gravatar.com\/avatar\/7a7a912ec2c8cd6a390040b03329ee7a71bbd5f81ac3557b6a68208f263fc97b?s=96&d=mm&r=g\",\"contentUrl\":\"https:\/\/secure.gravatar.com\/avatar\/7a7a912ec2c8cd6a390040b03329ee7a71bbd5f81ac3557b6a68208f263fc97b?s=96&d=mm&r=g\",\"caption\":\"Andr\u00e9\"},\"url\":\"https:\/\/www.oitaperunense.com.br\/site\/author\/andre\/\"}]}<\/script>\n<!-- \/ Yoast SEO plugin. -->","yoast_head_json":{"title":"Itaperuna: Assist\u00eancia Social da PMI e 29\u00ba BPM distribuem cestas b\u00e1sicas - O Itaperunense","robots":{"index":"index","follow":"follow","max-snippet":"max-snippet:-1","max-image-preview":"max-image-preview:large","max-video-preview":"max-video-preview:-1"},"canonical":"https:\/\/www.oitaperunense.com.br\/site\/itaperuna-assistencia-social-da-pmi-e-29o-bpm-distribuem-cestas-basicas\/","og_locale":"pt_BR","og_type":"article","og_title":"Itaperuna: Assist\u00eancia Social da PMI e 29\u00ba BPM distribuem cestas b\u00e1sicas - O Itaperunense","og_description":"Em Itaperuna, a Secretaria Municipal de Assist\u00eancia Social, Trabalho e Habita\u00e7\u00e3o em parceria com o 29\u00ba Batalh\u00e3o de Pol\u00edcia Militar &#8211; PMERJ realizaram mais uma entrega de cestas b\u00e1sicas. As cestas foram doadas pela ONG Para\u00edso dos Focinhos-RJ e, desta vez, as fam\u00edlias beneficiadas foram da localidade de S\u00e3o Sebasti\u00e3o do Alto.","og_url":"https:\/\/www.oitaperunense.com.br\/site\/itaperuna-assistencia-social-da-pmi-e-29o-bpm-distribuem-cestas-basicas\/","og_site_name":"O Itaperunense","article_publisher":"https:\/\/www.facebook.com\/jornaloitaperunense","article_published_time":"2022-01-26T14:55:06+00:00","og_image":[{"width":700,"height":445,"url":"https:\/\/www.oitaperunense.com.br\/site\/wp-content\/uploads\/2022\/01\/deco5.jpg","type":"image\/jpeg"}],"author":"Andr\u00e9","twitter_card":"summary_large_image","twitter_misc":{"Escrito por":"Andr\u00e9","Est. tempo de leitura":"1 minuto"},"schema":{"@context":"https:\/\/schema.org","@graph":[{"@type":"WebPage","@id":"https:\/\/www.oitaperunense.com.br\/site\/itaperuna-assistencia-social-da-pmi-e-29o-bpm-distribuem-cestas-basicas\/","url":"https:\/\/www.oitaperunense.com.br\/site\/itaperuna-assistencia-social-da-pmi-e-29o-bpm-distribuem-cestas-basicas\/","name":"Itaperuna: Assist\u00eancia Social da PMI e 29\u00ba BPM distribuem cestas b\u00e1sicas - O Itaperunense","isPartOf":{"@id":"https:\/\/www.oitaperunense.com.br\/site\/#website"},"datePublished":"2022-01-26T14:55:06+00:00","dateModified":"2022-01-26T14:55:06+00:00","author":{"@id":"https:\/\/www.oitaperunense.com.br\/site\/#\/schema\/person\/4a5b86c112157bc0a4492f4fd6b7939f"},"breadcrumb":{"@id":"https:\/\/www.oitaperunense.com.br\/site\/itaperuna-assistencia-social-da-pmi-e-29o-bpm-distribuem-cestas-basicas\/#breadcrumb"},"inLanguage":"pt-BR","potentialAction":[{"@type":"ReadAction","target":["https:\/\/www.oitaperunense.com.br\/site\/itaperuna-assistencia-social-da-pmi-e-29o-bpm-distribuem-cestas-basicas\/"]}]},{"@type":"BreadcrumbList","@id":"https:\/\/www.oitaperunense.com.br\/site\/itaperuna-assistencia-social-da-pmi-e-29o-bpm-distribuem-cestas-basicas\/#breadcrumb","itemListElement":[{"@type":"ListItem","position":1,"name":"Home","item":"https:\/\/www.oitaperunense.com.br\/site\/"},{"@type":"ListItem","position":2,"name":"Itaperuna: Assist\u00eancia Social da PMI e 29\u00ba BPM distribuem cestas b\u00e1sicas"}]},{"@type":"WebSite","@id":"https:\/\/www.oitaperunense.com.br\/site\/#website","url":"https:\/\/www.oitaperunense.com.br\/site\/","name":"O Itaperunense","description":"","potentialAction":[{"@type":"SearchAction","target":{"@type":"EntryPoint","urlTemplate":"https:\/\/www.oitaperunense.com.br\/site\/?s={search_term_string}"},"query-input":"required name=search_term_string"}],"inLanguage":"pt-BR"},{"@type":"Person","@id":"https:\/\/www.oitaperunense.com.br\/site\/#\/schema\/person\/4a5b86c112157bc0a4492f4fd6b7939f","name":"Andr\u00e9","image":{"@type":"ImageObject","inLanguage":"pt-BR","@id":"https:\/\/www.oitaperunense.com.br\/site\/#\/schema\/person\/image\/","url":"https:\/\/secure.gravatar.com\/avatar\/7a7a912ec2c8cd6a390040b03329ee7a71bbd5f81ac3557b6a68208f263fc97b?s=96&d=mm&r=g","contentUrl":"https:\/\/secure.gravatar.com\/avatar\/7a7a912ec2c8cd6a390040b03329ee7a71bbd5f81ac3557b6a68208f263fc97b?s=96&d=mm&r=g","caption":"Andr\u00e9"},"url":"https:\/\/www.oitaperunense.com.br\/site\/author\/andre\/"}]}},"cc_featured_image_caption":{"caption_text":"","source_text":"","source_url":""},"_links":{"self":[{"href":"https:\/\/www.oitaperunense.com.br\/site\/wp-json\/wp\/v2\/posts\/388113","targetHints":{"allow":["GET"]}}],"collection":[{"href":"https:\/\/www.oitaperunense.com.br\/site\/wp-json\/wp\/v2\/posts"}],"about":[{"href":"https:\/\/www.oitaperunense.com.br\/site\/wp-json\/wp\/v2\/types\/post"}],"author":[{"embeddable":true,"href":"https:\/\/www.oitaperunense.com.br\/site\/wp-json\/wp\/v2\/users\/19"}],"replies":[{"embeddable":true,"href":"https:\/\/www.oitaperunense.com.br\/site\/wp-json\/wp\/v2\/comments?post=388113"}],"version-history":[{"count":2,"href":"https:\/\/www.oitaperunense.com.br\/site\/wp-json\/wp\/v2\/posts\/388113\/revisions"}],"predecessor-version":[{"id":388116,"href":"https:\/\/www.oitaperunense.com.br\/site\/wp-json\/wp\/v2\/posts\/388113\/revisions\/388116"}],"wp:featuredmedia":[{"embeddable":true,"href":"https:\/\/www.oitaperunense.com.br\/site\/wp-json\/wp\/v2\/media\/388114"}],"wp:attachment":[{"href":"https:\/\/www.oitaperunense.com.br\/site\/wp-json\/wp\/v2\/media?parent=388113"}],"wp:term":[{"taxonomy":"category","embeddable":true,"href":"https:\/\/www.oitaperunense.com.br\/site\/wp-json\/wp\/v2\/categories?post=388113"},{"taxonomy":"post_tag","embeddable":true,"href":"https:\/\/www.oitaperunense.com.br\/site\/wp-json\/wp\/v2\/tags?post=388113"}],"curies":[{"name":"wp","href":"https:\/\/api.w.org\/{rel}","templated":true}]}}