{"id":388109,"date":"2022-01-25T09:07:52","date_gmt":"2022-01-25T12:07:52","guid":{"rendered":"http:\/\/www.oitaperunense.com.br\/site\/?p=388109"},"modified":"2022-01-25T09:08:45","modified_gmt":"2022-01-25T12:08:45","slug":"garotinho-troca-castro-por-ceciliano-como-preferido-para-disputa-ao-estado","status":"publish","type":"post","link":"https:\/\/www.oitaperunense.com.br\/site\/garotinho-troca-castro-por-ceciliano-como-preferido-para-disputa-ao-estado\/","title":{"rendered":"Garotinho troca Castro por Ceciliano como preferido para disputa ao estado"},"content":{"rendered":"<p style=\"text-align: center;\" align=\"justify\"><em><strong>O ex-governador Anthony Garotinho afirma que j\u00e1 pode se considerar candidato a deputado federal<\/strong><\/em><\/p>\n<p style=\"text-align: justify;\" align=\"justify\">A poss\u00edvel candidatura do presidente da Assembleia Legislativa, Andr\u00e9 Ceciliano (PT), ao governo do estado ganhou ontem um incentivo para l\u00e1 de surpreendente: o do ex-governador Anthony Garotinho. O encontro com Ceciliano e com o presidente estadual do PT, Jo\u00e3o Maur\u00edcio de Freitas, o Jo\u00e3ozinho, foi no apartamento de Garotinho no Flamengo. \u201cCoisa de campe\u00e3o\u201d, disse o l\u00edder pol\u00edtico do Norte Fluminense.<\/p>\n<p align=\"justify\"><!--more--><\/p>\n<p style=\"text-align: justify;\" align=\"left\"><strong>Laranjas podres<\/strong><\/p>\n<p style=\"text-align: justify;\" align=\"justify\">O ex-governador confirmou que estava encorajando Ceciliano a disputar o comando do Pal\u00e1cio Guanabara \u2014 apesar de j\u00e1 ter declarado apoio \u00e0 reelei\u00e7\u00e3o de Cl\u00e1udio Castro (PL).<\/p>\n<p style=\"text-align: justify;\" align=\"justify\">\u201cInfelizmente, o governador est\u00e1 cercado de algumas laranjas podres. Entre elas, o secret\u00e1rio de Governo, Rodrigo Bacellar. E estas laranjas est\u00e3o estragando o governo dele\u201d, explicou a mudan\u00e7a de rumo.<\/p>\n<p style=\"text-align: justify;\" align=\"left\"><strong>Inten\u00e7\u00f5es<\/strong><\/p>\n<p style=\"text-align: justify;\" align=\"justify\">Garotinho elogiou Castro, mas se disse desiludido com o governo do mo\u00e7o:<\/p>\n<p style=\"text-align: justify;\" align=\"justify\">\u201cEle pode at\u00e9 ser bem intencionado, mas de gente bem intencionada o inferno est\u00e1 cheio\u201d.<\/p>\n<p style=\"text-align: justify;\" align=\"left\"><strong>De volta<\/strong><\/p>\n<p style=\"text-align: justify;\" align=\"justify\">O ex-governador Anthony Garotinho afirma que j\u00e1 pode se considerar candidato a deputado federal.<\/p>\n<p style=\"text-align: justify;\" align=\"justify\">Afinal, s\u00f3 falta pagar uma multa para recuperar os seus direitos pol\u00edticos. No processo de cal\u00fania contra o juiz Marcelo Leonardo, foi condenado a pagar R$ 714 mil. Conseguiu reduziar para R$ 312 mil.<\/p>\n<p style=\"text-align: justify;\" align=\"justify\">Entrou com novo recurso, que ser\u00e1 julgado no dia 31, e espera ver a puni\u00e7\u00e3o cair para algo em torno de R$ 200 mil \u2014 a ser pago parceladamente.<\/p>\n<p style=\"text-align: justify;\" align=\"justify\">E a\u00ed, estar\u00e1 livre para concorrer em outubro.<\/p>\n<p style=\"text-align: justify;\" align=\"justify\">\u201cSe tiver metade dos quase 700 mil votos que tive em 2010 j\u00e1 estou feliz\u201d, brincou.<\/p>\n<p align=\"justify\"><strong>Coluna Extra, Extra<\/strong><\/p>\n<p align=\"justify\"><strong>Por: Berenice Seara em <time class=\"published\" datetime=\"2022-01-25T06:30:00-03:00\">25\/01\/22 06:30<\/time>&nbsp;<\/strong><\/p>\n<p align=\"justify\"><strong>Foto: Gustavo Miranda\/Ag\u00eancia O Globo<\/strong><\/p>\n","protected":false},"excerpt":{"rendered":"<p>O ex-governador Anthony Garotinho afirma que j\u00e1 pode se considerar candidato a deputado federal A poss\u00edvel candidatura do presidente da Assembleia Legislativa, Andr\u00e9 Ceciliano (PT), ao governo do estado ganhou ontem um incentivo para l\u00e1 de surpreendente: o do ex-governador Anthony Garotinho. O encontro com Ceciliano e com o presidente estadual do PT, Jo\u00e3o Maur\u00edcio [&hellip;]<\/p>\n","protected":false},"author":19,"featured_media":388110,"comment_status":"open","ping_status":"closed","sticky":false,"template":"","format":"standard","meta":{"ngg_post_thumbnail":0,"footnotes":""},"categories":[13],"tags":[],"class_list":["post-388109","post","type-post","status-publish","format-standard","has-post-thumbnail","hentry","category-politica"],"yoast_head":"<!-- This site is optimized with the Yoast SEO plugin v20.11 - https:\/\/yoast.com\/wordpress\/plugins\/seo\/ -->\n<title>Garotinho troca Castro por Ceciliano como preferido para disputa ao estado - O Itaperunense<\/title>\n<meta name=\"robots\" content=\"index, follow, max-snippet:-1, max-image-preview:large, max-video-preview:-1\" \/>\n<link rel=\"canonical\" href=\"https:\/\/www.oitaperunense.com.br\/site\/garotinho-troca-castro-por-ceciliano-como-preferido-para-disputa-ao-estado\/\" \/>\n<meta property=\"og:locale\" content=\"pt_BR\" \/>\n<meta property=\"og:type\" content=\"article\" \/>\n<meta property=\"og:title\" content=\"Garotinho troca Castro por Ceciliano como preferido para disputa ao estado - O Itaperunense\" \/>\n<meta property=\"og:description\" content=\"O ex-governador Anthony Garotinho afirma que j\u00e1 pode se considerar candidato a deputado federal A poss\u00edvel candidatura do presidente da Assembleia Legislativa, Andr\u00e9 Ceciliano (PT), ao governo do estado ganhou ontem um incentivo para l\u00e1 de surpreendente: o do ex-governador Anthony Garotinho. O encontro com Ceciliano e com o presidente estadual do PT, Jo\u00e3o Maur\u00edcio [&hellip;]\" \/>\n<meta property=\"og:url\" content=\"https:\/\/www.oitaperunense.com.br\/site\/garotinho-troca-castro-por-ceciliano-como-preferido-para-disputa-ao-estado\/\" \/>\n<meta property=\"og:site_name\" content=\"O Itaperunense\" \/>\n<meta property=\"article:publisher\" content=\"https:\/\/www.facebook.com\/jornaloitaperunense\" \/>\n<meta property=\"article:published_time\" content=\"2022-01-25T12:07:52+00:00\" \/>\n<meta property=\"article:modified_time\" content=\"2022-01-25T12:08:45+00:00\" \/>\n<meta property=\"og:image\" content=\"https:\/\/www.oitaperunense.com.br\/site\/wp-content\/uploads\/2022\/01\/fd32.jpg\" \/>\n\t<meta property=\"og:image:width\" content=\"700\" \/>\n\t<meta property=\"og:image:height\" content=\"394\" \/>\n\t<meta property=\"og:image:type\" content=\"image\/jpeg\" \/>\n<meta name=\"author\" content=\"Andr\u00e9\" \/>\n<meta name=\"twitter:card\" content=\"summary_large_image\" \/>\n<meta name=\"twitter:label1\" content=\"Escrito por\" \/>\n\t<meta name=\"twitter:data1\" content=\"Andr\u00e9\" \/>\n\t<meta name=\"twitter:label2\" content=\"Est. tempo de leitura\" \/>\n\t<meta name=\"twitter:data2\" content=\"2 minutos\" \/>\n<script type=\"application\/ld+json\" class=\"yoast-schema-graph\">{\"@context\":\"https:\/\/schema.org\",\"@graph\":[{\"@type\":\"WebPage\",\"@id\":\"https:\/\/www.oitaperunense.com.br\/site\/garotinho-troca-castro-por-ceciliano-como-preferido-para-disputa-ao-estado\/\",\"url\":\"https:\/\/www.oitaperunense.com.br\/site\/garotinho-troca-castro-por-ceciliano-como-preferido-para-disputa-ao-estado\/\",\"name\":\"Garotinho troca Castro por Ceciliano como preferido para disputa ao estado - O Itaperunense\",\"isPartOf\":{\"@id\":\"https:\/\/www.oitaperunense.com.br\/site\/#website\"},\"datePublished\":\"2022-01-25T12:07:52+00:00\",\"dateModified\":\"2022-01-25T12:08:45+00:00\",\"author\":{\"@id\":\"https:\/\/www.oitaperunense.com.br\/site\/#\/schema\/person\/4a5b86c112157bc0a4492f4fd6b7939f\"},\"breadcrumb\":{\"@id\":\"https:\/\/www.oitaperunense.com.br\/site\/garotinho-troca-castro-por-ceciliano-como-preferido-para-disputa-ao-estado\/#breadcrumb\"},\"inLanguage\":\"pt-BR\",\"potentialAction\":[{\"@type\":\"ReadAction\",\"target\":[\"https:\/\/www.oitaperunense.com.br\/site\/garotinho-troca-castro-por-ceciliano-como-preferido-para-disputa-ao-estado\/\"]}]},{\"@type\":\"BreadcrumbList\",\"@id\":\"https:\/\/www.oitaperunense.com.br\/site\/garotinho-troca-castro-por-ceciliano-como-preferido-para-disputa-ao-estado\/#breadcrumb\",\"itemListElement\":[{\"@type\":\"ListItem\",\"position\":1,\"name\":\"Home\",\"item\":\"https:\/\/www.oitaperunense.com.br\/site\/\"},{\"@type\":\"ListItem\",\"position\":2,\"name\":\"Garotinho troca Castro por Ceciliano como preferido para disputa ao estado\"}]},{\"@type\":\"WebSite\",\"@id\":\"https:\/\/www.oitaperunense.com.br\/site\/#website\",\"url\":\"https:\/\/www.oitaperunense.com.br\/site\/\",\"name\":\"O Itaperunense\",\"description\":\"\",\"potentialAction\":[{\"@type\":\"SearchAction\",\"target\":{\"@type\":\"EntryPoint\",\"urlTemplate\":\"https:\/\/www.oitaperunense.com.br\/site\/?s={search_term_string}\"},\"query-input\":\"required name=search_term_string\"}],\"inLanguage\":\"pt-BR\"},{\"@type\":\"Person\",\"@id\":\"https:\/\/www.oitaperunense.com.br\/site\/#\/schema\/person\/4a5b86c112157bc0a4492f4fd6b7939f\",\"name\":\"Andr\u00e9\",\"image\":{\"@type\":\"ImageObject\",\"inLanguage\":\"pt-BR\",\"@id\":\"https:\/\/www.oitaperunense.com.br\/site\/#\/schema\/person\/image\/\",\"url\":\"https:\/\/secure.gravatar.com\/avatar\/7a7a912ec2c8cd6a390040b03329ee7a71bbd5f81ac3557b6a68208f263fc97b?s=96&d=mm&r=g\",\"contentUrl\":\"https:\/\/secure.gravatar.com\/avatar\/7a7a912ec2c8cd6a390040b03329ee7a71bbd5f81ac3557b6a68208f263fc97b?s=96&d=mm&r=g\",\"caption\":\"Andr\u00e9\"},\"url\":\"https:\/\/www.oitaperunense.com.br\/site\/author\/andre\/\"}]}<\/script>\n<!-- \/ Yoast SEO plugin. -->","yoast_head_json":{"title":"Garotinho troca Castro por Ceciliano como preferido para disputa ao estado - O Itaperunense","robots":{"index":"index","follow":"follow","max-snippet":"max-snippet:-1","max-image-preview":"max-image-preview:large","max-video-preview":"max-video-preview:-1"},"canonical":"https:\/\/www.oitaperunense.com.br\/site\/garotinho-troca-castro-por-ceciliano-como-preferido-para-disputa-ao-estado\/","og_locale":"pt_BR","og_type":"article","og_title":"Garotinho troca Castro por Ceciliano como preferido para disputa ao estado - O Itaperunense","og_description":"O ex-governador Anthony Garotinho afirma que j\u00e1 pode se considerar candidato a deputado federal A poss\u00edvel candidatura do presidente da Assembleia Legislativa, Andr\u00e9 Ceciliano (PT), ao governo do estado ganhou ontem um incentivo para l\u00e1 de surpreendente: o do ex-governador Anthony Garotinho. O encontro com Ceciliano e com o presidente estadual do PT, Jo\u00e3o Maur\u00edcio [&hellip;]","og_url":"https:\/\/www.oitaperunense.com.br\/site\/garotinho-troca-castro-por-ceciliano-como-preferido-para-disputa-ao-estado\/","og_site_name":"O Itaperunense","article_publisher":"https:\/\/www.facebook.com\/jornaloitaperunense","article_published_time":"2022-01-25T12:07:52+00:00","article_modified_time":"2022-01-25T12:08:45+00:00","og_image":[{"width":700,"height":394,"url":"https:\/\/www.oitaperunense.com.br\/site\/wp-content\/uploads\/2022\/01\/fd32.jpg","type":"image\/jpeg"}],"author":"Andr\u00e9","twitter_card":"summary_large_image","twitter_misc":{"Escrito por":"Andr\u00e9","Est. tempo de leitura":"2 minutos"},"schema":{"@context":"https:\/\/schema.org","@graph":[{"@type":"WebPage","@id":"https:\/\/www.oitaperunense.com.br\/site\/garotinho-troca-castro-por-ceciliano-como-preferido-para-disputa-ao-estado\/","url":"https:\/\/www.oitaperunense.com.br\/site\/garotinho-troca-castro-por-ceciliano-como-preferido-para-disputa-ao-estado\/","name":"Garotinho troca Castro por Ceciliano como preferido para disputa ao estado - O Itaperunense","isPartOf":{"@id":"https:\/\/www.oitaperunense.com.br\/site\/#website"},"datePublished":"2022-01-25T12:07:52+00:00","dateModified":"2022-01-25T12:08:45+00:00","author":{"@id":"https:\/\/www.oitaperunense.com.br\/site\/#\/schema\/person\/4a5b86c112157bc0a4492f4fd6b7939f"},"breadcrumb":{"@id":"https:\/\/www.oitaperunense.com.br\/site\/garotinho-troca-castro-por-ceciliano-como-preferido-para-disputa-ao-estado\/#breadcrumb"},"inLanguage":"pt-BR","potentialAction":[{"@type":"ReadAction","target":["https:\/\/www.oitaperunense.com.br\/site\/garotinho-troca-castro-por-ceciliano-como-preferido-para-disputa-ao-estado\/"]}]},{"@type":"BreadcrumbList","@id":"https:\/\/www.oitaperunense.com.br\/site\/garotinho-troca-castro-por-ceciliano-como-preferido-para-disputa-ao-estado\/#breadcrumb","itemListElement":[{"@type":"ListItem","position":1,"name":"Home","item":"https:\/\/www.oitaperunense.com.br\/site\/"},{"@type":"ListItem","position":2,"name":"Garotinho troca Castro por Ceciliano como preferido para disputa ao estado"}]},{"@type":"WebSite","@id":"https:\/\/www.oitaperunense.com.br\/site\/#website","url":"https:\/\/www.oitaperunense.com.br\/site\/","name":"O Itaperunense","description":"","potentialAction":[{"@type":"SearchAction","target":{"@type":"EntryPoint","urlTemplate":"https:\/\/www.oitaperunense.com.br\/site\/?s={search_term_string}"},"query-input":"required name=search_term_string"}],"inLanguage":"pt-BR"},{"@type":"Person","@id":"https:\/\/www.oitaperunense.com.br\/site\/#\/schema\/person\/4a5b86c112157bc0a4492f4fd6b7939f","name":"Andr\u00e9","image":{"@type":"ImageObject","inLanguage":"pt-BR","@id":"https:\/\/www.oitaperunense.com.br\/site\/#\/schema\/person\/image\/","url":"https:\/\/secure.gravatar.com\/avatar\/7a7a912ec2c8cd6a390040b03329ee7a71bbd5f81ac3557b6a68208f263fc97b?s=96&d=mm&r=g","contentUrl":"https:\/\/secure.gravatar.com\/avatar\/7a7a912ec2c8cd6a390040b03329ee7a71bbd5f81ac3557b6a68208f263fc97b?s=96&d=mm&r=g","caption":"Andr\u00e9"},"url":"https:\/\/www.oitaperunense.com.br\/site\/author\/andre\/"}]}},"cc_featured_image_caption":{"caption_text":"","source_text":"","source_url":""},"_links":{"self":[{"href":"https:\/\/www.oitaperunense.com.br\/site\/wp-json\/wp\/v2\/posts\/388109","targetHints":{"allow":["GET"]}}],"collection":[{"href":"https:\/\/www.oitaperunense.com.br\/site\/wp-json\/wp\/v2\/posts"}],"about":[{"href":"https:\/\/www.oitaperunense.com.br\/site\/wp-json\/wp\/v2\/types\/post"}],"author":[{"embeddable":true,"href":"https:\/\/www.oitaperunense.com.br\/site\/wp-json\/wp\/v2\/users\/19"}],"replies":[{"embeddable":true,"href":"https:\/\/www.oitaperunense.com.br\/site\/wp-json\/wp\/v2\/comments?post=388109"}],"version-history":[{"count":2,"href":"https:\/\/www.oitaperunense.com.br\/site\/wp-json\/wp\/v2\/posts\/388109\/revisions"}],"predecessor-version":[{"id":388112,"href":"https:\/\/www.oitaperunense.com.br\/site\/wp-json\/wp\/v2\/posts\/388109\/revisions\/388112"}],"wp:featuredmedia":[{"embeddable":true,"href":"https:\/\/www.oitaperunense.com.br\/site\/wp-json\/wp\/v2\/media\/388110"}],"wp:attachment":[{"href":"https:\/\/www.oitaperunense.com.br\/site\/wp-json\/wp\/v2\/media?parent=388109"}],"wp:term":[{"taxonomy":"category","embeddable":true,"href":"https:\/\/www.oitaperunense.com.br\/site\/wp-json\/wp\/v2\/categories?post=388109"},{"taxonomy":"post_tag","embeddable":true,"href":"https:\/\/www.oitaperunense.com.br\/site\/wp-json\/wp\/v2\/tags?post=388109"}],"curies":[{"name":"wp","href":"https:\/\/api.w.org\/{rel}","templated":true}]}}