{"id":388101,"date":"2022-01-25T07:16:44","date_gmt":"2022-01-25T10:16:44","guid":{"rendered":"http:\/\/www.oitaperunense.com.br\/site\/?p=388101"},"modified":"2022-01-25T07:16:44","modified_gmt":"2022-01-25T10:16:44","slug":"itaperuna-dia-municipal-da-cultura-e-instituido-em-homenagem-ao-ex-prefeito-claudao","status":"publish","type":"post","link":"https:\/\/www.oitaperunense.com.br\/site\/itaperuna-dia-municipal-da-cultura-e-instituido-em-homenagem-ao-ex-prefeito-claudao\/","title":{"rendered":"Itaperuna: Dia Municipal da Cultura \u00e9 institu\u00eddo em homenagem ao ex-prefeito Claud\u00e3o"},"content":{"rendered":"<p class=\"yiv4528957417MsoNormal\" style=\"text-align: center;\"><em><strong>Claud\u00e3o faleceu no dia 16 de janeiro de 2011, a poucos dias de completar 92 anos<\/strong><\/em><\/p>\n<p class=\"yiv4528957417MsoNormal\" style=\"text-align: justify;\">Em Itaperuna, o dia 24 de janeiro fica institu\u00eddo como o Dia Municipal da Cultura, em homenagem ao anivers\u00e1rio de nascimento do saudoso ex-prefeito Cl\u00e1udio Cerqueira Bastos, o eterno Claud\u00e3o.<\/p>\n<p><!--more--><\/p>\n<p class=\"yiv4528957417MsoNormal\" style=\"text-align: justify;\">Ao pronunciar a palavra \u2018Itaperuna\u2019, alguns nomes surgem na mem\u00f3ria de maneira muito especial, certo de que s\u00e3o pessoas que contribu\u00edram de forma muito significativa para o crescimento do munic\u00edpio, dentre essas personalidades, padre Humberto Joseph Lindelauf, Dr. Renam Catharina Tinoco, dentre outros; al\u00e9m do eterno Claud\u00e3o, o homem do povo.<\/p>\n<p class=\"yiv4528957417MsoNormal\" style=\"text-align: justify;\">A hist\u00f3ria de Claud\u00e3o, confunde-se com a hist\u00f3ria de Itaperuna, afinal, muitas s\u00e3o as obras \u201cassinadas\u201d por ele, como por exemplo, o cal\u00e7ad\u00e3o da Avenida Cardoso Moreira, que na \u00e9poca de sua constru\u00e7\u00e3o, muitos diziam ser loucura, pois, n\u00e3o havia muitos carros na cidade. Claud\u00e3o estava com os olhos fixos no futuro!<\/p>\n<p class=\"yiv4528957417MsoNormal\" style=\"text-align: justify;\">O monumento ao Cristo Redentor \u00e9 outra importante obra no munic\u00edpio, cuja atua\u00e7\u00e3o de Claud\u00e3o foi determinante.<\/p>\n<p class=\"yiv4528957417MsoNormal\" style=\"text-align: justify;\">E muitas outras obras mais, idealizadas por Claud\u00e3o, est\u00e3o espalhadas pela cidade, entre elas, o \u2018corte de pedra\u2019 da Rua General Os\u00f3rio, que possibilitou consider\u00e1vel melhoria no tr\u00e2nsito itaperunense. A ponte mais famosa da regi\u00e3o, que liga o Centro aos bairros Fiteiro e Niter\u00f3i, local onde h\u00e1 uma est\u00e1tua em sua homenagem.<\/p>\n<p class=\"yiv4528957417MsoNormal\" style=\"text-align: justify;\">O Clube Renascen\u00e7a, a sede social da Associa\u00e7\u00e3o Atl\u00e9tica Banco do Brasil (AABB), a institui\u00e7\u00e3o da Sociedade Musical Itaperunense e a constru\u00e7\u00e3o da arquibancada do Est\u00e1dio Jair Bittencourt s\u00e3o outras heran\u00e7as deixadas por Claud\u00e3o, para o munic\u00edpio.<\/p>\n<p class=\"yiv4528957417MsoNormal\" style=\"text-align: justify;\"><b>O HOMEM DO POVO<\/b><\/p>\n<p class=\"yiv4528957417MsoNormal\" style=\"text-align: justify;\">Nasceu no distrito de Comendador Ven\u00e2ncio, em 24 de janeiro de 1919. Come\u00e7ou a trabalhar ainda adolescente, ajudando o pai em uma padaria. Tamb\u00e9m trabalhou como auxiliar de farm\u00e1cia, vendedor em loja, funcion\u00e1rio na Estrada de Ferro Leopoldina e, posteriormente, no Banco do Brasil. Somente ap\u00f3s a sua aposentadoria \u00e9 que decidiu se dedicar \u00e0 vida pol\u00edtica, tornando-se prefeito de Itaperuna em tr\u00eas oportunidades.<\/p>\n<p class=\"yiv4528957417MsoNormal\" style=\"text-align: justify;\">Claud\u00e3o faleceu no dia 16 de janeiro de 2011, a poucos dias de completar 92 anos. Durante o \u00faltimo mandato, era o segundo prefeito em exerc\u00edcio mais idoso do Brasil, perdendo em idade apenas para o imigrante japon\u00eas Susumo Itimura, prefeito de Ura\u00ed, no Paran\u00e1, com 92 anos naquela \u00e9poca.<\/p>\n<p class=\"yiv4528957417MsoNormal\" style=\"text-align: justify;\">O eterno homem do povo segue imortal, acenando para a cidade em local de destaque na ponte idealizada por ele. E por falar em ponte (uma de suas obras preferidas), disse em certa oportunidade: \u201cponte liga as pessoas umas \u00e0s outras\u201d.<\/p>\n<p class=\"yiv4528957417MsoNormal\" style=\"text-align: justify;\">&nbsp;<\/p>\n<p class=\"yiv4528957417MsoNormal\" style=\"text-align: justify;\"><b>Com informa\u00e7\u00f5es: DECOM\/Itaperuna\/RJ<\/b><\/p>\n<p class=\"yiv4528957417MsoNormal\" style=\"text-align: justify;\"><b><i>Foto: arquivo &#8211; Decom<\/i><\/b><\/p>\n","protected":false},"excerpt":{"rendered":"<p>Claud\u00e3o faleceu no dia 16 de janeiro de 2011, a poucos dias de completar 92 anos Em Itaperuna, o dia 24 de janeiro fica institu\u00eddo como o Dia Municipal da Cultura, em homenagem ao anivers\u00e1rio de nascimento do saudoso ex-prefeito Cl\u00e1udio Cerqueira Bastos, o eterno Claud\u00e3o.<\/p>\n","protected":false},"author":19,"featured_media":388102,"comment_status":"open","ping_status":"closed","sticky":false,"template":"","format":"standard","meta":{"ngg_post_thumbnail":0,"footnotes":""},"categories":[91],"tags":[],"class_list":["post-388101","post","type-post","status-publish","format-standard","has-post-thumbnail","hentry","category-geral"],"yoast_head":"<!-- This site is optimized with the Yoast SEO plugin v20.11 - https:\/\/yoast.com\/wordpress\/plugins\/seo\/ -->\n<title>Itaperuna: Dia Municipal da Cultura \u00e9 institu\u00eddo em homenagem ao ex-prefeito Claud\u00e3o - O Itaperunense<\/title>\n<meta name=\"robots\" content=\"index, follow, max-snippet:-1, max-image-preview:large, max-video-preview:-1\" \/>\n<link rel=\"canonical\" href=\"https:\/\/www.oitaperunense.com.br\/site\/itaperuna-dia-municipal-da-cultura-e-instituido-em-homenagem-ao-ex-prefeito-claudao\/\" \/>\n<meta property=\"og:locale\" content=\"pt_BR\" \/>\n<meta property=\"og:type\" content=\"article\" \/>\n<meta property=\"og:title\" content=\"Itaperuna: Dia Municipal da Cultura \u00e9 institu\u00eddo em homenagem ao ex-prefeito Claud\u00e3o - O Itaperunense\" \/>\n<meta property=\"og:description\" content=\"Claud\u00e3o faleceu no dia 16 de janeiro de 2011, a poucos dias de completar 92 anos Em Itaperuna, o dia 24 de janeiro fica institu\u00eddo como o Dia Municipal da Cultura, em homenagem ao anivers\u00e1rio de nascimento do saudoso ex-prefeito Cl\u00e1udio Cerqueira Bastos, o eterno Claud\u00e3o.\" \/>\n<meta property=\"og:url\" content=\"https:\/\/www.oitaperunense.com.br\/site\/itaperuna-dia-municipal-da-cultura-e-instituido-em-homenagem-ao-ex-prefeito-claudao\/\" \/>\n<meta property=\"og:site_name\" content=\"O Itaperunense\" \/>\n<meta property=\"article:publisher\" content=\"https:\/\/www.facebook.com\/jornaloitaperunense\" \/>\n<meta property=\"article:published_time\" content=\"2022-01-25T10:16:44+00:00\" \/>\n<meta property=\"og:image\" content=\"https:\/\/www.oitaperunense.com.br\/site\/wp-content\/uploads\/2022\/01\/CC43.jpg\" \/>\n\t<meta property=\"og:image:width\" content=\"700\" \/>\n\t<meta property=\"og:image:height\" content=\"473\" \/>\n\t<meta property=\"og:image:type\" content=\"image\/jpeg\" \/>\n<meta name=\"author\" content=\"Andr\u00e9\" \/>\n<meta name=\"twitter:card\" content=\"summary_large_image\" \/>\n<meta name=\"twitter:label1\" content=\"Escrito por\" \/>\n\t<meta name=\"twitter:data1\" content=\"Andr\u00e9\" \/>\n\t<meta name=\"twitter:label2\" content=\"Est. tempo de leitura\" \/>\n\t<meta name=\"twitter:data2\" content=\"2 minutos\" \/>\n<script type=\"application\/ld+json\" class=\"yoast-schema-graph\">{\"@context\":\"https:\/\/schema.org\",\"@graph\":[{\"@type\":\"WebPage\",\"@id\":\"https:\/\/www.oitaperunense.com.br\/site\/itaperuna-dia-municipal-da-cultura-e-instituido-em-homenagem-ao-ex-prefeito-claudao\/\",\"url\":\"https:\/\/www.oitaperunense.com.br\/site\/itaperuna-dia-municipal-da-cultura-e-instituido-em-homenagem-ao-ex-prefeito-claudao\/\",\"name\":\"Itaperuna: Dia Municipal da Cultura \u00e9 institu\u00eddo em homenagem ao ex-prefeito Claud\u00e3o - O Itaperunense\",\"isPartOf\":{\"@id\":\"https:\/\/www.oitaperunense.com.br\/site\/#website\"},\"datePublished\":\"2022-01-25T10:16:44+00:00\",\"dateModified\":\"2022-01-25T10:16:44+00:00\",\"author\":{\"@id\":\"https:\/\/www.oitaperunense.com.br\/site\/#\/schema\/person\/4a5b86c112157bc0a4492f4fd6b7939f\"},\"breadcrumb\":{\"@id\":\"https:\/\/www.oitaperunense.com.br\/site\/itaperuna-dia-municipal-da-cultura-e-instituido-em-homenagem-ao-ex-prefeito-claudao\/#breadcrumb\"},\"inLanguage\":\"pt-BR\",\"potentialAction\":[{\"@type\":\"ReadAction\",\"target\":[\"https:\/\/www.oitaperunense.com.br\/site\/itaperuna-dia-municipal-da-cultura-e-instituido-em-homenagem-ao-ex-prefeito-claudao\/\"]}]},{\"@type\":\"BreadcrumbList\",\"@id\":\"https:\/\/www.oitaperunense.com.br\/site\/itaperuna-dia-municipal-da-cultura-e-instituido-em-homenagem-ao-ex-prefeito-claudao\/#breadcrumb\",\"itemListElement\":[{\"@type\":\"ListItem\",\"position\":1,\"name\":\"Home\",\"item\":\"https:\/\/www.oitaperunense.com.br\/site\/\"},{\"@type\":\"ListItem\",\"position\":2,\"name\":\"Itaperuna: Dia Municipal da Cultura \u00e9 institu\u00eddo em homenagem ao ex-prefeito Claud\u00e3o\"}]},{\"@type\":\"WebSite\",\"@id\":\"https:\/\/www.oitaperunense.com.br\/site\/#website\",\"url\":\"https:\/\/www.oitaperunense.com.br\/site\/\",\"name\":\"O Itaperunense\",\"description\":\"\",\"potentialAction\":[{\"@type\":\"SearchAction\",\"target\":{\"@type\":\"EntryPoint\",\"urlTemplate\":\"https:\/\/www.oitaperunense.com.br\/site\/?s={search_term_string}\"},\"query-input\":\"required name=search_term_string\"}],\"inLanguage\":\"pt-BR\"},{\"@type\":\"Person\",\"@id\":\"https:\/\/www.oitaperunense.com.br\/site\/#\/schema\/person\/4a5b86c112157bc0a4492f4fd6b7939f\",\"name\":\"Andr\u00e9\",\"image\":{\"@type\":\"ImageObject\",\"inLanguage\":\"pt-BR\",\"@id\":\"https:\/\/www.oitaperunense.com.br\/site\/#\/schema\/person\/image\/\",\"url\":\"https:\/\/secure.gravatar.com\/avatar\/7a7a912ec2c8cd6a390040b03329ee7a71bbd5f81ac3557b6a68208f263fc97b?s=96&d=mm&r=g\",\"contentUrl\":\"https:\/\/secure.gravatar.com\/avatar\/7a7a912ec2c8cd6a390040b03329ee7a71bbd5f81ac3557b6a68208f263fc97b?s=96&d=mm&r=g\",\"caption\":\"Andr\u00e9\"},\"url\":\"https:\/\/www.oitaperunense.com.br\/site\/author\/andre\/\"}]}<\/script>\n<!-- \/ Yoast SEO plugin. -->","yoast_head_json":{"title":"Itaperuna: Dia Municipal da Cultura \u00e9 institu\u00eddo em homenagem ao ex-prefeito Claud\u00e3o - O Itaperunense","robots":{"index":"index","follow":"follow","max-snippet":"max-snippet:-1","max-image-preview":"max-image-preview:large","max-video-preview":"max-video-preview:-1"},"canonical":"https:\/\/www.oitaperunense.com.br\/site\/itaperuna-dia-municipal-da-cultura-e-instituido-em-homenagem-ao-ex-prefeito-claudao\/","og_locale":"pt_BR","og_type":"article","og_title":"Itaperuna: Dia Municipal da Cultura \u00e9 institu\u00eddo em homenagem ao ex-prefeito Claud\u00e3o - O Itaperunense","og_description":"Claud\u00e3o faleceu no dia 16 de janeiro de 2011, a poucos dias de completar 92 anos Em Itaperuna, o dia 24 de janeiro fica institu\u00eddo como o Dia Municipal da Cultura, em homenagem ao anivers\u00e1rio de nascimento do saudoso ex-prefeito Cl\u00e1udio Cerqueira Bastos, o eterno Claud\u00e3o.","og_url":"https:\/\/www.oitaperunense.com.br\/site\/itaperuna-dia-municipal-da-cultura-e-instituido-em-homenagem-ao-ex-prefeito-claudao\/","og_site_name":"O Itaperunense","article_publisher":"https:\/\/www.facebook.com\/jornaloitaperunense","article_published_time":"2022-01-25T10:16:44+00:00","og_image":[{"width":700,"height":473,"url":"https:\/\/www.oitaperunense.com.br\/site\/wp-content\/uploads\/2022\/01\/CC43.jpg","type":"image\/jpeg"}],"author":"Andr\u00e9","twitter_card":"summary_large_image","twitter_misc":{"Escrito por":"Andr\u00e9","Est. tempo de leitura":"2 minutos"},"schema":{"@context":"https:\/\/schema.org","@graph":[{"@type":"WebPage","@id":"https:\/\/www.oitaperunense.com.br\/site\/itaperuna-dia-municipal-da-cultura-e-instituido-em-homenagem-ao-ex-prefeito-claudao\/","url":"https:\/\/www.oitaperunense.com.br\/site\/itaperuna-dia-municipal-da-cultura-e-instituido-em-homenagem-ao-ex-prefeito-claudao\/","name":"Itaperuna: Dia Municipal da Cultura \u00e9 institu\u00eddo em homenagem ao ex-prefeito Claud\u00e3o - O Itaperunense","isPartOf":{"@id":"https:\/\/www.oitaperunense.com.br\/site\/#website"},"datePublished":"2022-01-25T10:16:44+00:00","dateModified":"2022-01-25T10:16:44+00:00","author":{"@id":"https:\/\/www.oitaperunense.com.br\/site\/#\/schema\/person\/4a5b86c112157bc0a4492f4fd6b7939f"},"breadcrumb":{"@id":"https:\/\/www.oitaperunense.com.br\/site\/itaperuna-dia-municipal-da-cultura-e-instituido-em-homenagem-ao-ex-prefeito-claudao\/#breadcrumb"},"inLanguage":"pt-BR","potentialAction":[{"@type":"ReadAction","target":["https:\/\/www.oitaperunense.com.br\/site\/itaperuna-dia-municipal-da-cultura-e-instituido-em-homenagem-ao-ex-prefeito-claudao\/"]}]},{"@type":"BreadcrumbList","@id":"https:\/\/www.oitaperunense.com.br\/site\/itaperuna-dia-municipal-da-cultura-e-instituido-em-homenagem-ao-ex-prefeito-claudao\/#breadcrumb","itemListElement":[{"@type":"ListItem","position":1,"name":"Home","item":"https:\/\/www.oitaperunense.com.br\/site\/"},{"@type":"ListItem","position":2,"name":"Itaperuna: Dia Municipal da Cultura \u00e9 institu\u00eddo em homenagem ao ex-prefeito Claud\u00e3o"}]},{"@type":"WebSite","@id":"https:\/\/www.oitaperunense.com.br\/site\/#website","url":"https:\/\/www.oitaperunense.com.br\/site\/","name":"O Itaperunense","description":"","potentialAction":[{"@type":"SearchAction","target":{"@type":"EntryPoint","urlTemplate":"https:\/\/www.oitaperunense.com.br\/site\/?s={search_term_string}"},"query-input":"required name=search_term_string"}],"inLanguage":"pt-BR"},{"@type":"Person","@id":"https:\/\/www.oitaperunense.com.br\/site\/#\/schema\/person\/4a5b86c112157bc0a4492f4fd6b7939f","name":"Andr\u00e9","image":{"@type":"ImageObject","inLanguage":"pt-BR","@id":"https:\/\/www.oitaperunense.com.br\/site\/#\/schema\/person\/image\/","url":"https:\/\/secure.gravatar.com\/avatar\/7a7a912ec2c8cd6a390040b03329ee7a71bbd5f81ac3557b6a68208f263fc97b?s=96&d=mm&r=g","contentUrl":"https:\/\/secure.gravatar.com\/avatar\/7a7a912ec2c8cd6a390040b03329ee7a71bbd5f81ac3557b6a68208f263fc97b?s=96&d=mm&r=g","caption":"Andr\u00e9"},"url":"https:\/\/www.oitaperunense.com.br\/site\/author\/andre\/"}]}},"cc_featured_image_caption":{"caption_text":"","source_text":"","source_url":""},"_links":{"self":[{"href":"https:\/\/www.oitaperunense.com.br\/site\/wp-json\/wp\/v2\/posts\/388101","targetHints":{"allow":["GET"]}}],"collection":[{"href":"https:\/\/www.oitaperunense.com.br\/site\/wp-json\/wp\/v2\/posts"}],"about":[{"href":"https:\/\/www.oitaperunense.com.br\/site\/wp-json\/wp\/v2\/types\/post"}],"author":[{"embeddable":true,"href":"https:\/\/www.oitaperunense.com.br\/site\/wp-json\/wp\/v2\/users\/19"}],"replies":[{"embeddable":true,"href":"https:\/\/www.oitaperunense.com.br\/site\/wp-json\/wp\/v2\/comments?post=388101"}],"version-history":[{"count":1,"href":"https:\/\/www.oitaperunense.com.br\/site\/wp-json\/wp\/v2\/posts\/388101\/revisions"}],"predecessor-version":[{"id":388103,"href":"https:\/\/www.oitaperunense.com.br\/site\/wp-json\/wp\/v2\/posts\/388101\/revisions\/388103"}],"wp:featuredmedia":[{"embeddable":true,"href":"https:\/\/www.oitaperunense.com.br\/site\/wp-json\/wp\/v2\/media\/388102"}],"wp:attachment":[{"href":"https:\/\/www.oitaperunense.com.br\/site\/wp-json\/wp\/v2\/media?parent=388101"}],"wp:term":[{"taxonomy":"category","embeddable":true,"href":"https:\/\/www.oitaperunense.com.br\/site\/wp-json\/wp\/v2\/categories?post=388101"},{"taxonomy":"post_tag","embeddable":true,"href":"https:\/\/www.oitaperunense.com.br\/site\/wp-json\/wp\/v2\/tags?post=388101"}],"curies":[{"name":"wp","href":"https:\/\/api.w.org\/{rel}","templated":true}]}}