{"id":388053,"date":"2022-01-21T08:04:03","date_gmt":"2022-01-21T11:04:03","guid":{"rendered":"http:\/\/www.oitaperunense.com.br\/site\/?p=388053"},"modified":"2022-01-21T08:04:03","modified_gmt":"2022-01-21T11:04:03","slug":"saude-em-acao-sms-divulga-mudanca-no-boletim-de-covid-19-em-itaperuna","status":"publish","type":"post","link":"https:\/\/www.oitaperunense.com.br\/site\/saude-em-acao-sms-divulga-mudanca-no-boletim-de-covid-19-em-itaperuna\/","title":{"rendered":"SA\u00daDE EM A\u00c7\u00c3O: SMS DIVULGA MUDAN\u00c7A NO BOLETIM DE COVID-19 EM ITAPERUNA"},"content":{"rendered":"<div style=\"text-align: center;\"><strong>Adriana Levone, secret\u00e1ria Municipal de Sa\u00fade da PMI<\/strong><\/div>\n<div>&nbsp;<\/div>\n<div style=\"text-align: justify;\">A Prefeitura de Itaperuna, atrav\u00e9s da Secretaria Municipal de Sa\u00fade, divulgou na quinta-feira (20), atrav\u00e9s de suas redes sociais, a mudan\u00e7a do modelo de boletim de covid-19. O Boletim Di\u00e1rio foi desenvolvido pela Secretaria Municipal de Sa\u00fade, com o objetivo de informar a popula\u00e7\u00e3o sobre o cen\u00e1rio da doen\u00e7a na cidade. O ano de 2021 foi de conquistas \u2013 a chegada das vacinas e o aumento da distribui\u00e7\u00e3o de testes r\u00e1pidos \u2013 ajudaram o munic\u00edpio a enfrentar a batalha contra o v\u00edrus. Infelizmente, nem todos conseguiram vencer essa luta.&nbsp;<\/div>\n<p><!--more--><\/p>\n<div style=\"text-align: justify;\">A partir do dia 29 de janeiro, s\u00e1bado, a Secretaria passa a adotar um novo modelo de comunica\u00e7\u00e3o para os dados da pandemia, seguindo o modelo dos governos Estadual e Federal, dando transpar\u00eancia ao cen\u00e1rio municipal atrav\u00e9s das semanas epidemiol\u00f3gicas.<\/div>\n<div style=\"text-align: justify;\">&nbsp;<\/div>\n<div style=\"text-align: justify;\">At\u00e9 l\u00e1, as equipes estar\u00e3o voltadas para a elabora\u00e7\u00e3o desse novo modelo e n\u00e3o divulgar\u00e3o o boletim di\u00e1rio. A Prefeitura de Itaperuna, atrav\u00e9s da secret\u00e1ria Municipal de Sa\u00fade Adriana Levone agradece a todos os profissionais da Sa\u00fade pela luta e coragem nesse per\u00edodo t\u00e3o dif\u00edcil.&nbsp;<\/div>\n<div style=\"text-align: justify;\">&nbsp;<\/div>\n<div style=\"text-align: justify;\">\u201cN\u00f3s precisamos agradecer, sempre, a todos os profissionais do setor de Sa\u00fade que estiveram \u00e0 frente do campo de batalha desde o primeiro dia em que surgiram os primeiros casos. Esses profissionais continuam at\u00e9 hoje em seus postos, lutando por todos n\u00f3s. Em nome do prefeito Alfred\u00e3o e dos demais secret\u00e1rios, agrade\u00e7o a esses valorosos profissionais. Voc\u00eas, realmente, s\u00e3o os nossos her\u00f3is\u201d, finaliza a secret\u00e1ria.<\/div>\n<div style=\"text-align: justify;\">&nbsp;<\/div>\n<div style=\"text-align: justify;\"><strong>TESTES R\u00c1PIDOS DE COVID-19 S\u00c3O OFERTADOS NAS UBS&nbsp;<\/strong><\/div>\n<div style=\"text-align: justify;\">A Secretaria Municipal de Sa\u00fade informa que os testes r\u00e1pidos de covid-19 s\u00e3o realizados, de segunda a sexta-feira, em todas as UBS (Unidade B\u00e1sica de Sa\u00fade) da cidade. J\u00e1 em rela\u00e7\u00e3o ao hor\u00e1rio de aplica\u00e7\u00e3o dos testes, cada UBS segue seu pr\u00f3prio cronograma. Em casa de d\u00favidas, consulte a unidade mais pr\u00f3xima de sua resid\u00eancia.<\/div>\n<div style=\"text-align: justify;\">&nbsp;<\/div>\n<div style=\"text-align: justify;\"><strong>Com informa\u00e7\u00f5es: DECOM\/Itaperuna\/RJ<\/strong><\/div>\n<div><strong>Foto: Arquivo\/Decom<\/strong><\/div>\n","protected":false},"excerpt":{"rendered":"<p>Adriana Levone, secret\u00e1ria Municipal de Sa\u00fade da PMI &nbsp; A Prefeitura de Itaperuna, atrav\u00e9s da Secretaria Municipal de Sa\u00fade, divulgou na quinta-feira (20), atrav\u00e9s de suas redes sociais, a mudan\u00e7a do modelo de boletim de covid-19. O Boletim Di\u00e1rio foi desenvolvido pela Secretaria Municipal de Sa\u00fade, com o objetivo de informar a popula\u00e7\u00e3o sobre o [&hellip;]<\/p>\n","protected":false},"author":19,"featured_media":388054,"comment_status":"open","ping_status":"closed","sticky":false,"template":"","format":"standard","meta":{"ngg_post_thumbnail":0,"footnotes":""},"categories":[113],"tags":[],"class_list":["post-388053","post","type-post","status-publish","format-standard","has-post-thumbnail","hentry","category-saude"],"yoast_head":"<!-- This site is optimized with the Yoast SEO plugin v20.11 - https:\/\/yoast.com\/wordpress\/plugins\/seo\/ -->\n<title>SA\u00daDE EM A\u00c7\u00c3O: SMS DIVULGA MUDAN\u00c7A NO BOLETIM DE COVID-19 EM ITAPERUNA - O Itaperunense<\/title>\n<meta name=\"robots\" content=\"index, follow, max-snippet:-1, max-image-preview:large, max-video-preview:-1\" \/>\n<link rel=\"canonical\" href=\"https:\/\/www.oitaperunense.com.br\/site\/saude-em-acao-sms-divulga-mudanca-no-boletim-de-covid-19-em-itaperuna\/\" \/>\n<meta property=\"og:locale\" content=\"pt_BR\" \/>\n<meta property=\"og:type\" content=\"article\" \/>\n<meta property=\"og:title\" content=\"SA\u00daDE EM A\u00c7\u00c3O: SMS DIVULGA MUDAN\u00c7A NO BOLETIM DE COVID-19 EM ITAPERUNA - O Itaperunense\" \/>\n<meta property=\"og:description\" content=\"Adriana Levone, secret\u00e1ria Municipal de Sa\u00fade da PMI &nbsp; A Prefeitura de Itaperuna, atrav\u00e9s da Secretaria Municipal de Sa\u00fade, divulgou na quinta-feira (20), atrav\u00e9s de suas redes sociais, a mudan\u00e7a do modelo de boletim de covid-19. O Boletim Di\u00e1rio foi desenvolvido pela Secretaria Municipal de Sa\u00fade, com o objetivo de informar a popula\u00e7\u00e3o sobre o [&hellip;]\" \/>\n<meta property=\"og:url\" content=\"https:\/\/www.oitaperunense.com.br\/site\/saude-em-acao-sms-divulga-mudanca-no-boletim-de-covid-19-em-itaperuna\/\" \/>\n<meta property=\"og:site_name\" content=\"O Itaperunense\" \/>\n<meta property=\"article:publisher\" content=\"https:\/\/www.facebook.com\/jornaloitaperunense\" \/>\n<meta property=\"article:published_time\" content=\"2022-01-21T11:04:03+00:00\" \/>\n<meta property=\"og:image\" content=\"https:\/\/www.oitaperunense.com.br\/site\/wp-content\/uploads\/2022\/01\/uba12.jpg\" \/>\n\t<meta property=\"og:image:width\" content=\"700\" \/>\n\t<meta property=\"og:image:height\" content=\"474\" \/>\n\t<meta property=\"og:image:type\" content=\"image\/jpeg\" \/>\n<meta name=\"author\" content=\"Andr\u00e9\" \/>\n<meta name=\"twitter:card\" content=\"summary_large_image\" \/>\n<meta name=\"twitter:label1\" content=\"Escrito por\" \/>\n\t<meta name=\"twitter:data1\" content=\"Andr\u00e9\" \/>\n\t<meta name=\"twitter:label2\" content=\"Est. tempo de leitura\" \/>\n\t<meta name=\"twitter:data2\" content=\"2 minutos\" \/>\n<script type=\"application\/ld+json\" class=\"yoast-schema-graph\">{\"@context\":\"https:\/\/schema.org\",\"@graph\":[{\"@type\":\"WebPage\",\"@id\":\"https:\/\/www.oitaperunense.com.br\/site\/saude-em-acao-sms-divulga-mudanca-no-boletim-de-covid-19-em-itaperuna\/\",\"url\":\"https:\/\/www.oitaperunense.com.br\/site\/saude-em-acao-sms-divulga-mudanca-no-boletim-de-covid-19-em-itaperuna\/\",\"name\":\"SA\u00daDE EM A\u00c7\u00c3O: SMS DIVULGA MUDAN\u00c7A NO BOLETIM DE COVID-19 EM ITAPERUNA - O Itaperunense\",\"isPartOf\":{\"@id\":\"https:\/\/www.oitaperunense.com.br\/site\/#website\"},\"datePublished\":\"2022-01-21T11:04:03+00:00\",\"dateModified\":\"2022-01-21T11:04:03+00:00\",\"author\":{\"@id\":\"https:\/\/www.oitaperunense.com.br\/site\/#\/schema\/person\/4a5b86c112157bc0a4492f4fd6b7939f\"},\"breadcrumb\":{\"@id\":\"https:\/\/www.oitaperunense.com.br\/site\/saude-em-acao-sms-divulga-mudanca-no-boletim-de-covid-19-em-itaperuna\/#breadcrumb\"},\"inLanguage\":\"pt-BR\",\"potentialAction\":[{\"@type\":\"ReadAction\",\"target\":[\"https:\/\/www.oitaperunense.com.br\/site\/saude-em-acao-sms-divulga-mudanca-no-boletim-de-covid-19-em-itaperuna\/\"]}]},{\"@type\":\"BreadcrumbList\",\"@id\":\"https:\/\/www.oitaperunense.com.br\/site\/saude-em-acao-sms-divulga-mudanca-no-boletim-de-covid-19-em-itaperuna\/#breadcrumb\",\"itemListElement\":[{\"@type\":\"ListItem\",\"position\":1,\"name\":\"Home\",\"item\":\"https:\/\/www.oitaperunense.com.br\/site\/\"},{\"@type\":\"ListItem\",\"position\":2,\"name\":\"SA\u00daDE EM A\u00c7\u00c3O: SMS DIVULGA MUDAN\u00c7A NO BOLETIM DE COVID-19 EM ITAPERUNA\"}]},{\"@type\":\"WebSite\",\"@id\":\"https:\/\/www.oitaperunense.com.br\/site\/#website\",\"url\":\"https:\/\/www.oitaperunense.com.br\/site\/\",\"name\":\"O Itaperunense\",\"description\":\"\",\"potentialAction\":[{\"@type\":\"SearchAction\",\"target\":{\"@type\":\"EntryPoint\",\"urlTemplate\":\"https:\/\/www.oitaperunense.com.br\/site\/?s={search_term_string}\"},\"query-input\":\"required name=search_term_string\"}],\"inLanguage\":\"pt-BR\"},{\"@type\":\"Person\",\"@id\":\"https:\/\/www.oitaperunense.com.br\/site\/#\/schema\/person\/4a5b86c112157bc0a4492f4fd6b7939f\",\"name\":\"Andr\u00e9\",\"image\":{\"@type\":\"ImageObject\",\"inLanguage\":\"pt-BR\",\"@id\":\"https:\/\/www.oitaperunense.com.br\/site\/#\/schema\/person\/image\/\",\"url\":\"https:\/\/secure.gravatar.com\/avatar\/7a7a912ec2c8cd6a390040b03329ee7a71bbd5f81ac3557b6a68208f263fc97b?s=96&d=mm&r=g\",\"contentUrl\":\"https:\/\/secure.gravatar.com\/avatar\/7a7a912ec2c8cd6a390040b03329ee7a71bbd5f81ac3557b6a68208f263fc97b?s=96&d=mm&r=g\",\"caption\":\"Andr\u00e9\"},\"url\":\"https:\/\/www.oitaperunense.com.br\/site\/author\/andre\/\"}]}<\/script>\n<!-- \/ Yoast SEO plugin. -->","yoast_head_json":{"title":"SA\u00daDE EM A\u00c7\u00c3O: SMS DIVULGA MUDAN\u00c7A NO BOLETIM DE COVID-19 EM ITAPERUNA - O Itaperunense","robots":{"index":"index","follow":"follow","max-snippet":"max-snippet:-1","max-image-preview":"max-image-preview:large","max-video-preview":"max-video-preview:-1"},"canonical":"https:\/\/www.oitaperunense.com.br\/site\/saude-em-acao-sms-divulga-mudanca-no-boletim-de-covid-19-em-itaperuna\/","og_locale":"pt_BR","og_type":"article","og_title":"SA\u00daDE EM A\u00c7\u00c3O: SMS DIVULGA MUDAN\u00c7A NO BOLETIM DE COVID-19 EM ITAPERUNA - O Itaperunense","og_description":"Adriana Levone, secret\u00e1ria Municipal de Sa\u00fade da PMI &nbsp; A Prefeitura de Itaperuna, atrav\u00e9s da Secretaria Municipal de Sa\u00fade, divulgou na quinta-feira (20), atrav\u00e9s de suas redes sociais, a mudan\u00e7a do modelo de boletim de covid-19. O Boletim Di\u00e1rio foi desenvolvido pela Secretaria Municipal de Sa\u00fade, com o objetivo de informar a popula\u00e7\u00e3o sobre o [&hellip;]","og_url":"https:\/\/www.oitaperunense.com.br\/site\/saude-em-acao-sms-divulga-mudanca-no-boletim-de-covid-19-em-itaperuna\/","og_site_name":"O Itaperunense","article_publisher":"https:\/\/www.facebook.com\/jornaloitaperunense","article_published_time":"2022-01-21T11:04:03+00:00","og_image":[{"width":700,"height":474,"url":"https:\/\/www.oitaperunense.com.br\/site\/wp-content\/uploads\/2022\/01\/uba12.jpg","type":"image\/jpeg"}],"author":"Andr\u00e9","twitter_card":"summary_large_image","twitter_misc":{"Escrito por":"Andr\u00e9","Est. tempo de leitura":"2 minutos"},"schema":{"@context":"https:\/\/schema.org","@graph":[{"@type":"WebPage","@id":"https:\/\/www.oitaperunense.com.br\/site\/saude-em-acao-sms-divulga-mudanca-no-boletim-de-covid-19-em-itaperuna\/","url":"https:\/\/www.oitaperunense.com.br\/site\/saude-em-acao-sms-divulga-mudanca-no-boletim-de-covid-19-em-itaperuna\/","name":"SA\u00daDE EM A\u00c7\u00c3O: SMS DIVULGA MUDAN\u00c7A NO BOLETIM DE COVID-19 EM ITAPERUNA - O Itaperunense","isPartOf":{"@id":"https:\/\/www.oitaperunense.com.br\/site\/#website"},"datePublished":"2022-01-21T11:04:03+00:00","dateModified":"2022-01-21T11:04:03+00:00","author":{"@id":"https:\/\/www.oitaperunense.com.br\/site\/#\/schema\/person\/4a5b86c112157bc0a4492f4fd6b7939f"},"breadcrumb":{"@id":"https:\/\/www.oitaperunense.com.br\/site\/saude-em-acao-sms-divulga-mudanca-no-boletim-de-covid-19-em-itaperuna\/#breadcrumb"},"inLanguage":"pt-BR","potentialAction":[{"@type":"ReadAction","target":["https:\/\/www.oitaperunense.com.br\/site\/saude-em-acao-sms-divulga-mudanca-no-boletim-de-covid-19-em-itaperuna\/"]}]},{"@type":"BreadcrumbList","@id":"https:\/\/www.oitaperunense.com.br\/site\/saude-em-acao-sms-divulga-mudanca-no-boletim-de-covid-19-em-itaperuna\/#breadcrumb","itemListElement":[{"@type":"ListItem","position":1,"name":"Home","item":"https:\/\/www.oitaperunense.com.br\/site\/"},{"@type":"ListItem","position":2,"name":"SA\u00daDE EM A\u00c7\u00c3O: SMS DIVULGA MUDAN\u00c7A NO BOLETIM DE COVID-19 EM ITAPERUNA"}]},{"@type":"WebSite","@id":"https:\/\/www.oitaperunense.com.br\/site\/#website","url":"https:\/\/www.oitaperunense.com.br\/site\/","name":"O Itaperunense","description":"","potentialAction":[{"@type":"SearchAction","target":{"@type":"EntryPoint","urlTemplate":"https:\/\/www.oitaperunense.com.br\/site\/?s={search_term_string}"},"query-input":"required name=search_term_string"}],"inLanguage":"pt-BR"},{"@type":"Person","@id":"https:\/\/www.oitaperunense.com.br\/site\/#\/schema\/person\/4a5b86c112157bc0a4492f4fd6b7939f","name":"Andr\u00e9","image":{"@type":"ImageObject","inLanguage":"pt-BR","@id":"https:\/\/www.oitaperunense.com.br\/site\/#\/schema\/person\/image\/","url":"https:\/\/secure.gravatar.com\/avatar\/7a7a912ec2c8cd6a390040b03329ee7a71bbd5f81ac3557b6a68208f263fc97b?s=96&d=mm&r=g","contentUrl":"https:\/\/secure.gravatar.com\/avatar\/7a7a912ec2c8cd6a390040b03329ee7a71bbd5f81ac3557b6a68208f263fc97b?s=96&d=mm&r=g","caption":"Andr\u00e9"},"url":"https:\/\/www.oitaperunense.com.br\/site\/author\/andre\/"}]}},"cc_featured_image_caption":{"caption_text":"","source_text":"","source_url":""},"_links":{"self":[{"href":"https:\/\/www.oitaperunense.com.br\/site\/wp-json\/wp\/v2\/posts\/388053","targetHints":{"allow":["GET"]}}],"collection":[{"href":"https:\/\/www.oitaperunense.com.br\/site\/wp-json\/wp\/v2\/posts"}],"about":[{"href":"https:\/\/www.oitaperunense.com.br\/site\/wp-json\/wp\/v2\/types\/post"}],"author":[{"embeddable":true,"href":"https:\/\/www.oitaperunense.com.br\/site\/wp-json\/wp\/v2\/users\/19"}],"replies":[{"embeddable":true,"href":"https:\/\/www.oitaperunense.com.br\/site\/wp-json\/wp\/v2\/comments?post=388053"}],"version-history":[{"count":1,"href":"https:\/\/www.oitaperunense.com.br\/site\/wp-json\/wp\/v2\/posts\/388053\/revisions"}],"predecessor-version":[{"id":388055,"href":"https:\/\/www.oitaperunense.com.br\/site\/wp-json\/wp\/v2\/posts\/388053\/revisions\/388055"}],"wp:featuredmedia":[{"embeddable":true,"href":"https:\/\/www.oitaperunense.com.br\/site\/wp-json\/wp\/v2\/media\/388054"}],"wp:attachment":[{"href":"https:\/\/www.oitaperunense.com.br\/site\/wp-json\/wp\/v2\/media?parent=388053"}],"wp:term":[{"taxonomy":"category","embeddable":true,"href":"https:\/\/www.oitaperunense.com.br\/site\/wp-json\/wp\/v2\/categories?post=388053"},{"taxonomy":"post_tag","embeddable":true,"href":"https:\/\/www.oitaperunense.com.br\/site\/wp-json\/wp\/v2\/tags?post=388053"}],"curies":[{"name":"wp","href":"https:\/\/api.w.org\/{rel}","templated":true}]}}