{"id":388039,"date":"2022-01-20T10:05:54","date_gmt":"2022-01-20T13:05:54","guid":{"rendered":"http:\/\/www.oitaperunense.com.br\/site\/?p=388039"},"modified":"2022-01-20T10:09:48","modified_gmt":"2022-01-20T13:09:48","slug":"itaperuna-obras-de-calcamento-no-distrito-de-are","status":"publish","type":"post","link":"https:\/\/www.oitaperunense.com.br\/site\/itaperuna-obras-de-calcamento-no-distrito-de-are\/","title":{"rendered":"ITAPERUNA: OBRAS DE CAL\u00c7AMENTO NO DISTRITO DE AR\u00c9"},"content":{"rendered":"<div style=\"text-align: center;\"><em><strong>Secret\u00e1rio de Governo, Murillo Gouv\u00eaa: &#8220;Esse cal\u00e7amento \u00e9 uma antiga reivindica\u00e7\u00e3o dos moradores do distrito e vai impactar positivamente na localidade&#8221;<\/strong><\/em><\/div>\n<div>&nbsp;<\/div>\n<div style=\"text-align: justify;\">A Prefeitura de Itaperuna, atrav\u00e9s da Secretaria Municipal de Desenvolvimento Urbano (Obras), est\u00e1 realizando no Distrito de Ar\u00e9, obras de cal\u00e7amento em diversas ruas da localidade. Conforme noticiou o secret\u00e1rio de Governo, Murillo Gouv\u00eaa. &#8220;Essa \u00e9 uma antiga reivindica\u00e7\u00e3o dos moradores&#8221;. A for\u00e7a tarefa para atender o distrito itaperunense, foi um pedido do prefeito, Alfredo Paulo Marques Rodrigues, o &#8220;Alfred\u00e3o&#8221;.<\/div>\n<p><!--more--><\/p>\n<div style=\"text-align: justify;\">&#8211; Esse cal\u00e7amento \u00e9 uma antiga reivindica\u00e7\u00e3o dos moradores do distrito e vai impactar positivamente na vida de todos. Seguimos trabalhando para atender a todas as solicita\u00e7\u00f5es do povo itaperunense. Temos acompanhado todos os trabalhos da PMI, e em breve, todos os distritos ser\u00e3o alcan\u00e7ados pelos servi\u00e7os prestados pela municipalidade, bem como, Itaperuna em geral &#8211; disse o secret\u00e1rio de Governo, Murillo Gouv\u00eaa.<\/div>\n<div>&nbsp;<\/div>\n<div><img loading=\"lazy\" decoding=\"async\" class=\"alignnone size-full wp-image-388041 aligncenter\" src=\"https:\/\/www.oitaperunense.com.br\/site\/wp-content\/uploads\/2022\/01\/mimi1.jpg\" alt=\"\" width=\"700\" height=\"930\" srcset=\"https:\/\/www.oitaperunense.com.br\/site\/wp-content\/uploads\/2022\/01\/mimi1.jpg 700w, https:\/\/www.oitaperunense.com.br\/site\/wp-content\/uploads\/2022\/01\/mimi1-226x300.jpg 226w\" sizes=\"auto, (max-width: 700px) 100vw, 700px\" \/><\/div>\n<div style=\"text-align: center;\"><em><strong>PMI, atrav\u00e9s da Secretaria Municipal de Desenvolvimento Urbano (Obras), est\u00e1 realizando no Distrito de Ar\u00e9, obras de cal\u00e7amento em diversas ruas da localidade<\/strong><\/em><\/div>\n<div>&nbsp;<\/div>\n<div><strong>Mat\u00e9ria: Andr\u00e9 Garcia \/ Site e Jornal O Itaperunense<\/strong><\/div>\n<div><strong>Fotos: Imagens da Internet<\/strong><\/div>\n","protected":false},"excerpt":{"rendered":"<p>Secret\u00e1rio de Governo, Murillo Gouv\u00eaa: &#8220;Esse cal\u00e7amento \u00e9 uma antiga reivindica\u00e7\u00e3o dos moradores do distrito e vai impactar positivamente na localidade&#8221; &nbsp; A Prefeitura de Itaperuna, atrav\u00e9s da Secretaria Municipal de Desenvolvimento Urbano (Obras), est\u00e1 realizando no Distrito de Ar\u00e9, obras de cal\u00e7amento em diversas ruas da localidade. Conforme noticiou o secret\u00e1rio de Governo, Murillo [&hellip;]<\/p>\n","protected":false},"author":19,"featured_media":388040,"comment_status":"open","ping_status":"closed","sticky":false,"template":"","format":"standard","meta":{"ngg_post_thumbnail":0,"footnotes":""},"categories":[91],"tags":[],"class_list":["post-388039","post","type-post","status-publish","format-standard","has-post-thumbnail","hentry","category-geral"],"yoast_head":"<!-- This site is optimized with the Yoast SEO plugin v20.11 - https:\/\/yoast.com\/wordpress\/plugins\/seo\/ -->\n<title>ITAPERUNA: OBRAS DE CAL\u00c7AMENTO NO DISTRITO DE AR\u00c9 - O Itaperunense<\/title>\n<meta name=\"robots\" content=\"index, follow, max-snippet:-1, max-image-preview:large, max-video-preview:-1\" \/>\n<link rel=\"canonical\" href=\"https:\/\/www.oitaperunense.com.br\/site\/itaperuna-obras-de-calcamento-no-distrito-de-are\/\" \/>\n<meta property=\"og:locale\" content=\"pt_BR\" \/>\n<meta property=\"og:type\" content=\"article\" \/>\n<meta property=\"og:title\" content=\"ITAPERUNA: OBRAS DE CAL\u00c7AMENTO NO DISTRITO DE AR\u00c9 - O Itaperunense\" \/>\n<meta property=\"og:description\" content=\"Secret\u00e1rio de Governo, Murillo Gouv\u00eaa: &#8220;Esse cal\u00e7amento \u00e9 uma antiga reivindica\u00e7\u00e3o dos moradores do distrito e vai impactar positivamente na localidade&#8221; &nbsp; A Prefeitura de Itaperuna, atrav\u00e9s da Secretaria Municipal de Desenvolvimento Urbano (Obras), est\u00e1 realizando no Distrito de Ar\u00e9, obras de cal\u00e7amento em diversas ruas da localidade. Conforme noticiou o secret\u00e1rio de Governo, Murillo [&hellip;]\" \/>\n<meta property=\"og:url\" content=\"https:\/\/www.oitaperunense.com.br\/site\/itaperuna-obras-de-calcamento-no-distrito-de-are\/\" \/>\n<meta property=\"og:site_name\" content=\"O Itaperunense\" \/>\n<meta property=\"article:publisher\" content=\"https:\/\/www.facebook.com\/jornaloitaperunense\" \/>\n<meta property=\"article:published_time\" content=\"2022-01-20T13:05:54+00:00\" \/>\n<meta property=\"article:modified_time\" content=\"2022-01-20T13:09:48+00:00\" \/>\n<meta property=\"og:image\" content=\"https:\/\/www.oitaperunense.com.br\/site\/wp-content\/uploads\/2022\/01\/mimi.jpg\" \/>\n\t<meta property=\"og:image:width\" content=\"700\" \/>\n\t<meta property=\"og:image:height\" content=\"548\" \/>\n\t<meta property=\"og:image:type\" content=\"image\/jpeg\" \/>\n<meta name=\"author\" content=\"Andr\u00e9\" \/>\n<meta name=\"twitter:card\" content=\"summary_large_image\" \/>\n<meta name=\"twitter:label1\" content=\"Escrito por\" \/>\n\t<meta name=\"twitter:data1\" content=\"Andr\u00e9\" \/>\n\t<meta name=\"twitter:label2\" content=\"Est. tempo de leitura\" \/>\n\t<meta name=\"twitter:data2\" content=\"1 minuto\" \/>\n<script type=\"application\/ld+json\" class=\"yoast-schema-graph\">{\"@context\":\"https:\/\/schema.org\",\"@graph\":[{\"@type\":\"WebPage\",\"@id\":\"https:\/\/www.oitaperunense.com.br\/site\/itaperuna-obras-de-calcamento-no-distrito-de-are\/\",\"url\":\"https:\/\/www.oitaperunense.com.br\/site\/itaperuna-obras-de-calcamento-no-distrito-de-are\/\",\"name\":\"ITAPERUNA: OBRAS DE CAL\u00c7AMENTO NO DISTRITO DE AR\u00c9 - O Itaperunense\",\"isPartOf\":{\"@id\":\"https:\/\/www.oitaperunense.com.br\/site\/#website\"},\"datePublished\":\"2022-01-20T13:05:54+00:00\",\"dateModified\":\"2022-01-20T13:09:48+00:00\",\"author\":{\"@id\":\"https:\/\/www.oitaperunense.com.br\/site\/#\/schema\/person\/4a5b86c112157bc0a4492f4fd6b7939f\"},\"breadcrumb\":{\"@id\":\"https:\/\/www.oitaperunense.com.br\/site\/itaperuna-obras-de-calcamento-no-distrito-de-are\/#breadcrumb\"},\"inLanguage\":\"pt-BR\",\"potentialAction\":[{\"@type\":\"ReadAction\",\"target\":[\"https:\/\/www.oitaperunense.com.br\/site\/itaperuna-obras-de-calcamento-no-distrito-de-are\/\"]}]},{\"@type\":\"BreadcrumbList\",\"@id\":\"https:\/\/www.oitaperunense.com.br\/site\/itaperuna-obras-de-calcamento-no-distrito-de-are\/#breadcrumb\",\"itemListElement\":[{\"@type\":\"ListItem\",\"position\":1,\"name\":\"Home\",\"item\":\"https:\/\/www.oitaperunense.com.br\/site\/\"},{\"@type\":\"ListItem\",\"position\":2,\"name\":\"ITAPERUNA: OBRAS DE CAL\u00c7AMENTO NO DISTRITO DE AR\u00c9\"}]},{\"@type\":\"WebSite\",\"@id\":\"https:\/\/www.oitaperunense.com.br\/site\/#website\",\"url\":\"https:\/\/www.oitaperunense.com.br\/site\/\",\"name\":\"O Itaperunense\",\"description\":\"\",\"potentialAction\":[{\"@type\":\"SearchAction\",\"target\":{\"@type\":\"EntryPoint\",\"urlTemplate\":\"https:\/\/www.oitaperunense.com.br\/site\/?s={search_term_string}\"},\"query-input\":\"required name=search_term_string\"}],\"inLanguage\":\"pt-BR\"},{\"@type\":\"Person\",\"@id\":\"https:\/\/www.oitaperunense.com.br\/site\/#\/schema\/person\/4a5b86c112157bc0a4492f4fd6b7939f\",\"name\":\"Andr\u00e9\",\"image\":{\"@type\":\"ImageObject\",\"inLanguage\":\"pt-BR\",\"@id\":\"https:\/\/www.oitaperunense.com.br\/site\/#\/schema\/person\/image\/\",\"url\":\"https:\/\/secure.gravatar.com\/avatar\/7a7a912ec2c8cd6a390040b03329ee7a71bbd5f81ac3557b6a68208f263fc97b?s=96&d=mm&r=g\",\"contentUrl\":\"https:\/\/secure.gravatar.com\/avatar\/7a7a912ec2c8cd6a390040b03329ee7a71bbd5f81ac3557b6a68208f263fc97b?s=96&d=mm&r=g\",\"caption\":\"Andr\u00e9\"},\"url\":\"https:\/\/www.oitaperunense.com.br\/site\/author\/andre\/\"}]}<\/script>\n<!-- \/ Yoast SEO plugin. -->","yoast_head_json":{"title":"ITAPERUNA: OBRAS DE CAL\u00c7AMENTO NO DISTRITO DE AR\u00c9 - O Itaperunense","robots":{"index":"index","follow":"follow","max-snippet":"max-snippet:-1","max-image-preview":"max-image-preview:large","max-video-preview":"max-video-preview:-1"},"canonical":"https:\/\/www.oitaperunense.com.br\/site\/itaperuna-obras-de-calcamento-no-distrito-de-are\/","og_locale":"pt_BR","og_type":"article","og_title":"ITAPERUNA: OBRAS DE CAL\u00c7AMENTO NO DISTRITO DE AR\u00c9 - O Itaperunense","og_description":"Secret\u00e1rio de Governo, Murillo Gouv\u00eaa: &#8220;Esse cal\u00e7amento \u00e9 uma antiga reivindica\u00e7\u00e3o dos moradores do distrito e vai impactar positivamente na localidade&#8221; &nbsp; A Prefeitura de Itaperuna, atrav\u00e9s da Secretaria Municipal de Desenvolvimento Urbano (Obras), est\u00e1 realizando no Distrito de Ar\u00e9, obras de cal\u00e7amento em diversas ruas da localidade. Conforme noticiou o secret\u00e1rio de Governo, Murillo [&hellip;]","og_url":"https:\/\/www.oitaperunense.com.br\/site\/itaperuna-obras-de-calcamento-no-distrito-de-are\/","og_site_name":"O Itaperunense","article_publisher":"https:\/\/www.facebook.com\/jornaloitaperunense","article_published_time":"2022-01-20T13:05:54+00:00","article_modified_time":"2022-01-20T13:09:48+00:00","og_image":[{"width":700,"height":548,"url":"https:\/\/www.oitaperunense.com.br\/site\/wp-content\/uploads\/2022\/01\/mimi.jpg","type":"image\/jpeg"}],"author":"Andr\u00e9","twitter_card":"summary_large_image","twitter_misc":{"Escrito por":"Andr\u00e9","Est. tempo de leitura":"1 minuto"},"schema":{"@context":"https:\/\/schema.org","@graph":[{"@type":"WebPage","@id":"https:\/\/www.oitaperunense.com.br\/site\/itaperuna-obras-de-calcamento-no-distrito-de-are\/","url":"https:\/\/www.oitaperunense.com.br\/site\/itaperuna-obras-de-calcamento-no-distrito-de-are\/","name":"ITAPERUNA: OBRAS DE CAL\u00c7AMENTO NO DISTRITO DE AR\u00c9 - O Itaperunense","isPartOf":{"@id":"https:\/\/www.oitaperunense.com.br\/site\/#website"},"datePublished":"2022-01-20T13:05:54+00:00","dateModified":"2022-01-20T13:09:48+00:00","author":{"@id":"https:\/\/www.oitaperunense.com.br\/site\/#\/schema\/person\/4a5b86c112157bc0a4492f4fd6b7939f"},"breadcrumb":{"@id":"https:\/\/www.oitaperunense.com.br\/site\/itaperuna-obras-de-calcamento-no-distrito-de-are\/#breadcrumb"},"inLanguage":"pt-BR","potentialAction":[{"@type":"ReadAction","target":["https:\/\/www.oitaperunense.com.br\/site\/itaperuna-obras-de-calcamento-no-distrito-de-are\/"]}]},{"@type":"BreadcrumbList","@id":"https:\/\/www.oitaperunense.com.br\/site\/itaperuna-obras-de-calcamento-no-distrito-de-are\/#breadcrumb","itemListElement":[{"@type":"ListItem","position":1,"name":"Home","item":"https:\/\/www.oitaperunense.com.br\/site\/"},{"@type":"ListItem","position":2,"name":"ITAPERUNA: OBRAS DE CAL\u00c7AMENTO NO DISTRITO DE AR\u00c9"}]},{"@type":"WebSite","@id":"https:\/\/www.oitaperunense.com.br\/site\/#website","url":"https:\/\/www.oitaperunense.com.br\/site\/","name":"O Itaperunense","description":"","potentialAction":[{"@type":"SearchAction","target":{"@type":"EntryPoint","urlTemplate":"https:\/\/www.oitaperunense.com.br\/site\/?s={search_term_string}"},"query-input":"required name=search_term_string"}],"inLanguage":"pt-BR"},{"@type":"Person","@id":"https:\/\/www.oitaperunense.com.br\/site\/#\/schema\/person\/4a5b86c112157bc0a4492f4fd6b7939f","name":"Andr\u00e9","image":{"@type":"ImageObject","inLanguage":"pt-BR","@id":"https:\/\/www.oitaperunense.com.br\/site\/#\/schema\/person\/image\/","url":"https:\/\/secure.gravatar.com\/avatar\/7a7a912ec2c8cd6a390040b03329ee7a71bbd5f81ac3557b6a68208f263fc97b?s=96&d=mm&r=g","contentUrl":"https:\/\/secure.gravatar.com\/avatar\/7a7a912ec2c8cd6a390040b03329ee7a71bbd5f81ac3557b6a68208f263fc97b?s=96&d=mm&r=g","caption":"Andr\u00e9"},"url":"https:\/\/www.oitaperunense.com.br\/site\/author\/andre\/"}]}},"cc_featured_image_caption":{"caption_text":"","source_text":"","source_url":""},"_links":{"self":[{"href":"https:\/\/www.oitaperunense.com.br\/site\/wp-json\/wp\/v2\/posts\/388039","targetHints":{"allow":["GET"]}}],"collection":[{"href":"https:\/\/www.oitaperunense.com.br\/site\/wp-json\/wp\/v2\/posts"}],"about":[{"href":"https:\/\/www.oitaperunense.com.br\/site\/wp-json\/wp\/v2\/types\/post"}],"author":[{"embeddable":true,"href":"https:\/\/www.oitaperunense.com.br\/site\/wp-json\/wp\/v2\/users\/19"}],"replies":[{"embeddable":true,"href":"https:\/\/www.oitaperunense.com.br\/site\/wp-json\/wp\/v2\/comments?post=388039"}],"version-history":[{"count":6,"href":"https:\/\/www.oitaperunense.com.br\/site\/wp-json\/wp\/v2\/posts\/388039\/revisions"}],"predecessor-version":[{"id":388047,"href":"https:\/\/www.oitaperunense.com.br\/site\/wp-json\/wp\/v2\/posts\/388039\/revisions\/388047"}],"wp:featuredmedia":[{"embeddable":true,"href":"https:\/\/www.oitaperunense.com.br\/site\/wp-json\/wp\/v2\/media\/388040"}],"wp:attachment":[{"href":"https:\/\/www.oitaperunense.com.br\/site\/wp-json\/wp\/v2\/media?parent=388039"}],"wp:term":[{"taxonomy":"category","embeddable":true,"href":"https:\/\/www.oitaperunense.com.br\/site\/wp-json\/wp\/v2\/categories?post=388039"},{"taxonomy":"post_tag","embeddable":true,"href":"https:\/\/www.oitaperunense.com.br\/site\/wp-json\/wp\/v2\/tags?post=388039"}],"curies":[{"name":"wp","href":"https:\/\/api.w.org\/{rel}","templated":true}]}}