{"id":388034,"date":"2022-01-19T14:21:55","date_gmt":"2022-01-19T17:21:55","guid":{"rendered":"http:\/\/www.oitaperunense.com.br\/site\/?p=388034"},"modified":"2022-01-19T14:21:55","modified_gmt":"2022-01-19T17:21:55","slug":"itaperuna-e-medalha-de-ouro-na-16a-olimpiada-brasileira-de-matematica","status":"publish","type":"post","link":"https:\/\/www.oitaperunense.com.br\/site\/itaperuna-e-medalha-de-ouro-na-16a-olimpiada-brasileira-de-matematica\/","title":{"rendered":"Itaperuna \u00e9 medalha de ouro na 16\u00aa Olimp\u00edada Brasileira de Matem\u00e1tica"},"content":{"rendered":"<p class=\"yiv8946851518MsoNormal\" style=\"text-align: center;\"><strong><i>Daniel Farias, aluno do&nbsp;<\/i>CIEP Brizol\u00e3o 264 Henriett Mourineau<i>&nbsp;&#8211; Foto: arquivo pessoal | Reprodu\u00e7\u00e3o da Internet (G1\/Norte Fluminense)<\/i><\/strong><\/p>\n<p class=\"yiv8946851518MsoNormal\" style=\"text-align: justify;\">Marcelo Poeys, secret\u00e1rio Municipal de Educa\u00e7\u00e3o, informou na ter\u00e7a-feira (18), que o munic\u00edpio de Itaperuna conquistou medalha de ouro na 16\u00aa OBMEP &#8211; Olimp\u00edada Brasileira de Matem\u00e1tica &#8211; das escolas p\u00fablicas. \u201cItaperuna \u00e9 medalha de ouro! \u00c9 com muita alegria no cora\u00e7\u00e3o que damos essa not\u00edcia. Ap\u00f3s dois anos de muito trabalho para os profissionais de Educa\u00e7\u00e3o, face \u00e0s dificuldades e transtornos causados pela pandemia de covid-19, comunico aos nobres colegas, que Itaperuna \u00e9 ouro na Olimp\u00edada Brasileira de Matem\u00e1tica das escolas p\u00fablicas. O aluno Daniel Ribeiro de Farias, que estuda no CIEP Brizol\u00e3o 264 Henriett Mourineau \u00e9 medalhista de ouro nacional na Olimp\u00edada de Matem\u00e1tica\u201d, informa o secret\u00e1rio.<\/p>\n<p><!--more--><\/p>\n<p class=\"yiv8946851518MsoNormal\" style=\"text-align: justify;\">O secret\u00e1rio Marcelo Poeys ainda fez um agradecimento especial a toda equipe da Secretaria Municipal de Educa\u00e7\u00e3o (SEMED).<\/p>\n<p class=\"yiv8946851518MsoNormal\" style=\"text-align: justify;\">\u201cSer ouro ap\u00f3s um trabalho \u00e1rduo em tempos de pandemia mostra que estamos no caminho certo, que os profissionais, al\u00e9m de respons\u00e1veis, amam o que fazem. Toda gratid\u00e3o por tudo que temos vivido. Gratid\u00e3o ao prefeito Alfred\u00e3o, ao vice-prefeito Nel, \u00e0 subsecret\u00e1ria Municipal de Educa\u00e7\u00e3o, Tereza Cristina, e a toda equipe de profissionais de Educa\u00e7\u00e3o da SEMED\u201d, finaliza o secret\u00e1rio.<\/p>\n<p><img loading=\"lazy\" decoding=\"async\" class=\"alignnone size-full wp-image-388036 aligncenter\" src=\"https:\/\/www.oitaperunense.com.br\/site\/wp-content\/uploads\/2022\/01\/OBEP1.jpg\" alt=\"\" width=\"700\" height=\"472\" srcset=\"https:\/\/www.oitaperunense.com.br\/site\/wp-content\/uploads\/2022\/01\/OBEP1.jpg 700w, https:\/\/www.oitaperunense.com.br\/site\/wp-content\/uploads\/2022\/01\/OBEP1-300x202.jpg 300w\" sizes=\"auto, (max-width: 700px) 100vw, 700px\" \/><\/p>\n<p style=\"text-align: center;\"><strong><i>Marcelo Poeys, secret\u00e1rio Municipal de Educa\u00e7\u00e3o | Arquivo: Decom<\/i><\/strong><\/p>\n<p class=\"yiv8946851518MsoNormal\" style=\"text-align: justify;\">A Rede Municipal de Ensino de Itaperuna ainda teve outras men\u00e7\u00f5es honrosas. Confira!<\/p>\n<p class=\"yiv8946851518MsoNormal\" style=\"text-align: justify;\">&#8211; Breno Ramos de Freitas, E. M. S\u00edtio S\u00e3o Benedito<\/p>\n<p class=\"yiv8946851518MsoNormal\" style=\"text-align: justify;\">&#8211; Kaio Romualdo de Souza, E. M. S\u00edtio S\u00e3o Benedito<\/p>\n<p class=\"yiv8946851518MsoNormal\" style=\"text-align: justify;\">&#8211; Raphael Gon\u00e7alves Neves Miato, CIEP Brizol\u00e3o 467 Henriett Amado<\/p>\n<p class=\"yiv8946851518MsoNormal\" style=\"text-align: justify;\">&#8211; Yasmim Nascimento dos Santos, CIEP Brizol\u00e3o 264 Henriett Mourineau<\/p>\n<p class=\"yiv8946851518MsoNormal\" style=\"text-align: justify;\">&#8211; Camila Scalercio Brasil Vieira, CIEP Brizol\u00e3o 264 Henriett Mourineau<\/p>\n<p class=\"yiv8946851518MsoNormal\" style=\"text-align: justify;\">&#8211; Lav\u00ednia de Souza Monteiro, CIEP Brizol\u00e3o 467 Henriett Amado<\/p>\n<p class=\"yiv8946851518MsoNormal\" style=\"text-align: justify;\">&#8211; Beatriz Silva Andrade Fernandes, E. M. Francisco de Mattos Ligi\u00e9ro<\/p>\n<p class=\"yiv8946851518MsoNormal\" style=\"text-align: justify;\"><b>Com informa\u00e7\u00f5es: DECOM\/Itaperuna\/RJ<\/b><\/p>\n","protected":false},"excerpt":{"rendered":"<p>Daniel Farias, aluno do&nbsp;CIEP Brizol\u00e3o 264 Henriett Mourineau&nbsp;&#8211; Foto: arquivo pessoal | Reprodu\u00e7\u00e3o da Internet (G1\/Norte Fluminense) Marcelo Poeys, secret\u00e1rio Municipal de Educa\u00e7\u00e3o, informou na ter\u00e7a-feira (18), que o munic\u00edpio de Itaperuna conquistou medalha de ouro na 16\u00aa OBMEP &#8211; Olimp\u00edada Brasileira de Matem\u00e1tica &#8211; das escolas p\u00fablicas. \u201cItaperuna \u00e9 medalha de ouro! \u00c9 com [&hellip;]<\/p>\n","protected":false},"author":19,"featured_media":388035,"comment_status":"open","ping_status":"closed","sticky":false,"template":"","format":"standard","meta":{"ngg_post_thumbnail":0,"footnotes":""},"categories":[91],"tags":[],"class_list":["post-388034","post","type-post","status-publish","format-standard","has-post-thumbnail","hentry","category-geral"],"yoast_head":"<!-- This site is optimized with the Yoast SEO plugin v20.11 - https:\/\/yoast.com\/wordpress\/plugins\/seo\/ -->\n<title>Itaperuna \u00e9 medalha de ouro na 16\u00aa Olimp\u00edada Brasileira de Matem\u00e1tica - O Itaperunense<\/title>\n<meta name=\"robots\" content=\"index, follow, max-snippet:-1, max-image-preview:large, max-video-preview:-1\" \/>\n<link rel=\"canonical\" href=\"https:\/\/www.oitaperunense.com.br\/site\/itaperuna-e-medalha-de-ouro-na-16a-olimpiada-brasileira-de-matematica\/\" \/>\n<meta property=\"og:locale\" content=\"pt_BR\" \/>\n<meta property=\"og:type\" content=\"article\" \/>\n<meta property=\"og:title\" content=\"Itaperuna \u00e9 medalha de ouro na 16\u00aa Olimp\u00edada Brasileira de Matem\u00e1tica - O Itaperunense\" \/>\n<meta property=\"og:description\" content=\"Daniel Farias, aluno do&nbsp;CIEP Brizol\u00e3o 264 Henriett Mourineau&nbsp;&#8211; Foto: arquivo pessoal | Reprodu\u00e7\u00e3o da Internet (G1\/Norte Fluminense) Marcelo Poeys, secret\u00e1rio Municipal de Educa\u00e7\u00e3o, informou na ter\u00e7a-feira (18), que o munic\u00edpio de Itaperuna conquistou medalha de ouro na 16\u00aa OBMEP &#8211; Olimp\u00edada Brasileira de Matem\u00e1tica &#8211; das escolas p\u00fablicas. \u201cItaperuna \u00e9 medalha de ouro! \u00c9 com [&hellip;]\" \/>\n<meta property=\"og:url\" content=\"https:\/\/www.oitaperunense.com.br\/site\/itaperuna-e-medalha-de-ouro-na-16a-olimpiada-brasileira-de-matematica\/\" \/>\n<meta property=\"og:site_name\" content=\"O Itaperunense\" \/>\n<meta property=\"article:publisher\" content=\"https:\/\/www.facebook.com\/jornaloitaperunense\" \/>\n<meta property=\"article:published_time\" content=\"2022-01-19T17:21:55+00:00\" \/>\n<meta property=\"og:image\" content=\"https:\/\/www.oitaperunense.com.br\/site\/wp-content\/uploads\/2022\/01\/OBEP.jpg\" \/>\n\t<meta property=\"og:image:width\" content=\"700\" \/>\n\t<meta property=\"og:image:height\" content=\"453\" \/>\n\t<meta property=\"og:image:type\" content=\"image\/jpeg\" \/>\n<meta name=\"author\" content=\"Andr\u00e9\" \/>\n<meta name=\"twitter:card\" content=\"summary_large_image\" \/>\n<meta name=\"twitter:label1\" content=\"Escrito por\" \/>\n\t<meta name=\"twitter:data1\" content=\"Andr\u00e9\" \/>\n\t<meta name=\"twitter:label2\" content=\"Est. tempo de leitura\" \/>\n\t<meta name=\"twitter:data2\" content=\"2 minutos\" \/>\n<script type=\"application\/ld+json\" class=\"yoast-schema-graph\">{\"@context\":\"https:\/\/schema.org\",\"@graph\":[{\"@type\":\"WebPage\",\"@id\":\"https:\/\/www.oitaperunense.com.br\/site\/itaperuna-e-medalha-de-ouro-na-16a-olimpiada-brasileira-de-matematica\/\",\"url\":\"https:\/\/www.oitaperunense.com.br\/site\/itaperuna-e-medalha-de-ouro-na-16a-olimpiada-brasileira-de-matematica\/\",\"name\":\"Itaperuna \u00e9 medalha de ouro na 16\u00aa Olimp\u00edada Brasileira de Matem\u00e1tica - O Itaperunense\",\"isPartOf\":{\"@id\":\"https:\/\/www.oitaperunense.com.br\/site\/#website\"},\"datePublished\":\"2022-01-19T17:21:55+00:00\",\"dateModified\":\"2022-01-19T17:21:55+00:00\",\"author\":{\"@id\":\"https:\/\/www.oitaperunense.com.br\/site\/#\/schema\/person\/4a5b86c112157bc0a4492f4fd6b7939f\"},\"breadcrumb\":{\"@id\":\"https:\/\/www.oitaperunense.com.br\/site\/itaperuna-e-medalha-de-ouro-na-16a-olimpiada-brasileira-de-matematica\/#breadcrumb\"},\"inLanguage\":\"pt-BR\",\"potentialAction\":[{\"@type\":\"ReadAction\",\"target\":[\"https:\/\/www.oitaperunense.com.br\/site\/itaperuna-e-medalha-de-ouro-na-16a-olimpiada-brasileira-de-matematica\/\"]}]},{\"@type\":\"BreadcrumbList\",\"@id\":\"https:\/\/www.oitaperunense.com.br\/site\/itaperuna-e-medalha-de-ouro-na-16a-olimpiada-brasileira-de-matematica\/#breadcrumb\",\"itemListElement\":[{\"@type\":\"ListItem\",\"position\":1,\"name\":\"Home\",\"item\":\"https:\/\/www.oitaperunense.com.br\/site\/\"},{\"@type\":\"ListItem\",\"position\":2,\"name\":\"Itaperuna \u00e9 medalha de ouro na 16\u00aa Olimp\u00edada Brasileira de Matem\u00e1tica\"}]},{\"@type\":\"WebSite\",\"@id\":\"https:\/\/www.oitaperunense.com.br\/site\/#website\",\"url\":\"https:\/\/www.oitaperunense.com.br\/site\/\",\"name\":\"O Itaperunense\",\"description\":\"\",\"potentialAction\":[{\"@type\":\"SearchAction\",\"target\":{\"@type\":\"EntryPoint\",\"urlTemplate\":\"https:\/\/www.oitaperunense.com.br\/site\/?s={search_term_string}\"},\"query-input\":\"required name=search_term_string\"}],\"inLanguage\":\"pt-BR\"},{\"@type\":\"Person\",\"@id\":\"https:\/\/www.oitaperunense.com.br\/site\/#\/schema\/person\/4a5b86c112157bc0a4492f4fd6b7939f\",\"name\":\"Andr\u00e9\",\"image\":{\"@type\":\"ImageObject\",\"inLanguage\":\"pt-BR\",\"@id\":\"https:\/\/www.oitaperunense.com.br\/site\/#\/schema\/person\/image\/\",\"url\":\"https:\/\/secure.gravatar.com\/avatar\/7a7a912ec2c8cd6a390040b03329ee7a71bbd5f81ac3557b6a68208f263fc97b?s=96&d=mm&r=g\",\"contentUrl\":\"https:\/\/secure.gravatar.com\/avatar\/7a7a912ec2c8cd6a390040b03329ee7a71bbd5f81ac3557b6a68208f263fc97b?s=96&d=mm&r=g\",\"caption\":\"Andr\u00e9\"},\"url\":\"https:\/\/www.oitaperunense.com.br\/site\/author\/andre\/\"}]}<\/script>\n<!-- \/ Yoast SEO plugin. -->","yoast_head_json":{"title":"Itaperuna \u00e9 medalha de ouro na 16\u00aa Olimp\u00edada Brasileira de Matem\u00e1tica - O Itaperunense","robots":{"index":"index","follow":"follow","max-snippet":"max-snippet:-1","max-image-preview":"max-image-preview:large","max-video-preview":"max-video-preview:-1"},"canonical":"https:\/\/www.oitaperunense.com.br\/site\/itaperuna-e-medalha-de-ouro-na-16a-olimpiada-brasileira-de-matematica\/","og_locale":"pt_BR","og_type":"article","og_title":"Itaperuna \u00e9 medalha de ouro na 16\u00aa Olimp\u00edada Brasileira de Matem\u00e1tica - O Itaperunense","og_description":"Daniel Farias, aluno do&nbsp;CIEP Brizol\u00e3o 264 Henriett Mourineau&nbsp;&#8211; Foto: arquivo pessoal | Reprodu\u00e7\u00e3o da Internet (G1\/Norte Fluminense) Marcelo Poeys, secret\u00e1rio Municipal de Educa\u00e7\u00e3o, informou na ter\u00e7a-feira (18), que o munic\u00edpio de Itaperuna conquistou medalha de ouro na 16\u00aa OBMEP &#8211; Olimp\u00edada Brasileira de Matem\u00e1tica &#8211; das escolas p\u00fablicas. \u201cItaperuna \u00e9 medalha de ouro! \u00c9 com [&hellip;]","og_url":"https:\/\/www.oitaperunense.com.br\/site\/itaperuna-e-medalha-de-ouro-na-16a-olimpiada-brasileira-de-matematica\/","og_site_name":"O Itaperunense","article_publisher":"https:\/\/www.facebook.com\/jornaloitaperunense","article_published_time":"2022-01-19T17:21:55+00:00","og_image":[{"width":700,"height":453,"url":"https:\/\/www.oitaperunense.com.br\/site\/wp-content\/uploads\/2022\/01\/OBEP.jpg","type":"image\/jpeg"}],"author":"Andr\u00e9","twitter_card":"summary_large_image","twitter_misc":{"Escrito por":"Andr\u00e9","Est. tempo de leitura":"2 minutos"},"schema":{"@context":"https:\/\/schema.org","@graph":[{"@type":"WebPage","@id":"https:\/\/www.oitaperunense.com.br\/site\/itaperuna-e-medalha-de-ouro-na-16a-olimpiada-brasileira-de-matematica\/","url":"https:\/\/www.oitaperunense.com.br\/site\/itaperuna-e-medalha-de-ouro-na-16a-olimpiada-brasileira-de-matematica\/","name":"Itaperuna \u00e9 medalha de ouro na 16\u00aa Olimp\u00edada Brasileira de Matem\u00e1tica - O Itaperunense","isPartOf":{"@id":"https:\/\/www.oitaperunense.com.br\/site\/#website"},"datePublished":"2022-01-19T17:21:55+00:00","dateModified":"2022-01-19T17:21:55+00:00","author":{"@id":"https:\/\/www.oitaperunense.com.br\/site\/#\/schema\/person\/4a5b86c112157bc0a4492f4fd6b7939f"},"breadcrumb":{"@id":"https:\/\/www.oitaperunense.com.br\/site\/itaperuna-e-medalha-de-ouro-na-16a-olimpiada-brasileira-de-matematica\/#breadcrumb"},"inLanguage":"pt-BR","potentialAction":[{"@type":"ReadAction","target":["https:\/\/www.oitaperunense.com.br\/site\/itaperuna-e-medalha-de-ouro-na-16a-olimpiada-brasileira-de-matematica\/"]}]},{"@type":"BreadcrumbList","@id":"https:\/\/www.oitaperunense.com.br\/site\/itaperuna-e-medalha-de-ouro-na-16a-olimpiada-brasileira-de-matematica\/#breadcrumb","itemListElement":[{"@type":"ListItem","position":1,"name":"Home","item":"https:\/\/www.oitaperunense.com.br\/site\/"},{"@type":"ListItem","position":2,"name":"Itaperuna \u00e9 medalha de ouro na 16\u00aa Olimp\u00edada Brasileira de Matem\u00e1tica"}]},{"@type":"WebSite","@id":"https:\/\/www.oitaperunense.com.br\/site\/#website","url":"https:\/\/www.oitaperunense.com.br\/site\/","name":"O Itaperunense","description":"","potentialAction":[{"@type":"SearchAction","target":{"@type":"EntryPoint","urlTemplate":"https:\/\/www.oitaperunense.com.br\/site\/?s={search_term_string}"},"query-input":"required name=search_term_string"}],"inLanguage":"pt-BR"},{"@type":"Person","@id":"https:\/\/www.oitaperunense.com.br\/site\/#\/schema\/person\/4a5b86c112157bc0a4492f4fd6b7939f","name":"Andr\u00e9","image":{"@type":"ImageObject","inLanguage":"pt-BR","@id":"https:\/\/www.oitaperunense.com.br\/site\/#\/schema\/person\/image\/","url":"https:\/\/secure.gravatar.com\/avatar\/7a7a912ec2c8cd6a390040b03329ee7a71bbd5f81ac3557b6a68208f263fc97b?s=96&d=mm&r=g","contentUrl":"https:\/\/secure.gravatar.com\/avatar\/7a7a912ec2c8cd6a390040b03329ee7a71bbd5f81ac3557b6a68208f263fc97b?s=96&d=mm&r=g","caption":"Andr\u00e9"},"url":"https:\/\/www.oitaperunense.com.br\/site\/author\/andre\/"}]}},"cc_featured_image_caption":{"caption_text":"","source_text":"","source_url":""},"_links":{"self":[{"href":"https:\/\/www.oitaperunense.com.br\/site\/wp-json\/wp\/v2\/posts\/388034","targetHints":{"allow":["GET"]}}],"collection":[{"href":"https:\/\/www.oitaperunense.com.br\/site\/wp-json\/wp\/v2\/posts"}],"about":[{"href":"https:\/\/www.oitaperunense.com.br\/site\/wp-json\/wp\/v2\/types\/post"}],"author":[{"embeddable":true,"href":"https:\/\/www.oitaperunense.com.br\/site\/wp-json\/wp\/v2\/users\/19"}],"replies":[{"embeddable":true,"href":"https:\/\/www.oitaperunense.com.br\/site\/wp-json\/wp\/v2\/comments?post=388034"}],"version-history":[{"count":1,"href":"https:\/\/www.oitaperunense.com.br\/site\/wp-json\/wp\/v2\/posts\/388034\/revisions"}],"predecessor-version":[{"id":388037,"href":"https:\/\/www.oitaperunense.com.br\/site\/wp-json\/wp\/v2\/posts\/388034\/revisions\/388037"}],"wp:featuredmedia":[{"embeddable":true,"href":"https:\/\/www.oitaperunense.com.br\/site\/wp-json\/wp\/v2\/media\/388035"}],"wp:attachment":[{"href":"https:\/\/www.oitaperunense.com.br\/site\/wp-json\/wp\/v2\/media?parent=388034"}],"wp:term":[{"taxonomy":"category","embeddable":true,"href":"https:\/\/www.oitaperunense.com.br\/site\/wp-json\/wp\/v2\/categories?post=388034"},{"taxonomy":"post_tag","embeddable":true,"href":"https:\/\/www.oitaperunense.com.br\/site\/wp-json\/wp\/v2\/tags?post=388034"}],"curies":[{"name":"wp","href":"https:\/\/api.w.org\/{rel}","templated":true}]}}