{"id":388027,"date":"2022-01-19T09:14:02","date_gmt":"2022-01-19T12:14:02","guid":{"rendered":"http:\/\/www.oitaperunense.com.br\/site\/?p=388027"},"modified":"2022-01-19T09:14:02","modified_gmt":"2022-01-19T12:14:02","slug":"saude-em-acao-sms-de-itaperuna-vacina-criancas-de-5-a-11-anos-contra-a-covid-19","status":"publish","type":"post","link":"https:\/\/www.oitaperunense.com.br\/site\/saude-em-acao-sms-de-itaperuna-vacina-criancas-de-5-a-11-anos-contra-a-covid-19\/","title":{"rendered":"SA\u00daDE EM A\u00c7\u00c3O: SMS DE ITAPERUNA VACINA CRIAN\u00c7AS DE 5 A 11 ANOS CONTRA A COVID-19"},"content":{"rendered":"<p style=\"text-align: center;\"><em><strong>Confira o calend\u00e1rio de vacina\u00e7\u00e3o infantil informado pela Secretaria Municipal de Sa\u00fade da Prefeitura de Itaperuna<\/strong><\/em><\/p>\n<p style=\"text-align: justify;\">Em Itaperuna, a Secretaria Municipal de Sa\u00fade j\u00e1 come\u00e7ou a vacina\u00e7\u00e3o em crian\u00e7as de 5 a 11 anos contra a Covid-19. Sendo que nesta semana, ser\u00e3o crian\u00e7as com comorbidades e autismo.<\/p>\n<p style=\"text-align: justify;\"><!--more--><\/p>\n<p style=\"text-align: justify;\"><strong>CONFIRA O CALEND\u00c1RIO INFANTIL DE VACINA\u00c7\u00c3O CONTRA A COVID-19<\/strong><\/p>\n<p style=\"text-align: justify;\">Entre os dias 18 a 21 de janeiro, crian\u00e7as de 5 a 11 anos, com comorbidades (necess\u00e1rio apresentar laudo m\u00e9dico &#8211; lista:&nbsp;<a href=\"http:\/\/itaperuna.rj.gov.br\/saude\/vacinacao-comorbidades.pdf\" target=\"_blank\" rel=\"nofollow noopener noreferrer\">http:\/\/itaperuna.rj.gov.br\/saude\/vacinacao-comorbidades.pdf<\/a>) e defici\u00eancias permanentes. Lembrando que a manuten\u00e7\u00e3o do calend\u00e1rio depende da continuidade da remessa de vacinas feita pelo Minist\u00e9rio da Sa\u00fade e pela Secretaria de Estado de Sa\u00fade.<\/p>\n<p style=\"text-align: justify;\">A Secretaria Municipal de Sa\u00fade ainda informa que a vacina\u00e7\u00e3o em outros grupos continua funcionando normalmente.<\/p>\n<p style=\"text-align: justify;\">A vacina\u00e7\u00e3o em crian\u00e7as ser\u00e1 realizada na Unidade Ambulatorial Pedi\u00e1trica Mariza Mozer (UAP), situada na Rua Dez de Maio, 647, Centro, das 8h \u00e0s 12h:<\/p>\n<p style=\"text-align: justify;\">&#8211; Ter\u00e7a-feira (18\/01): 11 e 10 anos;<\/p>\n<p style=\"text-align: justify;\">&#8211; Quarta-feira (19\/01): 9 e 8 anos;<\/p>\n<p style=\"text-align: justify;\">&#8211; Quinta-feira (20\/01): 7 e 6 anos;<\/p>\n<p style=\"text-align: justify;\">&#8211; Sexta-feira (21\/01): 5 anos.<\/p>\n<p style=\"text-align: justify;\"><strong>Abaixo, seguem algumas informa\u00e7\u00f5es sobre como ser\u00e1 a imuniza\u00e7\u00e3o infantil:<\/strong><\/p>\n<p style=\"text-align: justify;\">\u2022 O imunizante que ser\u00e1 aplicado \u00e9 o da Pfizer;<\/p>\n<p style=\"text-align: justify;\">\u2022 A vacina\u00e7\u00e3o infantil n\u00e3o ser\u00e1 obrigat\u00f3ria;<\/p>\n<p style=\"text-align: justify;\">\u2022 A vacina\u00e7\u00e3o ser\u00e1 realizada na UAP (Unidade Ambulatorial Pedi\u00e1trica Mariza Mozer);<\/p>\n<p style=\"text-align: justify;\">\u2022 Os pais e\/ou respons\u00e1veis precisam apresentar o Cart\u00e3o Nacional do SUS ou o CPF da crian\u00e7a;<\/p>\n<p style=\"text-align: justify;\">\u2022 O calend\u00e1rio de vacina\u00e7\u00e3o infantil ser\u00e1 divulgado logo ap\u00f3s o recebimento das primeiras dosagens;<\/p>\n<p style=\"text-align: justify;\">\u2022 A vacina covid-19 n\u00e3o pode ser aplicada junta com outros imunizantes do calend\u00e1rio infantil, por precau\u00e7\u00e3o, sendo recomendado um intervalo de 15 dias;<\/p>\n<p style=\"text-align: justify;\">\u2022 Os profissionais de sa\u00fade mostrar\u00e3o aos pais e\/ou respons\u00e1veis o frasco de cor laranja condizente ao imunizante da Pfizer;<\/p>\n<p style=\"text-align: justify;\">\u2022 Os postos de sa\u00fade est\u00e3o atentos e treinados para atender e captar eventuais rea\u00e7\u00f5es adversas em crian\u00e7as, ap\u00f3s tomarem a vacina;<\/p>\n<p style=\"text-align: justify;\">\u2022 Pais e\/ou respons\u00e1veis ter\u00e3o que permanecer com seu filho no local por um per\u00edodo de 20 minutos. Haver\u00e1 acolhimento supervisionado por t\u00e9cnicos e acompanhado por recreador.<\/p>\n<p style=\"text-align: justify;\"><strong>Com informa\u00e7\u00f5es: DECOM\/Itaperuna\/RJ<\/strong><\/p>\n","protected":false},"excerpt":{"rendered":"<p>Confira o calend\u00e1rio de vacina\u00e7\u00e3o infantil informado pela Secretaria Municipal de Sa\u00fade da Prefeitura de Itaperuna Em Itaperuna, a Secretaria Municipal de Sa\u00fade j\u00e1 come\u00e7ou a vacina\u00e7\u00e3o em crian\u00e7as de 5 a 11 anos contra a Covid-19. Sendo que nesta semana, ser\u00e3o crian\u00e7as com comorbidades e autismo.<\/p>\n","protected":false},"author":19,"featured_media":388028,"comment_status":"open","ping_status":"closed","sticky":false,"template":"","format":"standard","meta":{"ngg_post_thumbnail":0,"footnotes":""},"categories":[113],"tags":[],"class_list":["post-388027","post","type-post","status-publish","format-standard","has-post-thumbnail","hentry","category-saude"],"yoast_head":"<!-- This site is optimized with the Yoast SEO plugin v20.11 - https:\/\/yoast.com\/wordpress\/plugins\/seo\/ -->\n<title>SA\u00daDE EM A\u00c7\u00c3O: SMS DE ITAPERUNA VACINA CRIAN\u00c7AS DE 5 A 11 ANOS CONTRA A COVID-19 - O Itaperunense<\/title>\n<meta name=\"robots\" content=\"index, follow, max-snippet:-1, max-image-preview:large, max-video-preview:-1\" \/>\n<link rel=\"canonical\" href=\"https:\/\/www.oitaperunense.com.br\/site\/saude-em-acao-sms-de-itaperuna-vacina-criancas-de-5-a-11-anos-contra-a-covid-19\/\" \/>\n<meta property=\"og:locale\" content=\"pt_BR\" \/>\n<meta property=\"og:type\" content=\"article\" \/>\n<meta property=\"og:title\" content=\"SA\u00daDE EM A\u00c7\u00c3O: SMS DE ITAPERUNA VACINA CRIAN\u00c7AS DE 5 A 11 ANOS CONTRA A COVID-19 - O Itaperunense\" \/>\n<meta property=\"og:description\" content=\"Confira o calend\u00e1rio de vacina\u00e7\u00e3o infantil informado pela Secretaria Municipal de Sa\u00fade da Prefeitura de Itaperuna Em Itaperuna, a Secretaria Municipal de Sa\u00fade j\u00e1 come\u00e7ou a vacina\u00e7\u00e3o em crian\u00e7as de 5 a 11 anos contra a Covid-19. Sendo que nesta semana, ser\u00e3o crian\u00e7as com comorbidades e autismo.\" \/>\n<meta property=\"og:url\" content=\"https:\/\/www.oitaperunense.com.br\/site\/saude-em-acao-sms-de-itaperuna-vacina-criancas-de-5-a-11-anos-contra-a-covid-19\/\" \/>\n<meta property=\"og:site_name\" content=\"O Itaperunense\" \/>\n<meta property=\"article:publisher\" content=\"https:\/\/www.facebook.com\/jornaloitaperunense\" \/>\n<meta property=\"article:published_time\" content=\"2022-01-19T12:14:02+00:00\" \/>\n<meta property=\"og:image\" content=\"https:\/\/www.oitaperunense.com.br\/site\/wp-content\/uploads\/2022\/01\/INFANTO.jpg\" \/>\n\t<meta property=\"og:image:width\" content=\"700\" \/>\n\t<meta property=\"og:image:height\" content=\"457\" \/>\n\t<meta property=\"og:image:type\" content=\"image\/jpeg\" \/>\n<meta name=\"author\" content=\"Andr\u00e9\" \/>\n<meta name=\"twitter:card\" content=\"summary_large_image\" \/>\n<meta name=\"twitter:label1\" content=\"Escrito por\" \/>\n\t<meta name=\"twitter:data1\" content=\"Andr\u00e9\" \/>\n\t<meta name=\"twitter:label2\" content=\"Est. tempo de leitura\" \/>\n\t<meta name=\"twitter:data2\" content=\"2 minutos\" \/>\n<script type=\"application\/ld+json\" class=\"yoast-schema-graph\">{\"@context\":\"https:\/\/schema.org\",\"@graph\":[{\"@type\":\"WebPage\",\"@id\":\"https:\/\/www.oitaperunense.com.br\/site\/saude-em-acao-sms-de-itaperuna-vacina-criancas-de-5-a-11-anos-contra-a-covid-19\/\",\"url\":\"https:\/\/www.oitaperunense.com.br\/site\/saude-em-acao-sms-de-itaperuna-vacina-criancas-de-5-a-11-anos-contra-a-covid-19\/\",\"name\":\"SA\u00daDE EM A\u00c7\u00c3O: SMS DE ITAPERUNA VACINA CRIAN\u00c7AS DE 5 A 11 ANOS CONTRA A COVID-19 - O Itaperunense\",\"isPartOf\":{\"@id\":\"https:\/\/www.oitaperunense.com.br\/site\/#website\"},\"datePublished\":\"2022-01-19T12:14:02+00:00\",\"dateModified\":\"2022-01-19T12:14:02+00:00\",\"author\":{\"@id\":\"https:\/\/www.oitaperunense.com.br\/site\/#\/schema\/person\/4a5b86c112157bc0a4492f4fd6b7939f\"},\"breadcrumb\":{\"@id\":\"https:\/\/www.oitaperunense.com.br\/site\/saude-em-acao-sms-de-itaperuna-vacina-criancas-de-5-a-11-anos-contra-a-covid-19\/#breadcrumb\"},\"inLanguage\":\"pt-BR\",\"potentialAction\":[{\"@type\":\"ReadAction\",\"target\":[\"https:\/\/www.oitaperunense.com.br\/site\/saude-em-acao-sms-de-itaperuna-vacina-criancas-de-5-a-11-anos-contra-a-covid-19\/\"]}]},{\"@type\":\"BreadcrumbList\",\"@id\":\"https:\/\/www.oitaperunense.com.br\/site\/saude-em-acao-sms-de-itaperuna-vacina-criancas-de-5-a-11-anos-contra-a-covid-19\/#breadcrumb\",\"itemListElement\":[{\"@type\":\"ListItem\",\"position\":1,\"name\":\"Home\",\"item\":\"https:\/\/www.oitaperunense.com.br\/site\/\"},{\"@type\":\"ListItem\",\"position\":2,\"name\":\"SA\u00daDE EM A\u00c7\u00c3O: SMS DE ITAPERUNA VACINA CRIAN\u00c7AS DE 5 A 11 ANOS CONTRA A COVID-19\"}]},{\"@type\":\"WebSite\",\"@id\":\"https:\/\/www.oitaperunense.com.br\/site\/#website\",\"url\":\"https:\/\/www.oitaperunense.com.br\/site\/\",\"name\":\"O Itaperunense\",\"description\":\"\",\"potentialAction\":[{\"@type\":\"SearchAction\",\"target\":{\"@type\":\"EntryPoint\",\"urlTemplate\":\"https:\/\/www.oitaperunense.com.br\/site\/?s={search_term_string}\"},\"query-input\":\"required name=search_term_string\"}],\"inLanguage\":\"pt-BR\"},{\"@type\":\"Person\",\"@id\":\"https:\/\/www.oitaperunense.com.br\/site\/#\/schema\/person\/4a5b86c112157bc0a4492f4fd6b7939f\",\"name\":\"Andr\u00e9\",\"image\":{\"@type\":\"ImageObject\",\"inLanguage\":\"pt-BR\",\"@id\":\"https:\/\/www.oitaperunense.com.br\/site\/#\/schema\/person\/image\/\",\"url\":\"https:\/\/secure.gravatar.com\/avatar\/7a7a912ec2c8cd6a390040b03329ee7a71bbd5f81ac3557b6a68208f263fc97b?s=96&d=mm&r=g\",\"contentUrl\":\"https:\/\/secure.gravatar.com\/avatar\/7a7a912ec2c8cd6a390040b03329ee7a71bbd5f81ac3557b6a68208f263fc97b?s=96&d=mm&r=g\",\"caption\":\"Andr\u00e9\"},\"url\":\"https:\/\/www.oitaperunense.com.br\/site\/author\/andre\/\"}]}<\/script>\n<!-- \/ Yoast SEO plugin. -->","yoast_head_json":{"title":"SA\u00daDE EM A\u00c7\u00c3O: SMS DE ITAPERUNA VACINA CRIAN\u00c7AS DE 5 A 11 ANOS CONTRA A COVID-19 - O Itaperunense","robots":{"index":"index","follow":"follow","max-snippet":"max-snippet:-1","max-image-preview":"max-image-preview:large","max-video-preview":"max-video-preview:-1"},"canonical":"https:\/\/www.oitaperunense.com.br\/site\/saude-em-acao-sms-de-itaperuna-vacina-criancas-de-5-a-11-anos-contra-a-covid-19\/","og_locale":"pt_BR","og_type":"article","og_title":"SA\u00daDE EM A\u00c7\u00c3O: SMS DE ITAPERUNA VACINA CRIAN\u00c7AS DE 5 A 11 ANOS CONTRA A COVID-19 - O Itaperunense","og_description":"Confira o calend\u00e1rio de vacina\u00e7\u00e3o infantil informado pela Secretaria Municipal de Sa\u00fade da Prefeitura de Itaperuna Em Itaperuna, a Secretaria Municipal de Sa\u00fade j\u00e1 come\u00e7ou a vacina\u00e7\u00e3o em crian\u00e7as de 5 a 11 anos contra a Covid-19. Sendo que nesta semana, ser\u00e3o crian\u00e7as com comorbidades e autismo.","og_url":"https:\/\/www.oitaperunense.com.br\/site\/saude-em-acao-sms-de-itaperuna-vacina-criancas-de-5-a-11-anos-contra-a-covid-19\/","og_site_name":"O Itaperunense","article_publisher":"https:\/\/www.facebook.com\/jornaloitaperunense","article_published_time":"2022-01-19T12:14:02+00:00","og_image":[{"width":700,"height":457,"url":"https:\/\/www.oitaperunense.com.br\/site\/wp-content\/uploads\/2022\/01\/INFANTO.jpg","type":"image\/jpeg"}],"author":"Andr\u00e9","twitter_card":"summary_large_image","twitter_misc":{"Escrito por":"Andr\u00e9","Est. tempo de leitura":"2 minutos"},"schema":{"@context":"https:\/\/schema.org","@graph":[{"@type":"WebPage","@id":"https:\/\/www.oitaperunense.com.br\/site\/saude-em-acao-sms-de-itaperuna-vacina-criancas-de-5-a-11-anos-contra-a-covid-19\/","url":"https:\/\/www.oitaperunense.com.br\/site\/saude-em-acao-sms-de-itaperuna-vacina-criancas-de-5-a-11-anos-contra-a-covid-19\/","name":"SA\u00daDE EM A\u00c7\u00c3O: SMS DE ITAPERUNA VACINA CRIAN\u00c7AS DE 5 A 11 ANOS CONTRA A COVID-19 - O Itaperunense","isPartOf":{"@id":"https:\/\/www.oitaperunense.com.br\/site\/#website"},"datePublished":"2022-01-19T12:14:02+00:00","dateModified":"2022-01-19T12:14:02+00:00","author":{"@id":"https:\/\/www.oitaperunense.com.br\/site\/#\/schema\/person\/4a5b86c112157bc0a4492f4fd6b7939f"},"breadcrumb":{"@id":"https:\/\/www.oitaperunense.com.br\/site\/saude-em-acao-sms-de-itaperuna-vacina-criancas-de-5-a-11-anos-contra-a-covid-19\/#breadcrumb"},"inLanguage":"pt-BR","potentialAction":[{"@type":"ReadAction","target":["https:\/\/www.oitaperunense.com.br\/site\/saude-em-acao-sms-de-itaperuna-vacina-criancas-de-5-a-11-anos-contra-a-covid-19\/"]}]},{"@type":"BreadcrumbList","@id":"https:\/\/www.oitaperunense.com.br\/site\/saude-em-acao-sms-de-itaperuna-vacina-criancas-de-5-a-11-anos-contra-a-covid-19\/#breadcrumb","itemListElement":[{"@type":"ListItem","position":1,"name":"Home","item":"https:\/\/www.oitaperunense.com.br\/site\/"},{"@type":"ListItem","position":2,"name":"SA\u00daDE EM A\u00c7\u00c3O: SMS DE ITAPERUNA VACINA CRIAN\u00c7AS DE 5 A 11 ANOS CONTRA A COVID-19"}]},{"@type":"WebSite","@id":"https:\/\/www.oitaperunense.com.br\/site\/#website","url":"https:\/\/www.oitaperunense.com.br\/site\/","name":"O Itaperunense","description":"","potentialAction":[{"@type":"SearchAction","target":{"@type":"EntryPoint","urlTemplate":"https:\/\/www.oitaperunense.com.br\/site\/?s={search_term_string}"},"query-input":"required name=search_term_string"}],"inLanguage":"pt-BR"},{"@type":"Person","@id":"https:\/\/www.oitaperunense.com.br\/site\/#\/schema\/person\/4a5b86c112157bc0a4492f4fd6b7939f","name":"Andr\u00e9","image":{"@type":"ImageObject","inLanguage":"pt-BR","@id":"https:\/\/www.oitaperunense.com.br\/site\/#\/schema\/person\/image\/","url":"https:\/\/secure.gravatar.com\/avatar\/7a7a912ec2c8cd6a390040b03329ee7a71bbd5f81ac3557b6a68208f263fc97b?s=96&d=mm&r=g","contentUrl":"https:\/\/secure.gravatar.com\/avatar\/7a7a912ec2c8cd6a390040b03329ee7a71bbd5f81ac3557b6a68208f263fc97b?s=96&d=mm&r=g","caption":"Andr\u00e9"},"url":"https:\/\/www.oitaperunense.com.br\/site\/author\/andre\/"}]}},"cc_featured_image_caption":{"caption_text":"","source_text":"","source_url":""},"_links":{"self":[{"href":"https:\/\/www.oitaperunense.com.br\/site\/wp-json\/wp\/v2\/posts\/388027","targetHints":{"allow":["GET"]}}],"collection":[{"href":"https:\/\/www.oitaperunense.com.br\/site\/wp-json\/wp\/v2\/posts"}],"about":[{"href":"https:\/\/www.oitaperunense.com.br\/site\/wp-json\/wp\/v2\/types\/post"}],"author":[{"embeddable":true,"href":"https:\/\/www.oitaperunense.com.br\/site\/wp-json\/wp\/v2\/users\/19"}],"replies":[{"embeddable":true,"href":"https:\/\/www.oitaperunense.com.br\/site\/wp-json\/wp\/v2\/comments?post=388027"}],"version-history":[{"count":1,"href":"https:\/\/www.oitaperunense.com.br\/site\/wp-json\/wp\/v2\/posts\/388027\/revisions"}],"predecessor-version":[{"id":388029,"href":"https:\/\/www.oitaperunense.com.br\/site\/wp-json\/wp\/v2\/posts\/388027\/revisions\/388029"}],"wp:featuredmedia":[{"embeddable":true,"href":"https:\/\/www.oitaperunense.com.br\/site\/wp-json\/wp\/v2\/media\/388028"}],"wp:attachment":[{"href":"https:\/\/www.oitaperunense.com.br\/site\/wp-json\/wp\/v2\/media?parent=388027"}],"wp:term":[{"taxonomy":"category","embeddable":true,"href":"https:\/\/www.oitaperunense.com.br\/site\/wp-json\/wp\/v2\/categories?post=388027"},{"taxonomy":"post_tag","embeddable":true,"href":"https:\/\/www.oitaperunense.com.br\/site\/wp-json\/wp\/v2\/tags?post=388027"}],"curies":[{"name":"wp","href":"https:\/\/api.w.org\/{rel}","templated":true}]}}