{"id":387980,"date":"2022-01-17T09:54:10","date_gmt":"2022-01-17T12:54:10","guid":{"rendered":"http:\/\/www.oitaperunense.com.br\/site\/?p=387980"},"modified":"2022-01-17T10:04:36","modified_gmt":"2022-01-17T13:04:36","slug":"noroeste-claudio-castro-anuncia-mais-investimentos-para-cidades-do-interior-atingidas-pelas-chuvas","status":"publish","type":"post","link":"https:\/\/www.oitaperunense.com.br\/site\/noroeste-claudio-castro-anuncia-mais-investimentos-para-cidades-do-interior-atingidas-pelas-chuvas\/","title":{"rendered":"Noroeste: Cl\u00e1udio Castro anuncia mais investimentos para cidades do interior atingidas pelas chuvas"},"content":{"rendered":"<p dir=\"ltr\" style=\"text-align: center;\"><em><strong>Governador Cl\u00e1udio Castro junto ao prefeito de Itaperuna, Alfred\u00e3o, acompanhado de Rodrigo Bacellar e do vice-presidente da Alerj, deputado Jair Bittencourt<\/strong><\/em><\/p>\n<p dir=\"ltr\" style=\"text-align: justify;\">O governador Cl\u00e1udio Castro visitou munic\u00edpios das regi\u00f5es Norte e Noroeste no s\u00e1bado (15) e anunciou uma s\u00e9rie de investimentos. Em Itaperuna e Cambuci, acompanhado do secret\u00e1rio de Governo, Rodrigo Bacellar e do vice-presidente da Alerj, deputado Jair Bittencourt, o governador se reuniu com prefeitos e vice-prefeitos de cidades atingidas pelas chuvas dos \u00faltimos dias e se comprometeu a empregar recursos do Estado em reparos de car\u00e1ter emergencial nas \u00e1reas afetadas. O objetivo \u00e9 permitir a volta da rotina \u00e0 popula\u00e7\u00e3o, assim como fez no Munic\u00edpio de S\u00e3o Jo\u00e3o da Barra.<\/p>\n<p style=\"text-align: justify;\"><!--more--><\/p>\n<p dir=\"ltr\" style=\"text-align: justify;\">O governador recebeu relat\u00f3rios dos danos causados pelas chuvas nos munic\u00edpios visitados para avaliar como o governo do estado poder\u00e1 colaborar com a recupera\u00e7\u00e3o dessas localidades. Em Cambuci, os prefeitos de S\u00e3o Fid\u00e9lis e Aperib\u00e9 tamb\u00e9m apresentaram suas demandas. Em Itaperuna, representantes de 13 munic\u00edpios do Noroeste fluminense se reuniram com o governador. Al\u00e9m disso, Castro adiantou que vai buscar parceria com o governo federal para viabilizar as interven\u00e7\u00f5es maiores, de natureza preventiva.<\/p>\n<p dir=\"ltr\"><img loading=\"lazy\" decoding=\"async\" class=\"alignnone size-full wp-image-387982 aligncenter\" src=\"https:\/\/www.oitaperunense.com.br\/site\/wp-content\/uploads\/2022\/01\/RADIO2.jpg\" alt=\"\" width=\"700\" height=\"394\" srcset=\"https:\/\/www.oitaperunense.com.br\/site\/wp-content\/uploads\/2022\/01\/RADIO2.jpg 700w, https:\/\/www.oitaperunense.com.br\/site\/wp-content\/uploads\/2022\/01\/RADIO2-300x169.jpg 300w\" sizes=\"auto, (max-width: 700px) 100vw, 700px\" \/><\/p>\n<p dir=\"ltr\" style=\"text-align: center;\"><em><strong>Em visita a Itaperuna, governador se comprometeu a ajudar na recupera\u00e7\u00e3o das \u00e1reas mais afetadas<\/strong><\/em><\/p>\n<p dir=\"ltr\" style=\"text-align: justify;\">&#8211; Sabemos que a burocracia entre entes \u00e9 muito complexa e pode levar algum tempo, ent\u00e3o combinei que vamos fazer, com recursos pr\u00f3prios do Estado, as interven\u00e7\u00f5es que prejudicam diretamente a vida das pessoas. Depois, as interven\u00e7\u00f5es que forem mais de aspecto preventivo, vamos pedir ao Minist\u00e9rio do Desenvolvimento Regional para nos ajudar a fazer. Assim como fizemos em S\u00e3o Jo\u00e3o da Barra, temos que fazer com que a vida da popula\u00e7\u00e3o volte \u00e0 normalidade o mais r\u00e1pido. Ainda d\u00e1 tempo de os munic\u00edpios mandarem os seus projetos &#8211; afirmou o governador Cl\u00e1udio Castro.<\/p>\n<p dir=\"ltr\" style=\"text-align: justify;\">O governador e uma comitiva de secret\u00e1rios estaduais j\u00e1 tinham visitado, na \u00faltima quinta-feira (13), uma das localidades mais atingidas pelas chuvas no munic\u00edpio de S\u00e3o Jo\u00e3o da Barra, tamb\u00e9m no Norte Fluminense. Na ocasi\u00e3o, o governador anunciou a libera\u00e7\u00e3o de R$ 20 milh\u00f5es para obras de reparo na cidade.&nbsp;<\/p>\n<p dir=\"ltr\">Presentes ao evento, lideran\u00e7as das regi\u00f5es Norte e Noroeste Fluminense, al\u00e9m de prefeitos, vereadores e secret\u00e1rios municipais das cidades da regi\u00e3o.<\/p>\n<p dir=\"ltr\"><strong>Mat\u00e9ria: Imprensa do Governo\/RJ<\/strong><\/p>\n<p dir=\"ltr\"><strong>Foto: R\u00e1dio Itaperuna 96,9 FM<\/strong><\/p>\n","protected":false},"excerpt":{"rendered":"<p>Governador Cl\u00e1udio Castro junto ao prefeito de Itaperuna, Alfred\u00e3o, acompanhado de Rodrigo Bacellar e do vice-presidente da Alerj, deputado Jair Bittencourt O governador Cl\u00e1udio Castro visitou munic\u00edpios das regi\u00f5es Norte e Noroeste no s\u00e1bado (15) e anunciou uma s\u00e9rie de investimentos. Em Itaperuna e Cambuci, acompanhado do secret\u00e1rio de Governo, Rodrigo Bacellar e do vice-presidente [&hellip;]<\/p>\n","protected":false},"author":19,"featured_media":387981,"comment_status":"open","ping_status":"closed","sticky":false,"template":"","format":"standard","meta":{"ngg_post_thumbnail":0,"footnotes":""},"categories":[78],"tags":[],"class_list":["post-387980","post","type-post","status-publish","format-standard","has-post-thumbnail","hentry","category-rj"],"yoast_head":"<!-- This site is optimized with the Yoast SEO plugin v20.11 - https:\/\/yoast.com\/wordpress\/plugins\/seo\/ -->\n<title>Noroeste: Cl\u00e1udio Castro anuncia mais investimentos para cidades do interior atingidas pelas chuvas - O Itaperunense<\/title>\n<meta name=\"robots\" content=\"index, follow, max-snippet:-1, max-image-preview:large, max-video-preview:-1\" \/>\n<link rel=\"canonical\" href=\"https:\/\/www.oitaperunense.com.br\/site\/noroeste-claudio-castro-anuncia-mais-investimentos-para-cidades-do-interior-atingidas-pelas-chuvas\/\" \/>\n<meta property=\"og:locale\" content=\"pt_BR\" \/>\n<meta property=\"og:type\" content=\"article\" \/>\n<meta property=\"og:title\" content=\"Noroeste: Cl\u00e1udio Castro anuncia mais investimentos para cidades do interior atingidas pelas chuvas - O Itaperunense\" \/>\n<meta property=\"og:description\" content=\"Governador Cl\u00e1udio Castro junto ao prefeito de Itaperuna, Alfred\u00e3o, acompanhado de Rodrigo Bacellar e do vice-presidente da Alerj, deputado Jair Bittencourt O governador Cl\u00e1udio Castro visitou munic\u00edpios das regi\u00f5es Norte e Noroeste no s\u00e1bado (15) e anunciou uma s\u00e9rie de investimentos. Em Itaperuna e Cambuci, acompanhado do secret\u00e1rio de Governo, Rodrigo Bacellar e do vice-presidente [&hellip;]\" \/>\n<meta property=\"og:url\" content=\"https:\/\/www.oitaperunense.com.br\/site\/noroeste-claudio-castro-anuncia-mais-investimentos-para-cidades-do-interior-atingidas-pelas-chuvas\/\" \/>\n<meta property=\"og:site_name\" content=\"O Itaperunense\" \/>\n<meta property=\"article:publisher\" content=\"https:\/\/www.facebook.com\/jornaloitaperunense\" \/>\n<meta property=\"article:published_time\" content=\"2022-01-17T12:54:10+00:00\" \/>\n<meta property=\"article:modified_time\" content=\"2022-01-17T13:04:36+00:00\" \/>\n<meta property=\"og:image\" content=\"https:\/\/www.oitaperunense.com.br\/site\/wp-content\/uploads\/2022\/01\/radio.jpg\" \/>\n\t<meta property=\"og:image:width\" content=\"700\" \/>\n\t<meta property=\"og:image:height\" content=\"463\" \/>\n\t<meta property=\"og:image:type\" content=\"image\/jpeg\" \/>\n<meta name=\"author\" content=\"Andr\u00e9\" \/>\n<meta name=\"twitter:card\" content=\"summary_large_image\" \/>\n<meta name=\"twitter:label1\" content=\"Escrito por\" \/>\n\t<meta name=\"twitter:data1\" content=\"Andr\u00e9\" \/>\n\t<meta name=\"twitter:label2\" content=\"Est. tempo de leitura\" \/>\n\t<meta name=\"twitter:data2\" content=\"2 minutos\" \/>\n<script type=\"application\/ld+json\" class=\"yoast-schema-graph\">{\"@context\":\"https:\/\/schema.org\",\"@graph\":[{\"@type\":\"WebPage\",\"@id\":\"https:\/\/www.oitaperunense.com.br\/site\/noroeste-claudio-castro-anuncia-mais-investimentos-para-cidades-do-interior-atingidas-pelas-chuvas\/\",\"url\":\"https:\/\/www.oitaperunense.com.br\/site\/noroeste-claudio-castro-anuncia-mais-investimentos-para-cidades-do-interior-atingidas-pelas-chuvas\/\",\"name\":\"Noroeste: Cl\u00e1udio Castro anuncia mais investimentos para cidades do interior atingidas pelas chuvas - O Itaperunense\",\"isPartOf\":{\"@id\":\"https:\/\/www.oitaperunense.com.br\/site\/#website\"},\"datePublished\":\"2022-01-17T12:54:10+00:00\",\"dateModified\":\"2022-01-17T13:04:36+00:00\",\"author\":{\"@id\":\"https:\/\/www.oitaperunense.com.br\/site\/#\/schema\/person\/4a5b86c112157bc0a4492f4fd6b7939f\"},\"breadcrumb\":{\"@id\":\"https:\/\/www.oitaperunense.com.br\/site\/noroeste-claudio-castro-anuncia-mais-investimentos-para-cidades-do-interior-atingidas-pelas-chuvas\/#breadcrumb\"},\"inLanguage\":\"pt-BR\",\"potentialAction\":[{\"@type\":\"ReadAction\",\"target\":[\"https:\/\/www.oitaperunense.com.br\/site\/noroeste-claudio-castro-anuncia-mais-investimentos-para-cidades-do-interior-atingidas-pelas-chuvas\/\"]}]},{\"@type\":\"BreadcrumbList\",\"@id\":\"https:\/\/www.oitaperunense.com.br\/site\/noroeste-claudio-castro-anuncia-mais-investimentos-para-cidades-do-interior-atingidas-pelas-chuvas\/#breadcrumb\",\"itemListElement\":[{\"@type\":\"ListItem\",\"position\":1,\"name\":\"Home\",\"item\":\"https:\/\/www.oitaperunense.com.br\/site\/\"},{\"@type\":\"ListItem\",\"position\":2,\"name\":\"Noroeste: Cl\u00e1udio Castro anuncia mais investimentos para cidades do interior atingidas pelas chuvas\"}]},{\"@type\":\"WebSite\",\"@id\":\"https:\/\/www.oitaperunense.com.br\/site\/#website\",\"url\":\"https:\/\/www.oitaperunense.com.br\/site\/\",\"name\":\"O Itaperunense\",\"description\":\"\",\"potentialAction\":[{\"@type\":\"SearchAction\",\"target\":{\"@type\":\"EntryPoint\",\"urlTemplate\":\"https:\/\/www.oitaperunense.com.br\/site\/?s={search_term_string}\"},\"query-input\":\"required name=search_term_string\"}],\"inLanguage\":\"pt-BR\"},{\"@type\":\"Person\",\"@id\":\"https:\/\/www.oitaperunense.com.br\/site\/#\/schema\/person\/4a5b86c112157bc0a4492f4fd6b7939f\",\"name\":\"Andr\u00e9\",\"image\":{\"@type\":\"ImageObject\",\"inLanguage\":\"pt-BR\",\"@id\":\"https:\/\/www.oitaperunense.com.br\/site\/#\/schema\/person\/image\/\",\"url\":\"https:\/\/secure.gravatar.com\/avatar\/7a7a912ec2c8cd6a390040b03329ee7a71bbd5f81ac3557b6a68208f263fc97b?s=96&d=mm&r=g\",\"contentUrl\":\"https:\/\/secure.gravatar.com\/avatar\/7a7a912ec2c8cd6a390040b03329ee7a71bbd5f81ac3557b6a68208f263fc97b?s=96&d=mm&r=g\",\"caption\":\"Andr\u00e9\"},\"url\":\"https:\/\/www.oitaperunense.com.br\/site\/author\/andre\/\"}]}<\/script>\n<!-- \/ Yoast SEO plugin. -->","yoast_head_json":{"title":"Noroeste: Cl\u00e1udio Castro anuncia mais investimentos para cidades do interior atingidas pelas chuvas - O Itaperunense","robots":{"index":"index","follow":"follow","max-snippet":"max-snippet:-1","max-image-preview":"max-image-preview:large","max-video-preview":"max-video-preview:-1"},"canonical":"https:\/\/www.oitaperunense.com.br\/site\/noroeste-claudio-castro-anuncia-mais-investimentos-para-cidades-do-interior-atingidas-pelas-chuvas\/","og_locale":"pt_BR","og_type":"article","og_title":"Noroeste: Cl\u00e1udio Castro anuncia mais investimentos para cidades do interior atingidas pelas chuvas - O Itaperunense","og_description":"Governador Cl\u00e1udio Castro junto ao prefeito de Itaperuna, Alfred\u00e3o, acompanhado de Rodrigo Bacellar e do vice-presidente da Alerj, deputado Jair Bittencourt O governador Cl\u00e1udio Castro visitou munic\u00edpios das regi\u00f5es Norte e Noroeste no s\u00e1bado (15) e anunciou uma s\u00e9rie de investimentos. Em Itaperuna e Cambuci, acompanhado do secret\u00e1rio de Governo, Rodrigo Bacellar e do vice-presidente [&hellip;]","og_url":"https:\/\/www.oitaperunense.com.br\/site\/noroeste-claudio-castro-anuncia-mais-investimentos-para-cidades-do-interior-atingidas-pelas-chuvas\/","og_site_name":"O Itaperunense","article_publisher":"https:\/\/www.facebook.com\/jornaloitaperunense","article_published_time":"2022-01-17T12:54:10+00:00","article_modified_time":"2022-01-17T13:04:36+00:00","og_image":[{"width":700,"height":463,"url":"https:\/\/www.oitaperunense.com.br\/site\/wp-content\/uploads\/2022\/01\/radio.jpg","type":"image\/jpeg"}],"author":"Andr\u00e9","twitter_card":"summary_large_image","twitter_misc":{"Escrito por":"Andr\u00e9","Est. tempo de leitura":"2 minutos"},"schema":{"@context":"https:\/\/schema.org","@graph":[{"@type":"WebPage","@id":"https:\/\/www.oitaperunense.com.br\/site\/noroeste-claudio-castro-anuncia-mais-investimentos-para-cidades-do-interior-atingidas-pelas-chuvas\/","url":"https:\/\/www.oitaperunense.com.br\/site\/noroeste-claudio-castro-anuncia-mais-investimentos-para-cidades-do-interior-atingidas-pelas-chuvas\/","name":"Noroeste: Cl\u00e1udio Castro anuncia mais investimentos para cidades do interior atingidas pelas chuvas - O Itaperunense","isPartOf":{"@id":"https:\/\/www.oitaperunense.com.br\/site\/#website"},"datePublished":"2022-01-17T12:54:10+00:00","dateModified":"2022-01-17T13:04:36+00:00","author":{"@id":"https:\/\/www.oitaperunense.com.br\/site\/#\/schema\/person\/4a5b86c112157bc0a4492f4fd6b7939f"},"breadcrumb":{"@id":"https:\/\/www.oitaperunense.com.br\/site\/noroeste-claudio-castro-anuncia-mais-investimentos-para-cidades-do-interior-atingidas-pelas-chuvas\/#breadcrumb"},"inLanguage":"pt-BR","potentialAction":[{"@type":"ReadAction","target":["https:\/\/www.oitaperunense.com.br\/site\/noroeste-claudio-castro-anuncia-mais-investimentos-para-cidades-do-interior-atingidas-pelas-chuvas\/"]}]},{"@type":"BreadcrumbList","@id":"https:\/\/www.oitaperunense.com.br\/site\/noroeste-claudio-castro-anuncia-mais-investimentos-para-cidades-do-interior-atingidas-pelas-chuvas\/#breadcrumb","itemListElement":[{"@type":"ListItem","position":1,"name":"Home","item":"https:\/\/www.oitaperunense.com.br\/site\/"},{"@type":"ListItem","position":2,"name":"Noroeste: Cl\u00e1udio Castro anuncia mais investimentos para cidades do interior atingidas pelas chuvas"}]},{"@type":"WebSite","@id":"https:\/\/www.oitaperunense.com.br\/site\/#website","url":"https:\/\/www.oitaperunense.com.br\/site\/","name":"O Itaperunense","description":"","potentialAction":[{"@type":"SearchAction","target":{"@type":"EntryPoint","urlTemplate":"https:\/\/www.oitaperunense.com.br\/site\/?s={search_term_string}"},"query-input":"required name=search_term_string"}],"inLanguage":"pt-BR"},{"@type":"Person","@id":"https:\/\/www.oitaperunense.com.br\/site\/#\/schema\/person\/4a5b86c112157bc0a4492f4fd6b7939f","name":"Andr\u00e9","image":{"@type":"ImageObject","inLanguage":"pt-BR","@id":"https:\/\/www.oitaperunense.com.br\/site\/#\/schema\/person\/image\/","url":"https:\/\/secure.gravatar.com\/avatar\/7a7a912ec2c8cd6a390040b03329ee7a71bbd5f81ac3557b6a68208f263fc97b?s=96&d=mm&r=g","contentUrl":"https:\/\/secure.gravatar.com\/avatar\/7a7a912ec2c8cd6a390040b03329ee7a71bbd5f81ac3557b6a68208f263fc97b?s=96&d=mm&r=g","caption":"Andr\u00e9"},"url":"https:\/\/www.oitaperunense.com.br\/site\/author\/andre\/"}]}},"cc_featured_image_caption":{"caption_text":"","source_text":"","source_url":""},"_links":{"self":[{"href":"https:\/\/www.oitaperunense.com.br\/site\/wp-json\/wp\/v2\/posts\/387980","targetHints":{"allow":["GET"]}}],"collection":[{"href":"https:\/\/www.oitaperunense.com.br\/site\/wp-json\/wp\/v2\/posts"}],"about":[{"href":"https:\/\/www.oitaperunense.com.br\/site\/wp-json\/wp\/v2\/types\/post"}],"author":[{"embeddable":true,"href":"https:\/\/www.oitaperunense.com.br\/site\/wp-json\/wp\/v2\/users\/19"}],"replies":[{"embeddable":true,"href":"https:\/\/www.oitaperunense.com.br\/site\/wp-json\/wp\/v2\/comments?post=387980"}],"version-history":[{"count":3,"href":"https:\/\/www.oitaperunense.com.br\/site\/wp-json\/wp\/v2\/posts\/387980\/revisions"}],"predecessor-version":[{"id":387986,"href":"https:\/\/www.oitaperunense.com.br\/site\/wp-json\/wp\/v2\/posts\/387980\/revisions\/387986"}],"wp:featuredmedia":[{"embeddable":true,"href":"https:\/\/www.oitaperunense.com.br\/site\/wp-json\/wp\/v2\/media\/387981"}],"wp:attachment":[{"href":"https:\/\/www.oitaperunense.com.br\/site\/wp-json\/wp\/v2\/media?parent=387980"}],"wp:term":[{"taxonomy":"category","embeddable":true,"href":"https:\/\/www.oitaperunense.com.br\/site\/wp-json\/wp\/v2\/categories?post=387980"},{"taxonomy":"post_tag","embeddable":true,"href":"https:\/\/www.oitaperunense.com.br\/site\/wp-json\/wp\/v2\/tags?post=387980"}],"curies":[{"name":"wp","href":"https:\/\/api.w.org\/{rel}","templated":true}]}}