{"id":387976,"date":"2022-01-17T09:18:38","date_gmt":"2022-01-17T12:18:38","guid":{"rendered":"http:\/\/www.oitaperunense.com.br\/site\/?p=387976"},"modified":"2022-01-17T09:18:38","modified_gmt":"2022-01-17T12:18:38","slug":"firjan-senai-tem-vagas-abertas-para-seis-cursos-tecnicos-no-norte-e-noroeste-fluminense","status":"publish","type":"post","link":"https:\/\/www.oitaperunense.com.br\/site\/firjan-senai-tem-vagas-abertas-para-seis-cursos-tecnicos-no-norte-e-noroeste-fluminense\/","title":{"rendered":"Firjan SENAI tem vagas abertas para seis cursos t\u00e9cnicos no Norte e Noroeste Fluminense"},"content":{"rendered":"<p class=\"yiv1150561842MsoNormal\" style=\"text-align: center;\"><em><b>T\u00e9cnico em Mec\u00e2nica, Eletrot\u00e9cnica, Eletromec\u00e2nica e Inform\u00e1tica s\u00e3o alguns dos cursos dispon\u00edveis nas unidades de Campos, Maca\u00e9 e Itaperuna<\/b><\/em><\/p>\n<p class=\"yiv1150561842MsoNormal\" style=\"text-align: justify;\">O Estado do Rio criou<b>&nbsp;<\/b>35.654 postos de trabalho formais de janeiro a novembro de 2021 &#8211; n\u00fameros que indicam que o mercado j\u00e1 se encontra acima do n\u00edvel da pr\u00e9-pandemia. Por isso, investir em qualifica\u00e7\u00e3o se faz ainda mais necess\u00e1rio, e as unidades da Firjan SENAI Campos, Maca\u00e9 e Itaperuna est\u00e3o com oportunidades abertas em&nbsp;T\u00e9cnico em Mec\u00e2nica, Eletrot\u00e9cnica, Eletromec\u00e2nica e Inform\u00e1tica.&nbsp;As matr\u00edculas devem ser feitas no site&nbsp;<a href=\"http:\/\/www.firjansenai.com.br\/\" target=\"_blank\" rel=\"nofollow noopener noreferrer\">www.firjansenai.com.br<\/a>.<\/p>\n<p><!--more--><\/p>\n<p class=\"yiv1150561842MsoNormal\" style=\"text-align: justify;\">Em formato EAD + pr\u00e1tica em raz\u00e3o das restri\u00e7\u00f5es impostas pela Covid-19, os cursos ter\u00e3o metade de sua carga hor\u00e1ria em aulas on-line com instrutor, tutorias e atividades presenciais nas unidades Firjan SENAI. A metade restante ser\u00e1 composta de atividades individuais no ambiente virtual de aprendizagem.&nbsp;<span class=\"yiv1150561842normaltextrun\">A dura\u00e7\u00e3o de cada curso \u00e9 de at\u00e9 um ano e meio, e as aulas se iniciam em 7 de fevereiro. Podem se inscrever todos que conclu\u00edram o ensino m\u00e9dio ou com o ensino m\u00e9dio em curso.<\/span><\/p>\n<p class=\"yiv1150561842MsoNormal\" style=\"text-align: justify;\">A cada semana de dura\u00e7\u00e3o do curso, haver\u00e1 10 horas com o instrutor e 10 horas de estudo individual: ser\u00e1 um dia com aula on-line ao vivo e dois com tutoria tamb\u00e9m virtual. O instrutor estar\u00e1 sempre presente nas atividades remotas, potencializando os conhecimentos com simuladores e softwares, entre outras estrat\u00e9gias, todas realizadas a dist\u00e2ncia.&nbsp;<span class=\"yiv1150561842normaltextrun\">O gerente de Educa\u00e7\u00e3o Profissional do SENAI, Edson Melo,&nbsp;explica que em cen\u00e1rio de constantes mudan\u00e7as e um mercado cada vez mais exigente, manter-se atualizado \u00e9 essencial.<\/span><\/p>\n<p class=\"yiv1150561842paragraph\" style=\"text-align: justify;\"><span class=\"yiv1150561842normaltextrun\">\u201cA forma\u00e7\u00e3o em muitas das carreiras tamb\u00e9m amplia as possibilidades de atua\u00e7\u00e3o do profissional em diferentes setores, destacando as relacionadas a&nbsp;Tecnologia da Informa\u00e7\u00e3o (TI) e Automa\u00e7\u00e3o, al\u00e9m da&nbsp;chamada manufatura avan\u00e7ada ou ind\u00fastria 4.0 est\u00e1 se expandindo, sendo essencial estar preparado para as oportunidades, para tanto, os cursos da Firjan SENAI visam oportunizar aos nossos alunos a oportunidade de ampliar o repert\u00f3rio profissional para dar conta desses desafios&#8221;<\/span><span class=\"yiv1150561842eop\">.<\/span><\/p>\n<p class=\"yiv1150561842paragraph\" style=\"text-align: justify;\">Al\u00e9m do ensino remoto, tamb\u00e9m em todas as semanas os alunos ter\u00e3o um dia de atividades presenciais na unidade da Firjan SENAI escolhida para fazer a pr\u00e1tica prevista e necess\u00e1ria para o curso, caso seja poss\u00edvel em fun\u00e7\u00e3o do contexto da Covid-19, ou por meio de simuladores nas plataformas de aprendizagem.<\/p>\n<p><img loading=\"lazy\" decoding=\"async\" class=\"alignnone size-full wp-image-387978 aligncenter\" src=\"https:\/\/www.oitaperunense.com.br\/site\/wp-content\/uploads\/2022\/01\/TEC1.jpg\" alt=\"\" width=\"700\" height=\"1049\" srcset=\"https:\/\/www.oitaperunense.com.br\/site\/wp-content\/uploads\/2022\/01\/TEC1.jpg 700w, https:\/\/www.oitaperunense.com.br\/site\/wp-content\/uploads\/2022\/01\/TEC1-200x300.jpg 200w\" sizes=\"auto, (max-width: 700px) 100vw, 700px\" \/><\/p>\n<p class=\"yiv1150561842MsoNormal\" style=\"text-align: center;\"><em><strong>Os cursos t\u00e9cnicos da Firjan SENAI atendem as necessidades das ind\u00fastrias e capacitam os alunos para as exig\u00eancias deste mercado de trabalho, proporcionando oportunidades de emprego a pessoas de qualquer idade, seja para quem busca o primeiro emprego ou recoloca\u00e7\u00e3o<\/strong><\/em><\/p>\n<p class=\"yiv1150561842MsoNormal\" style=\"text-align: justify;\"><b>Procura por profissionais de TI em ascens\u00e3o&nbsp;<\/b><\/p>\n<p class=\"yiv1150561842paragraph\" style=\"text-align: justify;\"><span class=\"yiv1150561842normaltextrun\">Melo chama aten\u00e7\u00e3o para o setor de tecnologia da informa\u00e7\u00e3o (TI) e automa\u00e7\u00e3o, que acentuaram seu protagonismo frente \u00e0 demanda por tecnologias relacionadas ao processo de digitaliza\u00e7\u00e3o das empresas, as denominadas tecnologias habilitadoras para a ind\u00fastria 4.0, al\u00e9m do contexto da pandemia Covid-19 que intensificou ainda mais a procura por profissionais de TI e Automa\u00e7\u00e3o.<\/span><span class=\"yiv1150561842eop\">&nbsp;A unidade de Itaperuna, por exemplo, est\u00e1 com inscri\u00e7\u00f5es abertas para o curso de T\u00e9cnico em Inform\u00e1tica.<\/span><\/p>\n<p class=\"yiv1150561842paragraph\" style=\"text-align: justify;\"><span class=\"yiv1150561842normaltextrun\">Para conhecer mais sobre as vagas ofertadas pelo SENAI em Cursos T\u00e9cnicos EaD + Pr\u00e1tica e se inscrever, acesse:&nbsp;<\/span><a href=\"http:\/\/www.firjansenai.com.br\/\" target=\"_blank\" rel=\"nofollow noopener noreferrer\"><span class=\"yiv1150561842normaltextrun\">www.firjansenai.com.br<\/span><\/a><span class=\"yiv1150561842eop\">&nbsp;<\/span><\/p>\n<p class=\"yiv1150561842MsoNormal\" style=\"text-align: justify;\"><b>Confira abaixo os cursos dispon\u00edveis em cada unidade do Norte e Noroeste Fluminense<\/b><\/p>\n<p class=\"yiv1150561842MsoNormal\" style=\"text-align: justify;\">\u2022&nbsp;&nbsp;&nbsp;&nbsp;&nbsp;&nbsp;&nbsp; Firjan SENAI Campos: T\u00e9cnico em Mec\u00e2nica e T\u00e9cnico em Eletrot\u00e9cnica<\/p>\n<p class=\"yiv1150561842MsoNormal\" style=\"text-align: justify;\">\u2022&nbsp;&nbsp;&nbsp;&nbsp;&nbsp;&nbsp;&nbsp; Firjan SENAI Maca\u00e9: T\u00e9cnico em Mec\u00e2nica, T\u00e9cnico em Eletromec\u00e2nica&nbsp;&nbsp;&nbsp;&nbsp;&nbsp;&nbsp;&nbsp; e T\u00e9cnico em Eletrot\u00e9cnica<\/p>\n<p class=\"yiv1150561842MsoNormal\" style=\"text-align: justify;\">\u2022&nbsp;&nbsp;&nbsp;&nbsp;&nbsp;&nbsp;&nbsp; Firjan SENAI Itaperuna: T\u00e9cnico em Inform\u00e1tica<\/p>\n<p class=\"yiv1150561842MsoNormal\" style=\"text-align: justify;\">&nbsp;<\/p>\n","protected":false},"excerpt":{"rendered":"<p>T\u00e9cnico em Mec\u00e2nica, Eletrot\u00e9cnica, Eletromec\u00e2nica e Inform\u00e1tica s\u00e3o alguns dos cursos dispon\u00edveis nas unidades de Campos, Maca\u00e9 e Itaperuna O Estado do Rio criou&nbsp;35.654 postos de trabalho formais de janeiro a novembro de 2021 &#8211; n\u00fameros que indicam que o mercado j\u00e1 se encontra acima do n\u00edvel da pr\u00e9-pandemia. Por isso, investir em qualifica\u00e7\u00e3o se [&hellip;]<\/p>\n","protected":false},"author":19,"featured_media":387977,"comment_status":"open","ping_status":"closed","sticky":false,"template":"","format":"standard","meta":{"ngg_post_thumbnail":0,"footnotes":""},"categories":[78],"tags":[],"class_list":["post-387976","post","type-post","status-publish","format-standard","has-post-thumbnail","hentry","category-rj"],"yoast_head":"<!-- This site is optimized with the Yoast SEO plugin v20.11 - https:\/\/yoast.com\/wordpress\/plugins\/seo\/ -->\n<title>Firjan SENAI tem vagas abertas para seis cursos t\u00e9cnicos no Norte e Noroeste Fluminense - O Itaperunense<\/title>\n<meta name=\"robots\" content=\"index, follow, max-snippet:-1, max-image-preview:large, max-video-preview:-1\" \/>\n<link rel=\"canonical\" href=\"https:\/\/www.oitaperunense.com.br\/site\/firjan-senai-tem-vagas-abertas-para-seis-cursos-tecnicos-no-norte-e-noroeste-fluminense\/\" \/>\n<meta property=\"og:locale\" content=\"pt_BR\" \/>\n<meta property=\"og:type\" content=\"article\" \/>\n<meta property=\"og:title\" content=\"Firjan SENAI tem vagas abertas para seis cursos t\u00e9cnicos no Norte e Noroeste Fluminense - O Itaperunense\" \/>\n<meta property=\"og:description\" content=\"T\u00e9cnico em Mec\u00e2nica, Eletrot\u00e9cnica, Eletromec\u00e2nica e Inform\u00e1tica s\u00e3o alguns dos cursos dispon\u00edveis nas unidades de Campos, Maca\u00e9 e Itaperuna O Estado do Rio criou&nbsp;35.654 postos de trabalho formais de janeiro a novembro de 2021 &#8211; n\u00fameros que indicam que o mercado j\u00e1 se encontra acima do n\u00edvel da pr\u00e9-pandemia. Por isso, investir em qualifica\u00e7\u00e3o se [&hellip;]\" \/>\n<meta property=\"og:url\" content=\"https:\/\/www.oitaperunense.com.br\/site\/firjan-senai-tem-vagas-abertas-para-seis-cursos-tecnicos-no-norte-e-noroeste-fluminense\/\" \/>\n<meta property=\"og:site_name\" content=\"O Itaperunense\" \/>\n<meta property=\"article:publisher\" content=\"https:\/\/www.facebook.com\/jornaloitaperunense\" \/>\n<meta property=\"article:published_time\" content=\"2022-01-17T12:18:38+00:00\" \/>\n<meta property=\"og:image\" content=\"https:\/\/www.oitaperunense.com.br\/site\/wp-content\/uploads\/2022\/01\/TEC3.jpg\" \/>\n\t<meta property=\"og:image:width\" content=\"700\" \/>\n\t<meta property=\"og:image:height\" content=\"546\" \/>\n\t<meta property=\"og:image:type\" content=\"image\/jpeg\" \/>\n<meta name=\"author\" content=\"Andr\u00e9\" \/>\n<meta name=\"twitter:card\" content=\"summary_large_image\" \/>\n<meta name=\"twitter:label1\" content=\"Escrito por\" \/>\n\t<meta name=\"twitter:data1\" content=\"Andr\u00e9\" \/>\n\t<meta name=\"twitter:label2\" content=\"Est. tempo de leitura\" \/>\n\t<meta name=\"twitter:data2\" content=\"3 minutos\" \/>\n<script type=\"application\/ld+json\" class=\"yoast-schema-graph\">{\"@context\":\"https:\/\/schema.org\",\"@graph\":[{\"@type\":\"WebPage\",\"@id\":\"https:\/\/www.oitaperunense.com.br\/site\/firjan-senai-tem-vagas-abertas-para-seis-cursos-tecnicos-no-norte-e-noroeste-fluminense\/\",\"url\":\"https:\/\/www.oitaperunense.com.br\/site\/firjan-senai-tem-vagas-abertas-para-seis-cursos-tecnicos-no-norte-e-noroeste-fluminense\/\",\"name\":\"Firjan SENAI tem vagas abertas para seis cursos t\u00e9cnicos no Norte e Noroeste Fluminense - O Itaperunense\",\"isPartOf\":{\"@id\":\"https:\/\/www.oitaperunense.com.br\/site\/#website\"},\"datePublished\":\"2022-01-17T12:18:38+00:00\",\"dateModified\":\"2022-01-17T12:18:38+00:00\",\"author\":{\"@id\":\"https:\/\/www.oitaperunense.com.br\/site\/#\/schema\/person\/4a5b86c112157bc0a4492f4fd6b7939f\"},\"breadcrumb\":{\"@id\":\"https:\/\/www.oitaperunense.com.br\/site\/firjan-senai-tem-vagas-abertas-para-seis-cursos-tecnicos-no-norte-e-noroeste-fluminense\/#breadcrumb\"},\"inLanguage\":\"pt-BR\",\"potentialAction\":[{\"@type\":\"ReadAction\",\"target\":[\"https:\/\/www.oitaperunense.com.br\/site\/firjan-senai-tem-vagas-abertas-para-seis-cursos-tecnicos-no-norte-e-noroeste-fluminense\/\"]}]},{\"@type\":\"BreadcrumbList\",\"@id\":\"https:\/\/www.oitaperunense.com.br\/site\/firjan-senai-tem-vagas-abertas-para-seis-cursos-tecnicos-no-norte-e-noroeste-fluminense\/#breadcrumb\",\"itemListElement\":[{\"@type\":\"ListItem\",\"position\":1,\"name\":\"Home\",\"item\":\"https:\/\/www.oitaperunense.com.br\/site\/\"},{\"@type\":\"ListItem\",\"position\":2,\"name\":\"Firjan SENAI tem vagas abertas para seis cursos t\u00e9cnicos no Norte e Noroeste Fluminense\"}]},{\"@type\":\"WebSite\",\"@id\":\"https:\/\/www.oitaperunense.com.br\/site\/#website\",\"url\":\"https:\/\/www.oitaperunense.com.br\/site\/\",\"name\":\"O Itaperunense\",\"description\":\"\",\"potentialAction\":[{\"@type\":\"SearchAction\",\"target\":{\"@type\":\"EntryPoint\",\"urlTemplate\":\"https:\/\/www.oitaperunense.com.br\/site\/?s={search_term_string}\"},\"query-input\":\"required name=search_term_string\"}],\"inLanguage\":\"pt-BR\"},{\"@type\":\"Person\",\"@id\":\"https:\/\/www.oitaperunense.com.br\/site\/#\/schema\/person\/4a5b86c112157bc0a4492f4fd6b7939f\",\"name\":\"Andr\u00e9\",\"image\":{\"@type\":\"ImageObject\",\"inLanguage\":\"pt-BR\",\"@id\":\"https:\/\/www.oitaperunense.com.br\/site\/#\/schema\/person\/image\/\",\"url\":\"https:\/\/secure.gravatar.com\/avatar\/7a7a912ec2c8cd6a390040b03329ee7a71bbd5f81ac3557b6a68208f263fc97b?s=96&d=mm&r=g\",\"contentUrl\":\"https:\/\/secure.gravatar.com\/avatar\/7a7a912ec2c8cd6a390040b03329ee7a71bbd5f81ac3557b6a68208f263fc97b?s=96&d=mm&r=g\",\"caption\":\"Andr\u00e9\"},\"url\":\"https:\/\/www.oitaperunense.com.br\/site\/author\/andre\/\"}]}<\/script>\n<!-- \/ Yoast SEO plugin. -->","yoast_head_json":{"title":"Firjan SENAI tem vagas abertas para seis cursos t\u00e9cnicos no Norte e Noroeste Fluminense - O Itaperunense","robots":{"index":"index","follow":"follow","max-snippet":"max-snippet:-1","max-image-preview":"max-image-preview:large","max-video-preview":"max-video-preview:-1"},"canonical":"https:\/\/www.oitaperunense.com.br\/site\/firjan-senai-tem-vagas-abertas-para-seis-cursos-tecnicos-no-norte-e-noroeste-fluminense\/","og_locale":"pt_BR","og_type":"article","og_title":"Firjan SENAI tem vagas abertas para seis cursos t\u00e9cnicos no Norte e Noroeste Fluminense - O Itaperunense","og_description":"T\u00e9cnico em Mec\u00e2nica, Eletrot\u00e9cnica, Eletromec\u00e2nica e Inform\u00e1tica s\u00e3o alguns dos cursos dispon\u00edveis nas unidades de Campos, Maca\u00e9 e Itaperuna O Estado do Rio criou&nbsp;35.654 postos de trabalho formais de janeiro a novembro de 2021 &#8211; n\u00fameros que indicam que o mercado j\u00e1 se encontra acima do n\u00edvel da pr\u00e9-pandemia. Por isso, investir em qualifica\u00e7\u00e3o se [&hellip;]","og_url":"https:\/\/www.oitaperunense.com.br\/site\/firjan-senai-tem-vagas-abertas-para-seis-cursos-tecnicos-no-norte-e-noroeste-fluminense\/","og_site_name":"O Itaperunense","article_publisher":"https:\/\/www.facebook.com\/jornaloitaperunense","article_published_time":"2022-01-17T12:18:38+00:00","og_image":[{"width":700,"height":546,"url":"https:\/\/www.oitaperunense.com.br\/site\/wp-content\/uploads\/2022\/01\/TEC3.jpg","type":"image\/jpeg"}],"author":"Andr\u00e9","twitter_card":"summary_large_image","twitter_misc":{"Escrito por":"Andr\u00e9","Est. tempo de leitura":"3 minutos"},"schema":{"@context":"https:\/\/schema.org","@graph":[{"@type":"WebPage","@id":"https:\/\/www.oitaperunense.com.br\/site\/firjan-senai-tem-vagas-abertas-para-seis-cursos-tecnicos-no-norte-e-noroeste-fluminense\/","url":"https:\/\/www.oitaperunense.com.br\/site\/firjan-senai-tem-vagas-abertas-para-seis-cursos-tecnicos-no-norte-e-noroeste-fluminense\/","name":"Firjan SENAI tem vagas abertas para seis cursos t\u00e9cnicos no Norte e Noroeste Fluminense - O Itaperunense","isPartOf":{"@id":"https:\/\/www.oitaperunense.com.br\/site\/#website"},"datePublished":"2022-01-17T12:18:38+00:00","dateModified":"2022-01-17T12:18:38+00:00","author":{"@id":"https:\/\/www.oitaperunense.com.br\/site\/#\/schema\/person\/4a5b86c112157bc0a4492f4fd6b7939f"},"breadcrumb":{"@id":"https:\/\/www.oitaperunense.com.br\/site\/firjan-senai-tem-vagas-abertas-para-seis-cursos-tecnicos-no-norte-e-noroeste-fluminense\/#breadcrumb"},"inLanguage":"pt-BR","potentialAction":[{"@type":"ReadAction","target":["https:\/\/www.oitaperunense.com.br\/site\/firjan-senai-tem-vagas-abertas-para-seis-cursos-tecnicos-no-norte-e-noroeste-fluminense\/"]}]},{"@type":"BreadcrumbList","@id":"https:\/\/www.oitaperunense.com.br\/site\/firjan-senai-tem-vagas-abertas-para-seis-cursos-tecnicos-no-norte-e-noroeste-fluminense\/#breadcrumb","itemListElement":[{"@type":"ListItem","position":1,"name":"Home","item":"https:\/\/www.oitaperunense.com.br\/site\/"},{"@type":"ListItem","position":2,"name":"Firjan SENAI tem vagas abertas para seis cursos t\u00e9cnicos no Norte e Noroeste Fluminense"}]},{"@type":"WebSite","@id":"https:\/\/www.oitaperunense.com.br\/site\/#website","url":"https:\/\/www.oitaperunense.com.br\/site\/","name":"O Itaperunense","description":"","potentialAction":[{"@type":"SearchAction","target":{"@type":"EntryPoint","urlTemplate":"https:\/\/www.oitaperunense.com.br\/site\/?s={search_term_string}"},"query-input":"required name=search_term_string"}],"inLanguage":"pt-BR"},{"@type":"Person","@id":"https:\/\/www.oitaperunense.com.br\/site\/#\/schema\/person\/4a5b86c112157bc0a4492f4fd6b7939f","name":"Andr\u00e9","image":{"@type":"ImageObject","inLanguage":"pt-BR","@id":"https:\/\/www.oitaperunense.com.br\/site\/#\/schema\/person\/image\/","url":"https:\/\/secure.gravatar.com\/avatar\/7a7a912ec2c8cd6a390040b03329ee7a71bbd5f81ac3557b6a68208f263fc97b?s=96&d=mm&r=g","contentUrl":"https:\/\/secure.gravatar.com\/avatar\/7a7a912ec2c8cd6a390040b03329ee7a71bbd5f81ac3557b6a68208f263fc97b?s=96&d=mm&r=g","caption":"Andr\u00e9"},"url":"https:\/\/www.oitaperunense.com.br\/site\/author\/andre\/"}]}},"cc_featured_image_caption":{"caption_text":"","source_text":"","source_url":""},"_links":{"self":[{"href":"https:\/\/www.oitaperunense.com.br\/site\/wp-json\/wp\/v2\/posts\/387976","targetHints":{"allow":["GET"]}}],"collection":[{"href":"https:\/\/www.oitaperunense.com.br\/site\/wp-json\/wp\/v2\/posts"}],"about":[{"href":"https:\/\/www.oitaperunense.com.br\/site\/wp-json\/wp\/v2\/types\/post"}],"author":[{"embeddable":true,"href":"https:\/\/www.oitaperunense.com.br\/site\/wp-json\/wp\/v2\/users\/19"}],"replies":[{"embeddable":true,"href":"https:\/\/www.oitaperunense.com.br\/site\/wp-json\/wp\/v2\/comments?post=387976"}],"version-history":[{"count":1,"href":"https:\/\/www.oitaperunense.com.br\/site\/wp-json\/wp\/v2\/posts\/387976\/revisions"}],"predecessor-version":[{"id":387979,"href":"https:\/\/www.oitaperunense.com.br\/site\/wp-json\/wp\/v2\/posts\/387976\/revisions\/387979"}],"wp:featuredmedia":[{"embeddable":true,"href":"https:\/\/www.oitaperunense.com.br\/site\/wp-json\/wp\/v2\/media\/387977"}],"wp:attachment":[{"href":"https:\/\/www.oitaperunense.com.br\/site\/wp-json\/wp\/v2\/media?parent=387976"}],"wp:term":[{"taxonomy":"category","embeddable":true,"href":"https:\/\/www.oitaperunense.com.br\/site\/wp-json\/wp\/v2\/categories?post=387976"},{"taxonomy":"post_tag","embeddable":true,"href":"https:\/\/www.oitaperunense.com.br\/site\/wp-json\/wp\/v2\/tags?post=387976"}],"curies":[{"name":"wp","href":"https:\/\/api.w.org\/{rel}","templated":true}]}}