{"id":387961,"date":"2022-01-15T10:37:04","date_gmt":"2022-01-15T13:37:04","guid":{"rendered":"http:\/\/www.oitaperunense.com.br\/site\/?p=387961"},"modified":"2022-01-15T10:39:15","modified_gmt":"2022-01-15T13:39:15","slug":"rj-governador-claudio-castro-acompanha-acoes-do-estado-hoje-em-itaperuna","status":"publish","type":"post","link":"https:\/\/www.oitaperunense.com.br\/site\/rj-governador-claudio-castro-acompanha-acoes-do-estado-hoje-em-itaperuna\/","title":{"rendered":"RJ: GOVERNADOR CL\u00c1UDIO CASTRO ACOMPANHA A\u00c7\u00d5ES DO ESTADO HOJE EM ITAPERUNA"},"content":{"rendered":"<div style=\"text-align: center;\"><em><strong>A pedido do vice-presidente da Alerj, deputado Jair Bittencourt, o governador Cl\u00e1udio Castro vai avaliar os danos causados pelas enchentes que atingiu a cidade<\/strong><\/em><\/div>\n<div>&nbsp;<\/div>\n<div style=\"text-align: justify;\">O governador Cl\u00e1udio Castro (PL) vai estar hoje em Itaperuna para acompanhar as a\u00e7\u00f5es do Governo do Estado do Rio no Munic\u00edpio. A pedido do vice-presidente da Alerj, deputado Jair Bittencourt, o governador Cl\u00e1udio Castro vai avaliar os danos causados pelas enchentes que atingiu a cidade. Em Itaperuna, ser\u00e1 recepcionado pelo prefeito Alfred\u00e3o, pelo secret\u00e1rio de Governo, Murillo Gouv\u00eaa, al\u00e9m de outros secret\u00e1rios municipais. Sua chegada est\u00e1 prevista \u00e0s 16hs.<\/div>\n<p style=\"text-align: justify;\"><!--more--><\/p>\n<div style=\"text-align: justify;\"><img loading=\"lazy\" decoding=\"async\" class=\"alignnone size-full wp-image-387963 aligncenter\" src=\"https:\/\/www.oitaperunense.com.br\/site\/wp-content\/uploads\/2022\/01\/ccj1.jpg\" alt=\"\" width=\"700\" height=\"805\" srcset=\"https:\/\/www.oitaperunense.com.br\/site\/wp-content\/uploads\/2022\/01\/ccj1.jpg 700w, https:\/\/www.oitaperunense.com.br\/site\/wp-content\/uploads\/2022\/01\/ccj1-261x300.jpg 261w\" sizes=\"auto, (max-width: 700px) 100vw, 700px\" \/><\/div>\n<div style=\"text-align: center;\"><em><strong>Secret\u00e1rio de Governo, Murillo Gouv\u00eaa, mant\u00e9m um canal direto com o governador Cl\u00e1udio Castro e vai facilitar as a\u00e7\u00f5es do Estado em Itaperuna e regi\u00e3o Noroeste Fluminense<\/strong><\/em><\/div>\n<div style=\"text-align: justify;\">&nbsp;<\/div>\n<div style=\"text-align: justify;\">Castro tamb\u00e9m vai visitar aos munic\u00edpios de Campos dos Goytacazes e Cambuci, onde promover\u00e1 uma s\u00e9rie de a\u00e7\u00f5es. Durante sua visita em Campos, o governador vai inaugurar a Opera\u00e7\u00e3o Seguran\u00e7a Presente e RJ Para Todos, al\u00e9m de visitar \u00e1reas afetadas pelas chuvas na regi\u00e3o. Cl\u00e1udio Castro tamb\u00e9m acompanhar\u00e1 as a\u00e7\u00f5es do RJ Para Todos, programa que leva dignidade e cidadania para a popula\u00e7\u00e3o mais vulner\u00e1vel.<\/div>\n<div style=\"text-align: justify;\">&nbsp;<\/div>\n<div style=\"text-align: justify;\">Na comitiva do Governador, o secret\u00e1rio Estadual de Governo, Rodrigo Bacellar entre outros secret\u00e1rios de Estado.<\/div>\n<div style=\"text-align: justify;\">\n<div>&nbsp;<\/div>\n<div>A Prefeitura de Itaperuna instalou o Gabinete de Crise, montado na sede da Secretaria de Defesa Civil, no bairro Aeroporto e ainda mant\u00e9m plant\u00e3o para atender \u00e0 popula\u00e7\u00e3o itaperunense. A for\u00e7a tarefa abrange as Secretarias de Defesa Civil, Sa\u00fade, Desenvolvimento Urbano (Obras), Assist\u00eancia Social, Educa\u00e7\u00e3o, Agricultura e Meio Ambiente.<\/div>\n<div>&nbsp;<\/div>\n<div><strong>Mat\u00e9ria: Andr\u00e9 Garcia<\/strong><\/div>\n<div><strong>Fotos: Imagens da Internet<\/strong><\/div>\n<\/div>\n<div style=\"text-align: justify;\">&nbsp;<\/div>\n","protected":false},"excerpt":{"rendered":"<p>A pedido do vice-presidente da Alerj, deputado Jair Bittencourt, o governador Cl\u00e1udio Castro vai avaliar os danos causados pelas enchentes que atingiu a cidade &nbsp; O governador Cl\u00e1udio Castro (PL) vai estar hoje em Itaperuna para acompanhar as a\u00e7\u00f5es do Governo do Estado do Rio no Munic\u00edpio. A pedido do vice-presidente da Alerj, deputado Jair [&hellip;]<\/p>\n","protected":false},"author":19,"featured_media":387964,"comment_status":"open","ping_status":"closed","sticky":false,"template":"","format":"standard","meta":{"ngg_post_thumbnail":0,"footnotes":""},"categories":[78],"tags":[],"class_list":["post-387961","post","type-post","status-publish","format-standard","has-post-thumbnail","hentry","category-rj"],"yoast_head":"<!-- This site is optimized with the Yoast SEO plugin v20.11 - https:\/\/yoast.com\/wordpress\/plugins\/seo\/ -->\n<title>RJ: GOVERNADOR CL\u00c1UDIO CASTRO ACOMPANHA A\u00c7\u00d5ES DO ESTADO HOJE EM ITAPERUNA - O Itaperunense<\/title>\n<meta name=\"robots\" content=\"index, follow, max-snippet:-1, max-image-preview:large, max-video-preview:-1\" \/>\n<link rel=\"canonical\" href=\"https:\/\/www.oitaperunense.com.br\/site\/rj-governador-claudio-castro-acompanha-acoes-do-estado-hoje-em-itaperuna\/\" \/>\n<meta property=\"og:locale\" content=\"pt_BR\" \/>\n<meta property=\"og:type\" content=\"article\" \/>\n<meta property=\"og:title\" content=\"RJ: GOVERNADOR CL\u00c1UDIO CASTRO ACOMPANHA A\u00c7\u00d5ES DO ESTADO HOJE EM ITAPERUNA - O Itaperunense\" \/>\n<meta property=\"og:description\" content=\"A pedido do vice-presidente da Alerj, deputado Jair Bittencourt, o governador Cl\u00e1udio Castro vai avaliar os danos causados pelas enchentes que atingiu a cidade &nbsp; O governador Cl\u00e1udio Castro (PL) vai estar hoje em Itaperuna para acompanhar as a\u00e7\u00f5es do Governo do Estado do Rio no Munic\u00edpio. A pedido do vice-presidente da Alerj, deputado Jair [&hellip;]\" \/>\n<meta property=\"og:url\" content=\"https:\/\/www.oitaperunense.com.br\/site\/rj-governador-claudio-castro-acompanha-acoes-do-estado-hoje-em-itaperuna\/\" \/>\n<meta property=\"og:site_name\" content=\"O Itaperunense\" \/>\n<meta property=\"article:publisher\" content=\"https:\/\/www.facebook.com\/jornaloitaperunense\" \/>\n<meta property=\"article:published_time\" content=\"2022-01-15T13:37:04+00:00\" \/>\n<meta property=\"article:modified_time\" content=\"2022-01-15T13:39:15+00:00\" \/>\n<meta property=\"og:image\" content=\"https:\/\/www.oitaperunense.com.br\/site\/wp-content\/uploads\/2022\/01\/ccj.jpg\" \/>\n\t<meta property=\"og:image:width\" content=\"700\" \/>\n\t<meta property=\"og:image:height\" content=\"569\" \/>\n\t<meta property=\"og:image:type\" content=\"image\/jpeg\" \/>\n<meta name=\"author\" content=\"Andr\u00e9\" \/>\n<meta name=\"twitter:card\" content=\"summary_large_image\" \/>\n<meta name=\"twitter:label1\" content=\"Escrito por\" \/>\n\t<meta name=\"twitter:data1\" content=\"Andr\u00e9\" \/>\n\t<meta name=\"twitter:label2\" content=\"Est. tempo de leitura\" \/>\n\t<meta name=\"twitter:data2\" content=\"2 minutos\" \/>\n<script type=\"application\/ld+json\" class=\"yoast-schema-graph\">{\"@context\":\"https:\/\/schema.org\",\"@graph\":[{\"@type\":\"WebPage\",\"@id\":\"https:\/\/www.oitaperunense.com.br\/site\/rj-governador-claudio-castro-acompanha-acoes-do-estado-hoje-em-itaperuna\/\",\"url\":\"https:\/\/www.oitaperunense.com.br\/site\/rj-governador-claudio-castro-acompanha-acoes-do-estado-hoje-em-itaperuna\/\",\"name\":\"RJ: GOVERNADOR CL\u00c1UDIO CASTRO ACOMPANHA A\u00c7\u00d5ES DO ESTADO HOJE EM ITAPERUNA - O Itaperunense\",\"isPartOf\":{\"@id\":\"https:\/\/www.oitaperunense.com.br\/site\/#website\"},\"datePublished\":\"2022-01-15T13:37:04+00:00\",\"dateModified\":\"2022-01-15T13:39:15+00:00\",\"author\":{\"@id\":\"https:\/\/www.oitaperunense.com.br\/site\/#\/schema\/person\/4a5b86c112157bc0a4492f4fd6b7939f\"},\"breadcrumb\":{\"@id\":\"https:\/\/www.oitaperunense.com.br\/site\/rj-governador-claudio-castro-acompanha-acoes-do-estado-hoje-em-itaperuna\/#breadcrumb\"},\"inLanguage\":\"pt-BR\",\"potentialAction\":[{\"@type\":\"ReadAction\",\"target\":[\"https:\/\/www.oitaperunense.com.br\/site\/rj-governador-claudio-castro-acompanha-acoes-do-estado-hoje-em-itaperuna\/\"]}]},{\"@type\":\"BreadcrumbList\",\"@id\":\"https:\/\/www.oitaperunense.com.br\/site\/rj-governador-claudio-castro-acompanha-acoes-do-estado-hoje-em-itaperuna\/#breadcrumb\",\"itemListElement\":[{\"@type\":\"ListItem\",\"position\":1,\"name\":\"Home\",\"item\":\"https:\/\/www.oitaperunense.com.br\/site\/\"},{\"@type\":\"ListItem\",\"position\":2,\"name\":\"RJ: GOVERNADOR CL\u00c1UDIO CASTRO ACOMPANHA A\u00c7\u00d5ES DO ESTADO HOJE EM ITAPERUNA\"}]},{\"@type\":\"WebSite\",\"@id\":\"https:\/\/www.oitaperunense.com.br\/site\/#website\",\"url\":\"https:\/\/www.oitaperunense.com.br\/site\/\",\"name\":\"O Itaperunense\",\"description\":\"\",\"potentialAction\":[{\"@type\":\"SearchAction\",\"target\":{\"@type\":\"EntryPoint\",\"urlTemplate\":\"https:\/\/www.oitaperunense.com.br\/site\/?s={search_term_string}\"},\"query-input\":\"required name=search_term_string\"}],\"inLanguage\":\"pt-BR\"},{\"@type\":\"Person\",\"@id\":\"https:\/\/www.oitaperunense.com.br\/site\/#\/schema\/person\/4a5b86c112157bc0a4492f4fd6b7939f\",\"name\":\"Andr\u00e9\",\"image\":{\"@type\":\"ImageObject\",\"inLanguage\":\"pt-BR\",\"@id\":\"https:\/\/www.oitaperunense.com.br\/site\/#\/schema\/person\/image\/\",\"url\":\"https:\/\/secure.gravatar.com\/avatar\/7a7a912ec2c8cd6a390040b03329ee7a71bbd5f81ac3557b6a68208f263fc97b?s=96&d=mm&r=g\",\"contentUrl\":\"https:\/\/secure.gravatar.com\/avatar\/7a7a912ec2c8cd6a390040b03329ee7a71bbd5f81ac3557b6a68208f263fc97b?s=96&d=mm&r=g\",\"caption\":\"Andr\u00e9\"},\"url\":\"https:\/\/www.oitaperunense.com.br\/site\/author\/andre\/\"}]}<\/script>\n<!-- \/ Yoast SEO plugin. -->","yoast_head_json":{"title":"RJ: GOVERNADOR CL\u00c1UDIO CASTRO ACOMPANHA A\u00c7\u00d5ES DO ESTADO HOJE EM ITAPERUNA - O Itaperunense","robots":{"index":"index","follow":"follow","max-snippet":"max-snippet:-1","max-image-preview":"max-image-preview:large","max-video-preview":"max-video-preview:-1"},"canonical":"https:\/\/www.oitaperunense.com.br\/site\/rj-governador-claudio-castro-acompanha-acoes-do-estado-hoje-em-itaperuna\/","og_locale":"pt_BR","og_type":"article","og_title":"RJ: GOVERNADOR CL\u00c1UDIO CASTRO ACOMPANHA A\u00c7\u00d5ES DO ESTADO HOJE EM ITAPERUNA - O Itaperunense","og_description":"A pedido do vice-presidente da Alerj, deputado Jair Bittencourt, o governador Cl\u00e1udio Castro vai avaliar os danos causados pelas enchentes que atingiu a cidade &nbsp; O governador Cl\u00e1udio Castro (PL) vai estar hoje em Itaperuna para acompanhar as a\u00e7\u00f5es do Governo do Estado do Rio no Munic\u00edpio. A pedido do vice-presidente da Alerj, deputado Jair [&hellip;]","og_url":"https:\/\/www.oitaperunense.com.br\/site\/rj-governador-claudio-castro-acompanha-acoes-do-estado-hoje-em-itaperuna\/","og_site_name":"O Itaperunense","article_publisher":"https:\/\/www.facebook.com\/jornaloitaperunense","article_published_time":"2022-01-15T13:37:04+00:00","article_modified_time":"2022-01-15T13:39:15+00:00","og_image":[{"width":700,"height":569,"url":"https:\/\/www.oitaperunense.com.br\/site\/wp-content\/uploads\/2022\/01\/ccj.jpg","type":"image\/jpeg"}],"author":"Andr\u00e9","twitter_card":"summary_large_image","twitter_misc":{"Escrito por":"Andr\u00e9","Est. tempo de leitura":"2 minutos"},"schema":{"@context":"https:\/\/schema.org","@graph":[{"@type":"WebPage","@id":"https:\/\/www.oitaperunense.com.br\/site\/rj-governador-claudio-castro-acompanha-acoes-do-estado-hoje-em-itaperuna\/","url":"https:\/\/www.oitaperunense.com.br\/site\/rj-governador-claudio-castro-acompanha-acoes-do-estado-hoje-em-itaperuna\/","name":"RJ: GOVERNADOR CL\u00c1UDIO CASTRO ACOMPANHA A\u00c7\u00d5ES DO ESTADO HOJE EM ITAPERUNA - O Itaperunense","isPartOf":{"@id":"https:\/\/www.oitaperunense.com.br\/site\/#website"},"datePublished":"2022-01-15T13:37:04+00:00","dateModified":"2022-01-15T13:39:15+00:00","author":{"@id":"https:\/\/www.oitaperunense.com.br\/site\/#\/schema\/person\/4a5b86c112157bc0a4492f4fd6b7939f"},"breadcrumb":{"@id":"https:\/\/www.oitaperunense.com.br\/site\/rj-governador-claudio-castro-acompanha-acoes-do-estado-hoje-em-itaperuna\/#breadcrumb"},"inLanguage":"pt-BR","potentialAction":[{"@type":"ReadAction","target":["https:\/\/www.oitaperunense.com.br\/site\/rj-governador-claudio-castro-acompanha-acoes-do-estado-hoje-em-itaperuna\/"]}]},{"@type":"BreadcrumbList","@id":"https:\/\/www.oitaperunense.com.br\/site\/rj-governador-claudio-castro-acompanha-acoes-do-estado-hoje-em-itaperuna\/#breadcrumb","itemListElement":[{"@type":"ListItem","position":1,"name":"Home","item":"https:\/\/www.oitaperunense.com.br\/site\/"},{"@type":"ListItem","position":2,"name":"RJ: GOVERNADOR CL\u00c1UDIO CASTRO ACOMPANHA A\u00c7\u00d5ES DO ESTADO HOJE EM ITAPERUNA"}]},{"@type":"WebSite","@id":"https:\/\/www.oitaperunense.com.br\/site\/#website","url":"https:\/\/www.oitaperunense.com.br\/site\/","name":"O Itaperunense","description":"","potentialAction":[{"@type":"SearchAction","target":{"@type":"EntryPoint","urlTemplate":"https:\/\/www.oitaperunense.com.br\/site\/?s={search_term_string}"},"query-input":"required name=search_term_string"}],"inLanguage":"pt-BR"},{"@type":"Person","@id":"https:\/\/www.oitaperunense.com.br\/site\/#\/schema\/person\/4a5b86c112157bc0a4492f4fd6b7939f","name":"Andr\u00e9","image":{"@type":"ImageObject","inLanguage":"pt-BR","@id":"https:\/\/www.oitaperunense.com.br\/site\/#\/schema\/person\/image\/","url":"https:\/\/secure.gravatar.com\/avatar\/7a7a912ec2c8cd6a390040b03329ee7a71bbd5f81ac3557b6a68208f263fc97b?s=96&d=mm&r=g","contentUrl":"https:\/\/secure.gravatar.com\/avatar\/7a7a912ec2c8cd6a390040b03329ee7a71bbd5f81ac3557b6a68208f263fc97b?s=96&d=mm&r=g","caption":"Andr\u00e9"},"url":"https:\/\/www.oitaperunense.com.br\/site\/author\/andre\/"}]}},"cc_featured_image_caption":{"caption_text":"","source_text":"","source_url":""},"_links":{"self":[{"href":"https:\/\/www.oitaperunense.com.br\/site\/wp-json\/wp\/v2\/posts\/387961","targetHints":{"allow":["GET"]}}],"collection":[{"href":"https:\/\/www.oitaperunense.com.br\/site\/wp-json\/wp\/v2\/posts"}],"about":[{"href":"https:\/\/www.oitaperunense.com.br\/site\/wp-json\/wp\/v2\/types\/post"}],"author":[{"embeddable":true,"href":"https:\/\/www.oitaperunense.com.br\/site\/wp-json\/wp\/v2\/users\/19"}],"replies":[{"embeddable":true,"href":"https:\/\/www.oitaperunense.com.br\/site\/wp-json\/wp\/v2\/comments?post=387961"}],"version-history":[{"count":6,"href":"https:\/\/www.oitaperunense.com.br\/site\/wp-json\/wp\/v2\/posts\/387961\/revisions"}],"predecessor-version":[{"id":387969,"href":"https:\/\/www.oitaperunense.com.br\/site\/wp-json\/wp\/v2\/posts\/387961\/revisions\/387969"}],"wp:featuredmedia":[{"embeddable":true,"href":"https:\/\/www.oitaperunense.com.br\/site\/wp-json\/wp\/v2\/media\/387964"}],"wp:attachment":[{"href":"https:\/\/www.oitaperunense.com.br\/site\/wp-json\/wp\/v2\/media?parent=387961"}],"wp:term":[{"taxonomy":"category","embeddable":true,"href":"https:\/\/www.oitaperunense.com.br\/site\/wp-json\/wp\/v2\/categories?post=387961"},{"taxonomy":"post_tag","embeddable":true,"href":"https:\/\/www.oitaperunense.com.br\/site\/wp-json\/wp\/v2\/tags?post=387961"}],"curies":[{"name":"wp","href":"https:\/\/api.w.org\/{rel}","templated":true}]}}