{"id":387956,"date":"2022-01-14T18:49:57","date_gmt":"2022-01-14T21:49:57","guid":{"rendered":"http:\/\/www.oitaperunense.com.br\/site\/?p=387956"},"modified":"2022-01-14T18:49:57","modified_gmt":"2022-01-14T21:49:57","slug":"saude-em-acao-secretaria-de-saude-de-itaperuna-inicia-a-campanha-janeiro-roxo","status":"publish","type":"post","link":"https:\/\/www.oitaperunense.com.br\/site\/saude-em-acao-secretaria-de-saude-de-itaperuna-inicia-a-campanha-janeiro-roxo\/","title":{"rendered":"SA\u00daDE EM A\u00c7\u00c3O: SECRETARIA DE SA\u00daDE DE ITAPERUNA INICIA A CAMPANHA JANEIRO ROXO"},"content":{"rendered":"<p class=\"yiv6168521131MsoNormal\" style=\"text-align: center;\"><em><strong>Vale lembrar que as campanhas realizadas no Centro de Sa\u00fade Dr. Raul Travassos geralmente se iniciam no in\u00edcio de cada m\u00eas, no entanto, como o Munic\u00edpio foi castigado pelas chuvas e enchentes, o evento s\u00f3 p\u00f4de ser realizado na referida data<\/strong><\/em><\/p>\n<p class=\"yiv6168521131MsoNormal\" style=\"text-align: justify;\">Em Itaperuna, a Secretaria Municipal de Sa\u00fade deu in\u00edcio \u00e0 campanha Janeiro Roxo, m\u00eas de conscientiza\u00e7\u00e3o e combate \u00e0 hansen\u00edase, doen\u00e7a cr\u00f4nica e infectocontagiosa, \u201cque acomete principalmente os nervos superficiais da pele e troncos nervosos perif\u00e9ricos (localizados na face, pesco\u00e7o, ter\u00e7o m\u00e9dio do bra\u00e7o e abaixo do cotovelo e joelhos), mas tamb\u00e9m pode afetar os olhos e \u00f3rg\u00e3os internos (mucosas, test\u00edculos, ossos, ba\u00e7o, f\u00edgado etc)\u201d, segundo defini\u00e7\u00e3o do Minist\u00e9rio da Sa\u00fade. O in\u00edcio da campanha aconteceu hoje, sexta-feira (14), e contou com a presen\u00e7a da secret\u00e1ria Municipal de Sa\u00fade Adriana Levone.<\/p>\n<p><!--more--><\/p>\n<p class=\"yiv6168521131MsoNormal\" style=\"text-align: justify;\">De acordo com a secret\u00e1ria Adriana Levone, o Centro de Sa\u00fade Dr. Raul Travassos est\u00e1 aberto durante o ano, oferecendo todo suporte e apoio \u00e0 popula\u00e7\u00e3o, realizando os devidos atendimentos.<\/p>\n<p class=\"yiv6168521131MsoNormal\" style=\"text-align: justify;\">\u201c\u00c9 importante lembrarmos que as campanhas realizadas mensalmente, durante todo o ano, \u00e9 no sentido de conscientizarmos a sociedade sobre aquela doen\u00e7a espec\u00edfica. Durante o ano, nossos m\u00e9dicos, enfermeiros, t\u00e9cnicos e demais colaboradores trabalham no dia a dia, informando, conscientizando, consultando, tratando e dando encaminhamento para cada caso. E eu sou muito grata pelo trabalho de todos voc\u00eas, dessa equipe maravilhosa, que sempre est\u00e1 ao nosso lado, buscando o melhor para o munic\u00edpio\u201d, diz a secret\u00e1ria.<\/p>\n<p style=\"text-align: center;\"><img loading=\"lazy\" decoding=\"async\" class=\"alignnone size-full wp-image-387958 aligncenter\" src=\"https:\/\/www.oitaperunense.com.br\/site\/wp-content\/uploads\/2022\/01\/ROXO3.jpg\" alt=\"\" width=\"700\" height=\"410\" srcset=\"https:\/\/www.oitaperunense.com.br\/site\/wp-content\/uploads\/2022\/01\/ROXO3.jpg 700w, https:\/\/www.oitaperunense.com.br\/site\/wp-content\/uploads\/2022\/01\/ROXO3-300x176.jpg 300w\" sizes=\"auto, (max-width: 700px) 100vw, 700px\" \/><em><strong>Dezenas de profissionais da Sa\u00fade e demais convidados participaram da solenidade de abertura da campanha, que ter\u00e1 outros desdobramentos durante o m\u00eas, e que ser\u00e3o divulgados nas redes sociais da Prefeitura de Itaperuna<\/strong><\/em><\/p>\n<p style=\"text-align: center;\"><img loading=\"lazy\" decoding=\"async\" class=\"alignnone size-full wp-image-387959 aligncenter\" src=\"https:\/\/www.oitaperunense.com.br\/site\/wp-content\/uploads\/2022\/01\/ROXO1.jpg\" alt=\"\" width=\"700\" height=\"418\" srcset=\"https:\/\/www.oitaperunense.com.br\/site\/wp-content\/uploads\/2022\/01\/ROXO1.jpg 700w, https:\/\/www.oitaperunense.com.br\/site\/wp-content\/uploads\/2022\/01\/ROXO1-300x179.jpg 300w\" sizes=\"auto, (max-width: 700px) 100vw, 700px\" \/><em><strong>Equipe de profissionais do Centro de Sa\u00fade Dr. Raul Travassos<\/strong><\/em><\/p>\n<p class=\"yiv6168521131MsoNormal\" style=\"text-align: justify;\"><b>SINAIS E SINTOMAS DA HANSEN\u00cdASE<\/b><\/p>\n<p class=\"yiv6168521131MsoNormal\" style=\"text-align: justify;\">\u00c1reas da pele, ou manchas esbranqui\u00e7adas (hipocr\u00f4micas), acastanhadas ou avermelhadas, com altera\u00e7\u00f5es de sensibilidade ao calor e\/ou dolorosa, e\/ou ao tato; formigamentos, choques e c\u00e2imbras nos bra\u00e7os e pernas, que evoluem para dorm\u00eancia \u2013 a pessoa se queima ou se machuca sem perceber; pa\u0301pulas, tube\u0301rculos e no\u0301dulos (caro\u00e7os), normalmente sem sintomas; diminui\u00e7\u00e3o ou queda de pelos, localizada ou difusa, especialmente nas sobrancelhas (madarose); pele infiltrada (avermelhada), com diminui\u00e7\u00e3o ou aus\u00eancia de suor no local.<\/p>\n<p class=\"yiv6168521131MsoNormal\" style=\"text-align: justify;\">Al\u00e9m dos sinais e sintomas mencionados, pode-se observar: dor, choque e\/ou espessamento de nervos perife\u0301ricos; diminui\u00e7\u00e3o e\/ou perda de sensibilidade nas \u00e1reas dos nervos afetados, principalmente nos olhos, m\u00e3os e p\u00e9s; diminui\u00e7\u00e3o e\/ou perda de for\u00e7a nos m\u00fasculos inervados por estes nervos, principalmente nos membros superiores e inferiores e, por vezes, p\u00e1lpebras; edema de m\u00e3os e p\u00e9s com cianose (arroxeamento dos dedos) e ressecamento da pele; febre e artralgia, associados a caro\u00e7os dolorosos, de aparecimento s\u00fabito; aparecimento s\u00fabito de manchas dormentes com dor nos nervos dos cotovelos (ulnares), joelhos (fibulares comuns) e tornozelos (tibiais posteriores); entupimento, feridas e ressecamento do nariz; ressecamento e sensa\u00e7\u00e3o de areia nos olhos.<\/p>\n<p class=\"yiv6168521131MsoNormal\" style=\"text-align: justify;\"><b><i>DECOM: Com informa\u00e7\u00f5es do Minist\u00e9rio da Sa\u00fade<\/i><\/b><\/p>\n","protected":false},"excerpt":{"rendered":"<p>Vale lembrar que as campanhas realizadas no Centro de Sa\u00fade Dr. Raul Travassos geralmente se iniciam no in\u00edcio de cada m\u00eas, no entanto, como o Munic\u00edpio foi castigado pelas chuvas e enchentes, o evento s\u00f3 p\u00f4de ser realizado na referida data Em Itaperuna, a Secretaria Municipal de Sa\u00fade deu in\u00edcio \u00e0 campanha Janeiro Roxo, m\u00eas [&hellip;]<\/p>\n","protected":false},"author":19,"featured_media":387957,"comment_status":"open","ping_status":"closed","sticky":false,"template":"","format":"standard","meta":{"ngg_post_thumbnail":0,"footnotes":""},"categories":[113],"tags":[],"class_list":["post-387956","post","type-post","status-publish","format-standard","has-post-thumbnail","hentry","category-saude"],"yoast_head":"<!-- This site is optimized with the Yoast SEO plugin v20.11 - https:\/\/yoast.com\/wordpress\/plugins\/seo\/ -->\n<title>SA\u00daDE EM A\u00c7\u00c3O: SECRETARIA DE SA\u00daDE DE ITAPERUNA INICIA A CAMPANHA JANEIRO ROXO - O Itaperunense<\/title>\n<meta name=\"robots\" content=\"index, follow, max-snippet:-1, max-image-preview:large, max-video-preview:-1\" \/>\n<link rel=\"canonical\" href=\"https:\/\/www.oitaperunense.com.br\/site\/saude-em-acao-secretaria-de-saude-de-itaperuna-inicia-a-campanha-janeiro-roxo\/\" \/>\n<meta property=\"og:locale\" content=\"pt_BR\" \/>\n<meta property=\"og:type\" content=\"article\" \/>\n<meta property=\"og:title\" content=\"SA\u00daDE EM A\u00c7\u00c3O: SECRETARIA DE SA\u00daDE DE ITAPERUNA INICIA A CAMPANHA JANEIRO ROXO - O Itaperunense\" \/>\n<meta property=\"og:description\" content=\"Vale lembrar que as campanhas realizadas no Centro de Sa\u00fade Dr. Raul Travassos geralmente se iniciam no in\u00edcio de cada m\u00eas, no entanto, como o Munic\u00edpio foi castigado pelas chuvas e enchentes, o evento s\u00f3 p\u00f4de ser realizado na referida data Em Itaperuna, a Secretaria Municipal de Sa\u00fade deu in\u00edcio \u00e0 campanha Janeiro Roxo, m\u00eas [&hellip;]\" \/>\n<meta property=\"og:url\" content=\"https:\/\/www.oitaperunense.com.br\/site\/saude-em-acao-secretaria-de-saude-de-itaperuna-inicia-a-campanha-janeiro-roxo\/\" \/>\n<meta property=\"og:site_name\" content=\"O Itaperunense\" \/>\n<meta property=\"article:publisher\" content=\"https:\/\/www.facebook.com\/jornaloitaperunense\" \/>\n<meta property=\"article:published_time\" content=\"2022-01-14T21:49:57+00:00\" \/>\n<meta property=\"og:image\" content=\"https:\/\/www.oitaperunense.com.br\/site\/wp-content\/uploads\/2022\/01\/ROXO2.jpg\" \/>\n\t<meta property=\"og:image:width\" content=\"700\" \/>\n\t<meta property=\"og:image:height\" content=\"425\" \/>\n\t<meta property=\"og:image:type\" content=\"image\/jpeg\" \/>\n<meta name=\"author\" content=\"Andr\u00e9\" \/>\n<meta name=\"twitter:card\" content=\"summary_large_image\" \/>\n<meta name=\"twitter:label1\" content=\"Escrito por\" \/>\n\t<meta name=\"twitter:data1\" content=\"Andr\u00e9\" \/>\n\t<meta name=\"twitter:label2\" content=\"Est. tempo de leitura\" \/>\n\t<meta name=\"twitter:data2\" content=\"3 minutos\" \/>\n<script type=\"application\/ld+json\" class=\"yoast-schema-graph\">{\"@context\":\"https:\/\/schema.org\",\"@graph\":[{\"@type\":\"WebPage\",\"@id\":\"https:\/\/www.oitaperunense.com.br\/site\/saude-em-acao-secretaria-de-saude-de-itaperuna-inicia-a-campanha-janeiro-roxo\/\",\"url\":\"https:\/\/www.oitaperunense.com.br\/site\/saude-em-acao-secretaria-de-saude-de-itaperuna-inicia-a-campanha-janeiro-roxo\/\",\"name\":\"SA\u00daDE EM A\u00c7\u00c3O: SECRETARIA DE SA\u00daDE DE ITAPERUNA INICIA A CAMPANHA JANEIRO ROXO - O Itaperunense\",\"isPartOf\":{\"@id\":\"https:\/\/www.oitaperunense.com.br\/site\/#website\"},\"datePublished\":\"2022-01-14T21:49:57+00:00\",\"dateModified\":\"2022-01-14T21:49:57+00:00\",\"author\":{\"@id\":\"https:\/\/www.oitaperunense.com.br\/site\/#\/schema\/person\/4a5b86c112157bc0a4492f4fd6b7939f\"},\"breadcrumb\":{\"@id\":\"https:\/\/www.oitaperunense.com.br\/site\/saude-em-acao-secretaria-de-saude-de-itaperuna-inicia-a-campanha-janeiro-roxo\/#breadcrumb\"},\"inLanguage\":\"pt-BR\",\"potentialAction\":[{\"@type\":\"ReadAction\",\"target\":[\"https:\/\/www.oitaperunense.com.br\/site\/saude-em-acao-secretaria-de-saude-de-itaperuna-inicia-a-campanha-janeiro-roxo\/\"]}]},{\"@type\":\"BreadcrumbList\",\"@id\":\"https:\/\/www.oitaperunense.com.br\/site\/saude-em-acao-secretaria-de-saude-de-itaperuna-inicia-a-campanha-janeiro-roxo\/#breadcrumb\",\"itemListElement\":[{\"@type\":\"ListItem\",\"position\":1,\"name\":\"Home\",\"item\":\"https:\/\/www.oitaperunense.com.br\/site\/\"},{\"@type\":\"ListItem\",\"position\":2,\"name\":\"SA\u00daDE EM A\u00c7\u00c3O: SECRETARIA DE SA\u00daDE DE ITAPERUNA INICIA A CAMPANHA JANEIRO ROXO\"}]},{\"@type\":\"WebSite\",\"@id\":\"https:\/\/www.oitaperunense.com.br\/site\/#website\",\"url\":\"https:\/\/www.oitaperunense.com.br\/site\/\",\"name\":\"O Itaperunense\",\"description\":\"\",\"potentialAction\":[{\"@type\":\"SearchAction\",\"target\":{\"@type\":\"EntryPoint\",\"urlTemplate\":\"https:\/\/www.oitaperunense.com.br\/site\/?s={search_term_string}\"},\"query-input\":\"required name=search_term_string\"}],\"inLanguage\":\"pt-BR\"},{\"@type\":\"Person\",\"@id\":\"https:\/\/www.oitaperunense.com.br\/site\/#\/schema\/person\/4a5b86c112157bc0a4492f4fd6b7939f\",\"name\":\"Andr\u00e9\",\"image\":{\"@type\":\"ImageObject\",\"inLanguage\":\"pt-BR\",\"@id\":\"https:\/\/www.oitaperunense.com.br\/site\/#\/schema\/person\/image\/\",\"url\":\"https:\/\/secure.gravatar.com\/avatar\/7a7a912ec2c8cd6a390040b03329ee7a71bbd5f81ac3557b6a68208f263fc97b?s=96&d=mm&r=g\",\"contentUrl\":\"https:\/\/secure.gravatar.com\/avatar\/7a7a912ec2c8cd6a390040b03329ee7a71bbd5f81ac3557b6a68208f263fc97b?s=96&d=mm&r=g\",\"caption\":\"Andr\u00e9\"},\"url\":\"https:\/\/www.oitaperunense.com.br\/site\/author\/andre\/\"}]}<\/script>\n<!-- \/ Yoast SEO plugin. -->","yoast_head_json":{"title":"SA\u00daDE EM A\u00c7\u00c3O: SECRETARIA DE SA\u00daDE DE ITAPERUNA INICIA A CAMPANHA JANEIRO ROXO - O Itaperunense","robots":{"index":"index","follow":"follow","max-snippet":"max-snippet:-1","max-image-preview":"max-image-preview:large","max-video-preview":"max-video-preview:-1"},"canonical":"https:\/\/www.oitaperunense.com.br\/site\/saude-em-acao-secretaria-de-saude-de-itaperuna-inicia-a-campanha-janeiro-roxo\/","og_locale":"pt_BR","og_type":"article","og_title":"SA\u00daDE EM A\u00c7\u00c3O: SECRETARIA DE SA\u00daDE DE ITAPERUNA INICIA A CAMPANHA JANEIRO ROXO - O Itaperunense","og_description":"Vale lembrar que as campanhas realizadas no Centro de Sa\u00fade Dr. Raul Travassos geralmente se iniciam no in\u00edcio de cada m\u00eas, no entanto, como o Munic\u00edpio foi castigado pelas chuvas e enchentes, o evento s\u00f3 p\u00f4de ser realizado na referida data Em Itaperuna, a Secretaria Municipal de Sa\u00fade deu in\u00edcio \u00e0 campanha Janeiro Roxo, m\u00eas [&hellip;]","og_url":"https:\/\/www.oitaperunense.com.br\/site\/saude-em-acao-secretaria-de-saude-de-itaperuna-inicia-a-campanha-janeiro-roxo\/","og_site_name":"O Itaperunense","article_publisher":"https:\/\/www.facebook.com\/jornaloitaperunense","article_published_time":"2022-01-14T21:49:57+00:00","og_image":[{"width":700,"height":425,"url":"https:\/\/www.oitaperunense.com.br\/site\/wp-content\/uploads\/2022\/01\/ROXO2.jpg","type":"image\/jpeg"}],"author":"Andr\u00e9","twitter_card":"summary_large_image","twitter_misc":{"Escrito por":"Andr\u00e9","Est. tempo de leitura":"3 minutos"},"schema":{"@context":"https:\/\/schema.org","@graph":[{"@type":"WebPage","@id":"https:\/\/www.oitaperunense.com.br\/site\/saude-em-acao-secretaria-de-saude-de-itaperuna-inicia-a-campanha-janeiro-roxo\/","url":"https:\/\/www.oitaperunense.com.br\/site\/saude-em-acao-secretaria-de-saude-de-itaperuna-inicia-a-campanha-janeiro-roxo\/","name":"SA\u00daDE EM A\u00c7\u00c3O: SECRETARIA DE SA\u00daDE DE ITAPERUNA INICIA A CAMPANHA JANEIRO ROXO - O Itaperunense","isPartOf":{"@id":"https:\/\/www.oitaperunense.com.br\/site\/#website"},"datePublished":"2022-01-14T21:49:57+00:00","dateModified":"2022-01-14T21:49:57+00:00","author":{"@id":"https:\/\/www.oitaperunense.com.br\/site\/#\/schema\/person\/4a5b86c112157bc0a4492f4fd6b7939f"},"breadcrumb":{"@id":"https:\/\/www.oitaperunense.com.br\/site\/saude-em-acao-secretaria-de-saude-de-itaperuna-inicia-a-campanha-janeiro-roxo\/#breadcrumb"},"inLanguage":"pt-BR","potentialAction":[{"@type":"ReadAction","target":["https:\/\/www.oitaperunense.com.br\/site\/saude-em-acao-secretaria-de-saude-de-itaperuna-inicia-a-campanha-janeiro-roxo\/"]}]},{"@type":"BreadcrumbList","@id":"https:\/\/www.oitaperunense.com.br\/site\/saude-em-acao-secretaria-de-saude-de-itaperuna-inicia-a-campanha-janeiro-roxo\/#breadcrumb","itemListElement":[{"@type":"ListItem","position":1,"name":"Home","item":"https:\/\/www.oitaperunense.com.br\/site\/"},{"@type":"ListItem","position":2,"name":"SA\u00daDE EM A\u00c7\u00c3O: SECRETARIA DE SA\u00daDE DE ITAPERUNA INICIA A CAMPANHA JANEIRO ROXO"}]},{"@type":"WebSite","@id":"https:\/\/www.oitaperunense.com.br\/site\/#website","url":"https:\/\/www.oitaperunense.com.br\/site\/","name":"O Itaperunense","description":"","potentialAction":[{"@type":"SearchAction","target":{"@type":"EntryPoint","urlTemplate":"https:\/\/www.oitaperunense.com.br\/site\/?s={search_term_string}"},"query-input":"required name=search_term_string"}],"inLanguage":"pt-BR"},{"@type":"Person","@id":"https:\/\/www.oitaperunense.com.br\/site\/#\/schema\/person\/4a5b86c112157bc0a4492f4fd6b7939f","name":"Andr\u00e9","image":{"@type":"ImageObject","inLanguage":"pt-BR","@id":"https:\/\/www.oitaperunense.com.br\/site\/#\/schema\/person\/image\/","url":"https:\/\/secure.gravatar.com\/avatar\/7a7a912ec2c8cd6a390040b03329ee7a71bbd5f81ac3557b6a68208f263fc97b?s=96&d=mm&r=g","contentUrl":"https:\/\/secure.gravatar.com\/avatar\/7a7a912ec2c8cd6a390040b03329ee7a71bbd5f81ac3557b6a68208f263fc97b?s=96&d=mm&r=g","caption":"Andr\u00e9"},"url":"https:\/\/www.oitaperunense.com.br\/site\/author\/andre\/"}]}},"cc_featured_image_caption":{"caption_text":"","source_text":"","source_url":""},"_links":{"self":[{"href":"https:\/\/www.oitaperunense.com.br\/site\/wp-json\/wp\/v2\/posts\/387956","targetHints":{"allow":["GET"]}}],"collection":[{"href":"https:\/\/www.oitaperunense.com.br\/site\/wp-json\/wp\/v2\/posts"}],"about":[{"href":"https:\/\/www.oitaperunense.com.br\/site\/wp-json\/wp\/v2\/types\/post"}],"author":[{"embeddable":true,"href":"https:\/\/www.oitaperunense.com.br\/site\/wp-json\/wp\/v2\/users\/19"}],"replies":[{"embeddable":true,"href":"https:\/\/www.oitaperunense.com.br\/site\/wp-json\/wp\/v2\/comments?post=387956"}],"version-history":[{"count":1,"href":"https:\/\/www.oitaperunense.com.br\/site\/wp-json\/wp\/v2\/posts\/387956\/revisions"}],"predecessor-version":[{"id":387960,"href":"https:\/\/www.oitaperunense.com.br\/site\/wp-json\/wp\/v2\/posts\/387956\/revisions\/387960"}],"wp:featuredmedia":[{"embeddable":true,"href":"https:\/\/www.oitaperunense.com.br\/site\/wp-json\/wp\/v2\/media\/387957"}],"wp:attachment":[{"href":"https:\/\/www.oitaperunense.com.br\/site\/wp-json\/wp\/v2\/media?parent=387956"}],"wp:term":[{"taxonomy":"category","embeddable":true,"href":"https:\/\/www.oitaperunense.com.br\/site\/wp-json\/wp\/v2\/categories?post=387956"},{"taxonomy":"post_tag","embeddable":true,"href":"https:\/\/www.oitaperunense.com.br\/site\/wp-json\/wp\/v2\/tags?post=387956"}],"curies":[{"name":"wp","href":"https:\/\/api.w.org\/{rel}","templated":true}]}}