{"id":387932,"date":"2022-01-14T08:38:07","date_gmt":"2022-01-14T11:38:07","guid":{"rendered":"http:\/\/www.oitaperunense.com.br\/site\/?p=387932"},"modified":"2022-01-14T08:38:44","modified_gmt":"2022-01-14T11:38:44","slug":"confirmado-segundo-caso-de-candida-auris-em-pe","status":"publish","type":"post","link":"https:\/\/www.oitaperunense.com.br\/site\/confirmado-segundo-caso-de-candida-auris-em-pe\/","title":{"rendered":"Confirmado segundo caso de Candida auris em PE"},"content":{"rendered":"<p style=\"text-align: center;\"><em><strong>Anvisa trata o caso como o terceiro surto do superfungo no pa\u00eds<\/strong><\/em><\/p>\n<p style=\"text-align: justify;\">A Ag\u00eancia Nacional de Vigil\u00e2ncia Sanit\u00e1ria (Anvisa) recebeu a confirma\u00e7\u00e3o do segundo caso de Candida auris no pa\u00eds. O \u201csuperfungo\u201d foi detectado em um paciente de um hospital em Pernambuco. \u00c9 o segundo caso confirmado no hospital. Os dois pacientes, um homem de 38 anos e uma mulher de 70 anos, foram isolados no in\u00edcio do m\u00eas. No dia 3 de janeiro, a Anvisa foi notificada sobre os casos poss\u00edveis de Candida auris, agora confirmados.<\/p>\n<p><!--more--><\/p>\n<p style=\"text-align: justify;\">De acordo com a Anvisa, o hospital onde os pacientes est\u00e3o internados estabeleceu medidas de precau\u00e7\u00e3o e adotou a\u00e7\u00f5es para conter o surto. Al\u00e9m disso, a ag\u00eancia destacou que \u00f3rg\u00e3os de sa\u00fade p\u00fablica foram acionados e a\u00e7\u00f5es de vigil\u00e2ncia, preven\u00e7\u00e3o e controle foram intensificados.<\/p>\n<p style=\"text-align: justify;\">A Anvisa trata o caso como o terceiro surto do superfungo no pa\u00eds. Segundo a ag\u00eancia, a defini\u00e7\u00e3o epidemiol\u00f3gica de surto abrange n\u00e3o apenas uma grande quantidade de casos de doen\u00e7as contagiosas ou de ordem sanit\u00e1ria, mas tamb\u00e9m o surgimento de um microrganismo novo na epidemiologia de um pa\u00eds ou at\u00e9 de um servi\u00e7o de sa\u00fade. A ag\u00eancia destacou que o fungo significa uma amea\u00e7a \u00e0 sa\u00fade global.<\/p>\n<p style=\"text-align: justify;\"><strong>Candida Auris<\/strong><br \/>\nO organismo \u00e9 chamado de superfungo pela resist\u00eancia que possui a antibi\u00f3ticos e outras formas de tratamento. De acordo com a Anvisa, o fungo tamb\u00e9m permanece no ambiente por longos per\u00edodos, que podem chegar a meses, e resiste a diversos tipos de desinfetantes.<\/p>\n<p style=\"text-align: justify;\">Por essas raz\u00f5es, casos de infec\u00e7\u00f5es pelo fungo trazem risco de surto e demandam monitoramento e medidas de preven\u00e7\u00e3o e controle para impedir a dissemina\u00e7\u00e3o em outros pacientes.<\/p>\n<p style=\"text-align: justify;\">Conforme nota de alerta da ag\u00eancia, o Candida auris \u201cpode causar infec\u00e7\u00e3o na corrente sangu\u00ednea e outras infec\u00e7\u00f5es invasivas, podendo ser fatal, principalmente em pacientes imunodeprimidos ou com comorbidades\u201d.<\/p>\n<p style=\"text-align: justify;\">Em outubro de 2016, a Organiza\u00e7\u00e3o Pan-Americana da Sa\u00fade\/Organiza\u00e7\u00e3o Mundial da Sa\u00fade (OPAS\/OMS) publicou um alerta epidemiol\u00f3gico em fun\u00e7\u00e3o dos relatos de surtos de Candida auris em servi\u00e7os de sa\u00fade da Am\u00e9rica Latina, recomendando aos Estados-membros a ado\u00e7\u00e3o de medidas de preven\u00e7\u00e3o e controle de surtos decorrentes deste pat\u00f3geno.<\/p>\n<p style=\"text-align: justify;\">No Brasil, o primeiro caso foi registrado em dezembro de 2020 na Bahia. O caso culminou em um surto com 15 casos, resultando em duas mortes. J\u00e1 em dezembro de 2021, a Anvisa foi notificada de outro caso, tamb\u00e9m na Bahia, caracterizando o segundo surto.<\/p>\n<p style=\"text-align: justify;\"><strong>Edi\u00e7\u00e3o: F\u00e1bio Massalli<\/strong><\/p>\n","protected":false},"excerpt":{"rendered":"<p>Anvisa trata o caso como o terceiro surto do superfungo no pa\u00eds A Ag\u00eancia Nacional de Vigil\u00e2ncia Sanit\u00e1ria (Anvisa) recebeu a confirma\u00e7\u00e3o do segundo caso de Candida auris no pa\u00eds. O \u201csuperfungo\u201d foi detectado em um paciente de um hospital em Pernambuco. \u00c9 o segundo caso confirmado no hospital. Os dois pacientes, um homem de [&hellip;]<\/p>\n","protected":false},"author":19,"featured_media":387933,"comment_status":"open","ping_status":"closed","sticky":false,"template":"","format":"standard","meta":{"ngg_post_thumbnail":0,"footnotes":""},"categories":[113],"tags":[],"class_list":["post-387932","post","type-post","status-publish","format-standard","has-post-thumbnail","hentry","category-saude"],"yoast_head":"<!-- This site is optimized with the Yoast SEO plugin v20.11 - https:\/\/yoast.com\/wordpress\/plugins\/seo\/ -->\n<title>Confirmado segundo caso de Candida auris em PE - O Itaperunense<\/title>\n<meta name=\"robots\" content=\"index, follow, max-snippet:-1, max-image-preview:large, max-video-preview:-1\" \/>\n<link rel=\"canonical\" href=\"https:\/\/www.oitaperunense.com.br\/site\/confirmado-segundo-caso-de-candida-auris-em-pe\/\" \/>\n<meta property=\"og:locale\" content=\"pt_BR\" \/>\n<meta property=\"og:type\" content=\"article\" \/>\n<meta property=\"og:title\" content=\"Confirmado segundo caso de Candida auris em PE - O Itaperunense\" \/>\n<meta property=\"og:description\" content=\"Anvisa trata o caso como o terceiro surto do superfungo no pa\u00eds A Ag\u00eancia Nacional de Vigil\u00e2ncia Sanit\u00e1ria (Anvisa) recebeu a confirma\u00e7\u00e3o do segundo caso de Candida auris no pa\u00eds. O \u201csuperfungo\u201d foi detectado em um paciente de um hospital em Pernambuco. \u00c9 o segundo caso confirmado no hospital. Os dois pacientes, um homem de [&hellip;]\" \/>\n<meta property=\"og:url\" content=\"https:\/\/www.oitaperunense.com.br\/site\/confirmado-segundo-caso-de-candida-auris-em-pe\/\" \/>\n<meta property=\"og:site_name\" content=\"O Itaperunense\" \/>\n<meta property=\"article:publisher\" content=\"https:\/\/www.facebook.com\/jornaloitaperunense\" \/>\n<meta property=\"article:published_time\" content=\"2022-01-14T11:38:07+00:00\" \/>\n<meta property=\"article:modified_time\" content=\"2022-01-14T11:38:44+00:00\" \/>\n<meta property=\"og:image\" content=\"https:\/\/www.oitaperunense.com.br\/site\/wp-content\/uploads\/2022\/01\/auris.jpg\" \/>\n\t<meta property=\"og:image:width\" content=\"700\" \/>\n\t<meta property=\"og:image:height\" content=\"419\" \/>\n\t<meta property=\"og:image:type\" content=\"image\/jpeg\" \/>\n<meta name=\"author\" content=\"Andr\u00e9\" \/>\n<meta name=\"twitter:card\" content=\"summary_large_image\" \/>\n<meta name=\"twitter:label1\" content=\"Escrito por\" \/>\n\t<meta name=\"twitter:data1\" content=\"Andr\u00e9\" \/>\n\t<meta name=\"twitter:label2\" content=\"Est. tempo de leitura\" \/>\n\t<meta name=\"twitter:data2\" content=\"2 minutos\" \/>\n<script type=\"application\/ld+json\" class=\"yoast-schema-graph\">{\"@context\":\"https:\/\/schema.org\",\"@graph\":[{\"@type\":\"WebPage\",\"@id\":\"https:\/\/www.oitaperunense.com.br\/site\/confirmado-segundo-caso-de-candida-auris-em-pe\/\",\"url\":\"https:\/\/www.oitaperunense.com.br\/site\/confirmado-segundo-caso-de-candida-auris-em-pe\/\",\"name\":\"Confirmado segundo caso de Candida auris em PE - O Itaperunense\",\"isPartOf\":{\"@id\":\"https:\/\/www.oitaperunense.com.br\/site\/#website\"},\"datePublished\":\"2022-01-14T11:38:07+00:00\",\"dateModified\":\"2022-01-14T11:38:44+00:00\",\"author\":{\"@id\":\"https:\/\/www.oitaperunense.com.br\/site\/#\/schema\/person\/4a5b86c112157bc0a4492f4fd6b7939f\"},\"breadcrumb\":{\"@id\":\"https:\/\/www.oitaperunense.com.br\/site\/confirmado-segundo-caso-de-candida-auris-em-pe\/#breadcrumb\"},\"inLanguage\":\"pt-BR\",\"potentialAction\":[{\"@type\":\"ReadAction\",\"target\":[\"https:\/\/www.oitaperunense.com.br\/site\/confirmado-segundo-caso-de-candida-auris-em-pe\/\"]}]},{\"@type\":\"BreadcrumbList\",\"@id\":\"https:\/\/www.oitaperunense.com.br\/site\/confirmado-segundo-caso-de-candida-auris-em-pe\/#breadcrumb\",\"itemListElement\":[{\"@type\":\"ListItem\",\"position\":1,\"name\":\"Home\",\"item\":\"https:\/\/www.oitaperunense.com.br\/site\/\"},{\"@type\":\"ListItem\",\"position\":2,\"name\":\"Confirmado segundo caso de Candida auris em PE\"}]},{\"@type\":\"WebSite\",\"@id\":\"https:\/\/www.oitaperunense.com.br\/site\/#website\",\"url\":\"https:\/\/www.oitaperunense.com.br\/site\/\",\"name\":\"O Itaperunense\",\"description\":\"\",\"potentialAction\":[{\"@type\":\"SearchAction\",\"target\":{\"@type\":\"EntryPoint\",\"urlTemplate\":\"https:\/\/www.oitaperunense.com.br\/site\/?s={search_term_string}\"},\"query-input\":\"required name=search_term_string\"}],\"inLanguage\":\"pt-BR\"},{\"@type\":\"Person\",\"@id\":\"https:\/\/www.oitaperunense.com.br\/site\/#\/schema\/person\/4a5b86c112157bc0a4492f4fd6b7939f\",\"name\":\"Andr\u00e9\",\"image\":{\"@type\":\"ImageObject\",\"inLanguage\":\"pt-BR\",\"@id\":\"https:\/\/www.oitaperunense.com.br\/site\/#\/schema\/person\/image\/\",\"url\":\"https:\/\/secure.gravatar.com\/avatar\/7a7a912ec2c8cd6a390040b03329ee7a71bbd5f81ac3557b6a68208f263fc97b?s=96&d=mm&r=g\",\"contentUrl\":\"https:\/\/secure.gravatar.com\/avatar\/7a7a912ec2c8cd6a390040b03329ee7a71bbd5f81ac3557b6a68208f263fc97b?s=96&d=mm&r=g\",\"caption\":\"Andr\u00e9\"},\"url\":\"https:\/\/www.oitaperunense.com.br\/site\/author\/andre\/\"}]}<\/script>\n<!-- \/ Yoast SEO plugin. -->","yoast_head_json":{"title":"Confirmado segundo caso de Candida auris em PE - O Itaperunense","robots":{"index":"index","follow":"follow","max-snippet":"max-snippet:-1","max-image-preview":"max-image-preview:large","max-video-preview":"max-video-preview:-1"},"canonical":"https:\/\/www.oitaperunense.com.br\/site\/confirmado-segundo-caso-de-candida-auris-em-pe\/","og_locale":"pt_BR","og_type":"article","og_title":"Confirmado segundo caso de Candida auris em PE - O Itaperunense","og_description":"Anvisa trata o caso como o terceiro surto do superfungo no pa\u00eds A Ag\u00eancia Nacional de Vigil\u00e2ncia Sanit\u00e1ria (Anvisa) recebeu a confirma\u00e7\u00e3o do segundo caso de Candida auris no pa\u00eds. O \u201csuperfungo\u201d foi detectado em um paciente de um hospital em Pernambuco. \u00c9 o segundo caso confirmado no hospital. Os dois pacientes, um homem de [&hellip;]","og_url":"https:\/\/www.oitaperunense.com.br\/site\/confirmado-segundo-caso-de-candida-auris-em-pe\/","og_site_name":"O Itaperunense","article_publisher":"https:\/\/www.facebook.com\/jornaloitaperunense","article_published_time":"2022-01-14T11:38:07+00:00","article_modified_time":"2022-01-14T11:38:44+00:00","og_image":[{"width":700,"height":419,"url":"https:\/\/www.oitaperunense.com.br\/site\/wp-content\/uploads\/2022\/01\/auris.jpg","type":"image\/jpeg"}],"author":"Andr\u00e9","twitter_card":"summary_large_image","twitter_misc":{"Escrito por":"Andr\u00e9","Est. tempo de leitura":"2 minutos"},"schema":{"@context":"https:\/\/schema.org","@graph":[{"@type":"WebPage","@id":"https:\/\/www.oitaperunense.com.br\/site\/confirmado-segundo-caso-de-candida-auris-em-pe\/","url":"https:\/\/www.oitaperunense.com.br\/site\/confirmado-segundo-caso-de-candida-auris-em-pe\/","name":"Confirmado segundo caso de Candida auris em PE - O Itaperunense","isPartOf":{"@id":"https:\/\/www.oitaperunense.com.br\/site\/#website"},"datePublished":"2022-01-14T11:38:07+00:00","dateModified":"2022-01-14T11:38:44+00:00","author":{"@id":"https:\/\/www.oitaperunense.com.br\/site\/#\/schema\/person\/4a5b86c112157bc0a4492f4fd6b7939f"},"breadcrumb":{"@id":"https:\/\/www.oitaperunense.com.br\/site\/confirmado-segundo-caso-de-candida-auris-em-pe\/#breadcrumb"},"inLanguage":"pt-BR","potentialAction":[{"@type":"ReadAction","target":["https:\/\/www.oitaperunense.com.br\/site\/confirmado-segundo-caso-de-candida-auris-em-pe\/"]}]},{"@type":"BreadcrumbList","@id":"https:\/\/www.oitaperunense.com.br\/site\/confirmado-segundo-caso-de-candida-auris-em-pe\/#breadcrumb","itemListElement":[{"@type":"ListItem","position":1,"name":"Home","item":"https:\/\/www.oitaperunense.com.br\/site\/"},{"@type":"ListItem","position":2,"name":"Confirmado segundo caso de Candida auris em PE"}]},{"@type":"WebSite","@id":"https:\/\/www.oitaperunense.com.br\/site\/#website","url":"https:\/\/www.oitaperunense.com.br\/site\/","name":"O Itaperunense","description":"","potentialAction":[{"@type":"SearchAction","target":{"@type":"EntryPoint","urlTemplate":"https:\/\/www.oitaperunense.com.br\/site\/?s={search_term_string}"},"query-input":"required name=search_term_string"}],"inLanguage":"pt-BR"},{"@type":"Person","@id":"https:\/\/www.oitaperunense.com.br\/site\/#\/schema\/person\/4a5b86c112157bc0a4492f4fd6b7939f","name":"Andr\u00e9","image":{"@type":"ImageObject","inLanguage":"pt-BR","@id":"https:\/\/www.oitaperunense.com.br\/site\/#\/schema\/person\/image\/","url":"https:\/\/secure.gravatar.com\/avatar\/7a7a912ec2c8cd6a390040b03329ee7a71bbd5f81ac3557b6a68208f263fc97b?s=96&d=mm&r=g","contentUrl":"https:\/\/secure.gravatar.com\/avatar\/7a7a912ec2c8cd6a390040b03329ee7a71bbd5f81ac3557b6a68208f263fc97b?s=96&d=mm&r=g","caption":"Andr\u00e9"},"url":"https:\/\/www.oitaperunense.com.br\/site\/author\/andre\/"}]}},"cc_featured_image_caption":{"caption_text":"","source_text":"","source_url":""},"_links":{"self":[{"href":"https:\/\/www.oitaperunense.com.br\/site\/wp-json\/wp\/v2\/posts\/387932","targetHints":{"allow":["GET"]}}],"collection":[{"href":"https:\/\/www.oitaperunense.com.br\/site\/wp-json\/wp\/v2\/posts"}],"about":[{"href":"https:\/\/www.oitaperunense.com.br\/site\/wp-json\/wp\/v2\/types\/post"}],"author":[{"embeddable":true,"href":"https:\/\/www.oitaperunense.com.br\/site\/wp-json\/wp\/v2\/users\/19"}],"replies":[{"embeddable":true,"href":"https:\/\/www.oitaperunense.com.br\/site\/wp-json\/wp\/v2\/comments?post=387932"}],"version-history":[{"count":3,"href":"https:\/\/www.oitaperunense.com.br\/site\/wp-json\/wp\/v2\/posts\/387932\/revisions"}],"predecessor-version":[{"id":387936,"href":"https:\/\/www.oitaperunense.com.br\/site\/wp-json\/wp\/v2\/posts\/387932\/revisions\/387936"}],"wp:featuredmedia":[{"embeddable":true,"href":"https:\/\/www.oitaperunense.com.br\/site\/wp-json\/wp\/v2\/media\/387933"}],"wp:attachment":[{"href":"https:\/\/www.oitaperunense.com.br\/site\/wp-json\/wp\/v2\/media?parent=387932"}],"wp:term":[{"taxonomy":"category","embeddable":true,"href":"https:\/\/www.oitaperunense.com.br\/site\/wp-json\/wp\/v2\/categories?post=387932"},{"taxonomy":"post_tag","embeddable":true,"href":"https:\/\/www.oitaperunense.com.br\/site\/wp-json\/wp\/v2\/tags?post=387932"}],"curies":[{"name":"wp","href":"https:\/\/api.w.org\/{rel}","templated":true}]}}