{"id":387882,"date":"2022-01-11T13:57:15","date_gmt":"2022-01-11T16:57:15","guid":{"rendered":"http:\/\/www.oitaperunense.com.br\/site\/?p=387882"},"modified":"2022-01-11T13:57:15","modified_gmt":"2022-01-11T16:57:15","slug":"oms-omicron-deve-infectar-mais-da-metade-da-europa-em-seis-a-8-semanas","status":"publish","type":"post","link":"https:\/\/www.oitaperunense.com.br\/site\/oms-omicron-deve-infectar-mais-da-metade-da-europa-em-seis-a-8-semanas\/","title":{"rendered":"OMS: \u00d4micron deve infectar mais da metade da Europa em seis a 8 semanas"},"content":{"rendered":"<p style=\"text-align: center;\"><em><strong>Informa\u00e7\u00e3o \u00e9 do diretor da OMS para o continente, Hans Kluge<\/strong><\/em><\/p>\n<p style=\"text-align: justify;\">Mais da metade da popula\u00e7\u00e3o europeia deve ser infectada pela variante \u00d4micron do coronav\u00edrus nas pr\u00f3ximas seis a oito semanas, disse nesta ter\u00e7a-feira (11) o diretor da Organiza\u00e7\u00e3o Mundial da Sa\u00fade (OMS) para o continente.<img decoding=\"async\" src=\"https:\/\/agenciabrasil.ebc.com.br\/ebc.png?id=1436185&amp;o=node\"><img decoding=\"async\" src=\"https:\/\/agenciabrasil.ebc.com.br\/ebc.gif?id=1436185&amp;o=node\"><\/p>\n<p><!--more--><\/p>\n<p style=\"text-align: justify;\">A Europa registrou mais de 7 milh\u00f5es de novos casos de covid-19 na primeira semana de 2022, mais que o dobro&nbsp;do n\u00famero&nbsp;notificado no per\u00edodo de duas semanas, disse o diretor da OMS para a Europa, Hans Kluge, em entrevista.<\/p>\n<p style=\"text-align: justify;\">&#8220;Nesse ritmo, o Instituto de M\u00e9tricas e Avalia\u00e7\u00e3o da Sa\u00fade prev\u00ea que mais de 50% da popula\u00e7\u00e3o da regi\u00e3o ser\u00e3o&nbsp;infectados&nbsp;com a nova cepa&nbsp;nas pr\u00f3ximas seis a oito semanas&#8221;, afirmou&nbsp;Kluge.<\/p>\n","protected":false},"excerpt":{"rendered":"<p>Informa\u00e7\u00e3o \u00e9 do diretor da OMS para o continente, Hans Kluge Mais da metade da popula\u00e7\u00e3o europeia deve ser infectada pela variante \u00d4micron do coronav\u00edrus nas pr\u00f3ximas seis a oito semanas, disse nesta ter\u00e7a-feira (11) o diretor da Organiza\u00e7\u00e3o Mundial da Sa\u00fade (OMS) para o continente.<\/p>\n","protected":false},"author":19,"featured_media":387883,"comment_status":"open","ping_status":"closed","sticky":false,"template":"","format":"standard","meta":{"ngg_post_thumbnail":0,"footnotes":""},"categories":[111],"tags":[],"class_list":["post-387882","post","type-post","status-publish","format-standard","has-post-thumbnail","hentry","category-mundo"],"yoast_head":"<!-- This site is optimized with the Yoast SEO plugin v20.11 - https:\/\/yoast.com\/wordpress\/plugins\/seo\/ -->\n<title>OMS: \u00d4micron deve infectar mais da metade da Europa em seis a 8 semanas - O Itaperunense<\/title>\n<meta name=\"robots\" content=\"index, follow, max-snippet:-1, max-image-preview:large, max-video-preview:-1\" \/>\n<link rel=\"canonical\" href=\"https:\/\/www.oitaperunense.com.br\/site\/oms-omicron-deve-infectar-mais-da-metade-da-europa-em-seis-a-8-semanas\/\" \/>\n<meta property=\"og:locale\" content=\"pt_BR\" \/>\n<meta property=\"og:type\" content=\"article\" \/>\n<meta property=\"og:title\" content=\"OMS: \u00d4micron deve infectar mais da metade da Europa em seis a 8 semanas - O Itaperunense\" \/>\n<meta property=\"og:description\" content=\"Informa\u00e7\u00e3o \u00e9 do diretor da OMS para o continente, Hans Kluge Mais da metade da popula\u00e7\u00e3o europeia deve ser infectada pela variante \u00d4micron do coronav\u00edrus nas pr\u00f3ximas seis a oito semanas, disse nesta ter\u00e7a-feira (11) o diretor da Organiza\u00e7\u00e3o Mundial da Sa\u00fade (OMS) para o continente.\" \/>\n<meta property=\"og:url\" content=\"https:\/\/www.oitaperunense.com.br\/site\/oms-omicron-deve-infectar-mais-da-metade-da-europa-em-seis-a-8-semanas\/\" \/>\n<meta property=\"og:site_name\" content=\"O Itaperunense\" \/>\n<meta property=\"article:publisher\" content=\"https:\/\/www.facebook.com\/jornaloitaperunense\" \/>\n<meta property=\"article:published_time\" content=\"2022-01-11T16:57:15+00:00\" \/>\n<meta property=\"og:image\" content=\"https:\/\/www.oitaperunense.com.br\/site\/wp-content\/uploads\/2022\/01\/omi.jpg\" \/>\n\t<meta property=\"og:image:width\" content=\"700\" \/>\n\t<meta property=\"og:image:height\" content=\"419\" \/>\n\t<meta property=\"og:image:type\" content=\"image\/jpeg\" \/>\n<meta name=\"author\" content=\"Andr\u00e9\" \/>\n<meta name=\"twitter:card\" content=\"summary_large_image\" \/>\n<meta name=\"twitter:label1\" content=\"Escrito por\" \/>\n\t<meta name=\"twitter:data1\" content=\"Andr\u00e9\" \/>\n\t<meta name=\"twitter:label2\" content=\"Est. tempo de leitura\" \/>\n\t<meta name=\"twitter:data2\" content=\"1 minuto\" \/>\n<script type=\"application\/ld+json\" class=\"yoast-schema-graph\">{\"@context\":\"https:\/\/schema.org\",\"@graph\":[{\"@type\":\"WebPage\",\"@id\":\"https:\/\/www.oitaperunense.com.br\/site\/oms-omicron-deve-infectar-mais-da-metade-da-europa-em-seis-a-8-semanas\/\",\"url\":\"https:\/\/www.oitaperunense.com.br\/site\/oms-omicron-deve-infectar-mais-da-metade-da-europa-em-seis-a-8-semanas\/\",\"name\":\"OMS: \u00d4micron deve infectar mais da metade da Europa em seis a 8 semanas - O Itaperunense\",\"isPartOf\":{\"@id\":\"https:\/\/www.oitaperunense.com.br\/site\/#website\"},\"datePublished\":\"2022-01-11T16:57:15+00:00\",\"dateModified\":\"2022-01-11T16:57:15+00:00\",\"author\":{\"@id\":\"https:\/\/www.oitaperunense.com.br\/site\/#\/schema\/person\/4a5b86c112157bc0a4492f4fd6b7939f\"},\"breadcrumb\":{\"@id\":\"https:\/\/www.oitaperunense.com.br\/site\/oms-omicron-deve-infectar-mais-da-metade-da-europa-em-seis-a-8-semanas\/#breadcrumb\"},\"inLanguage\":\"pt-BR\",\"potentialAction\":[{\"@type\":\"ReadAction\",\"target\":[\"https:\/\/www.oitaperunense.com.br\/site\/oms-omicron-deve-infectar-mais-da-metade-da-europa-em-seis-a-8-semanas\/\"]}]},{\"@type\":\"BreadcrumbList\",\"@id\":\"https:\/\/www.oitaperunense.com.br\/site\/oms-omicron-deve-infectar-mais-da-metade-da-europa-em-seis-a-8-semanas\/#breadcrumb\",\"itemListElement\":[{\"@type\":\"ListItem\",\"position\":1,\"name\":\"Home\",\"item\":\"https:\/\/www.oitaperunense.com.br\/site\/\"},{\"@type\":\"ListItem\",\"position\":2,\"name\":\"OMS: \u00d4micron deve infectar mais da metade da Europa em seis a 8 semanas\"}]},{\"@type\":\"WebSite\",\"@id\":\"https:\/\/www.oitaperunense.com.br\/site\/#website\",\"url\":\"https:\/\/www.oitaperunense.com.br\/site\/\",\"name\":\"O Itaperunense\",\"description\":\"\",\"potentialAction\":[{\"@type\":\"SearchAction\",\"target\":{\"@type\":\"EntryPoint\",\"urlTemplate\":\"https:\/\/www.oitaperunense.com.br\/site\/?s={search_term_string}\"},\"query-input\":\"required name=search_term_string\"}],\"inLanguage\":\"pt-BR\"},{\"@type\":\"Person\",\"@id\":\"https:\/\/www.oitaperunense.com.br\/site\/#\/schema\/person\/4a5b86c112157bc0a4492f4fd6b7939f\",\"name\":\"Andr\u00e9\",\"image\":{\"@type\":\"ImageObject\",\"inLanguage\":\"pt-BR\",\"@id\":\"https:\/\/www.oitaperunense.com.br\/site\/#\/schema\/person\/image\/\",\"url\":\"https:\/\/secure.gravatar.com\/avatar\/7a7a912ec2c8cd6a390040b03329ee7a71bbd5f81ac3557b6a68208f263fc97b?s=96&d=mm&r=g\",\"contentUrl\":\"https:\/\/secure.gravatar.com\/avatar\/7a7a912ec2c8cd6a390040b03329ee7a71bbd5f81ac3557b6a68208f263fc97b?s=96&d=mm&r=g\",\"caption\":\"Andr\u00e9\"},\"url\":\"https:\/\/www.oitaperunense.com.br\/site\/author\/andre\/\"}]}<\/script>\n<!-- \/ Yoast SEO plugin. -->","yoast_head_json":{"title":"OMS: \u00d4micron deve infectar mais da metade da Europa em seis a 8 semanas - O Itaperunense","robots":{"index":"index","follow":"follow","max-snippet":"max-snippet:-1","max-image-preview":"max-image-preview:large","max-video-preview":"max-video-preview:-1"},"canonical":"https:\/\/www.oitaperunense.com.br\/site\/oms-omicron-deve-infectar-mais-da-metade-da-europa-em-seis-a-8-semanas\/","og_locale":"pt_BR","og_type":"article","og_title":"OMS: \u00d4micron deve infectar mais da metade da Europa em seis a 8 semanas - O Itaperunense","og_description":"Informa\u00e7\u00e3o \u00e9 do diretor da OMS para o continente, Hans Kluge Mais da metade da popula\u00e7\u00e3o europeia deve ser infectada pela variante \u00d4micron do coronav\u00edrus nas pr\u00f3ximas seis a oito semanas, disse nesta ter\u00e7a-feira (11) o diretor da Organiza\u00e7\u00e3o Mundial da Sa\u00fade (OMS) para o continente.","og_url":"https:\/\/www.oitaperunense.com.br\/site\/oms-omicron-deve-infectar-mais-da-metade-da-europa-em-seis-a-8-semanas\/","og_site_name":"O Itaperunense","article_publisher":"https:\/\/www.facebook.com\/jornaloitaperunense","article_published_time":"2022-01-11T16:57:15+00:00","og_image":[{"width":700,"height":419,"url":"https:\/\/www.oitaperunense.com.br\/site\/wp-content\/uploads\/2022\/01\/omi.jpg","type":"image\/jpeg"}],"author":"Andr\u00e9","twitter_card":"summary_large_image","twitter_misc":{"Escrito por":"Andr\u00e9","Est. tempo de leitura":"1 minuto"},"schema":{"@context":"https:\/\/schema.org","@graph":[{"@type":"WebPage","@id":"https:\/\/www.oitaperunense.com.br\/site\/oms-omicron-deve-infectar-mais-da-metade-da-europa-em-seis-a-8-semanas\/","url":"https:\/\/www.oitaperunense.com.br\/site\/oms-omicron-deve-infectar-mais-da-metade-da-europa-em-seis-a-8-semanas\/","name":"OMS: \u00d4micron deve infectar mais da metade da Europa em seis a 8 semanas - O Itaperunense","isPartOf":{"@id":"https:\/\/www.oitaperunense.com.br\/site\/#website"},"datePublished":"2022-01-11T16:57:15+00:00","dateModified":"2022-01-11T16:57:15+00:00","author":{"@id":"https:\/\/www.oitaperunense.com.br\/site\/#\/schema\/person\/4a5b86c112157bc0a4492f4fd6b7939f"},"breadcrumb":{"@id":"https:\/\/www.oitaperunense.com.br\/site\/oms-omicron-deve-infectar-mais-da-metade-da-europa-em-seis-a-8-semanas\/#breadcrumb"},"inLanguage":"pt-BR","potentialAction":[{"@type":"ReadAction","target":["https:\/\/www.oitaperunense.com.br\/site\/oms-omicron-deve-infectar-mais-da-metade-da-europa-em-seis-a-8-semanas\/"]}]},{"@type":"BreadcrumbList","@id":"https:\/\/www.oitaperunense.com.br\/site\/oms-omicron-deve-infectar-mais-da-metade-da-europa-em-seis-a-8-semanas\/#breadcrumb","itemListElement":[{"@type":"ListItem","position":1,"name":"Home","item":"https:\/\/www.oitaperunense.com.br\/site\/"},{"@type":"ListItem","position":2,"name":"OMS: \u00d4micron deve infectar mais da metade da Europa em seis a 8 semanas"}]},{"@type":"WebSite","@id":"https:\/\/www.oitaperunense.com.br\/site\/#website","url":"https:\/\/www.oitaperunense.com.br\/site\/","name":"O Itaperunense","description":"","potentialAction":[{"@type":"SearchAction","target":{"@type":"EntryPoint","urlTemplate":"https:\/\/www.oitaperunense.com.br\/site\/?s={search_term_string}"},"query-input":"required name=search_term_string"}],"inLanguage":"pt-BR"},{"@type":"Person","@id":"https:\/\/www.oitaperunense.com.br\/site\/#\/schema\/person\/4a5b86c112157bc0a4492f4fd6b7939f","name":"Andr\u00e9","image":{"@type":"ImageObject","inLanguage":"pt-BR","@id":"https:\/\/www.oitaperunense.com.br\/site\/#\/schema\/person\/image\/","url":"https:\/\/secure.gravatar.com\/avatar\/7a7a912ec2c8cd6a390040b03329ee7a71bbd5f81ac3557b6a68208f263fc97b?s=96&d=mm&r=g","contentUrl":"https:\/\/secure.gravatar.com\/avatar\/7a7a912ec2c8cd6a390040b03329ee7a71bbd5f81ac3557b6a68208f263fc97b?s=96&d=mm&r=g","caption":"Andr\u00e9"},"url":"https:\/\/www.oitaperunense.com.br\/site\/author\/andre\/"}]}},"cc_featured_image_caption":{"caption_text":"","source_text":"","source_url":""},"_links":{"self":[{"href":"https:\/\/www.oitaperunense.com.br\/site\/wp-json\/wp\/v2\/posts\/387882","targetHints":{"allow":["GET"]}}],"collection":[{"href":"https:\/\/www.oitaperunense.com.br\/site\/wp-json\/wp\/v2\/posts"}],"about":[{"href":"https:\/\/www.oitaperunense.com.br\/site\/wp-json\/wp\/v2\/types\/post"}],"author":[{"embeddable":true,"href":"https:\/\/www.oitaperunense.com.br\/site\/wp-json\/wp\/v2\/users\/19"}],"replies":[{"embeddable":true,"href":"https:\/\/www.oitaperunense.com.br\/site\/wp-json\/wp\/v2\/comments?post=387882"}],"version-history":[{"count":1,"href":"https:\/\/www.oitaperunense.com.br\/site\/wp-json\/wp\/v2\/posts\/387882\/revisions"}],"predecessor-version":[{"id":387884,"href":"https:\/\/www.oitaperunense.com.br\/site\/wp-json\/wp\/v2\/posts\/387882\/revisions\/387884"}],"wp:featuredmedia":[{"embeddable":true,"href":"https:\/\/www.oitaperunense.com.br\/site\/wp-json\/wp\/v2\/media\/387883"}],"wp:attachment":[{"href":"https:\/\/www.oitaperunense.com.br\/site\/wp-json\/wp\/v2\/media?parent=387882"}],"wp:term":[{"taxonomy":"category","embeddable":true,"href":"https:\/\/www.oitaperunense.com.br\/site\/wp-json\/wp\/v2\/categories?post=387882"},{"taxonomy":"post_tag","embeddable":true,"href":"https:\/\/www.oitaperunense.com.br\/site\/wp-json\/wp\/v2\/tags?post=387882"}],"curies":[{"name":"wp","href":"https:\/\/api.w.org\/{rel}","templated":true}]}}