{"id":387842,"date":"2022-01-10T16:26:29","date_gmt":"2022-01-10T19:26:29","guid":{"rendered":"http:\/\/www.oitaperunense.com.br\/site\/?p=387842"},"modified":"2022-01-10T16:26:29","modified_gmt":"2022-01-10T19:26:29","slug":"qualificacao-profissional-faetec-abre-inscricoes-para-30-mil-vagas","status":"publish","type":"post","link":"https:\/\/www.oitaperunense.com.br\/site\/qualificacao-profissional-faetec-abre-inscricoes-para-30-mil-vagas\/","title":{"rendered":"Qualifica\u00e7\u00e3o Profissional: Faetec abre inscri\u00e7\u00f5es para 30 mil vagas"},"content":{"rendered":"<p style=\"text-align: center;\"><em><strong>Prazo para os interessados vai at\u00e9 o dia 1\u00ba de fevereiro. S\u00e3o mais de 50 cursos em 43 unidades no estado<\/strong><\/em><\/p>\n<p style=\"text-align: justify;\">Se o ano de 2022 chega cercado de expectativas, a oportunidade \u00e9 agora para quem tem interesse em entrar no mercado de trabalho com uma forma\u00e7\u00e3o profissional. A Funda\u00e7\u00e3o de Apoio \u00e0 Escola T\u00e9cnica (Faetec), \u00f3rg\u00e3o vinculado \u00e0 Secretaria de Estado de Ci\u00eancia, Tecnologia e Inova\u00e7\u00e3o, est\u00e1 oferecendo mais de 30 mil vagas nas mais diversas \u00e1reas de tecnologia, educa\u00e7\u00e3o e cultura, em cursos gratuitos de Qualifica\u00e7\u00e3o Profissional, para diversas unidades da rede. Ao todo, s\u00e3o 43 unidades da Faetec com ofertas em mais de 50 cursos de capacita\u00e7\u00e3o profissional, com dura\u00e7\u00e3o de 10 a 20 semanas.<\/p>\n<p style=\"text-align: justify;\"><!--more--><\/p>\n<p style=\"text-align: justify;\">A inscri\u00e7\u00e3o come\u00e7ou nesta segunda-feira, dia 10, e vai at\u00e9 1\u00ba de fevereiro. A lista completa de cursos e unidades com oportunidades dispon\u00edveis pode ser conferida no site da institui\u00e7\u00e3o: <a href=\"http:\/\/www.faetec.rj.gov.br.\">www.faetec.rj.gov.br.<\/a><\/p>\n<p style=\"text-align: justify;\">&#8211; Gerar oportunidades \u00e9 uma das nossas miss\u00f5es para que mais jovens e adultos se capacitem para ingressar no mercado de trabalho com o surgimento de novas vagas. A Faetec n\u00e3o s\u00f3 prepara, como qualifica o estudante tanto na pr\u00e1tica como na teoria, com cursos gratuitos e de excel\u00eancia. S\u00e3o 30 mil vagas que est\u00e3o dispon\u00edveis, 30 mil sonhos que estar\u00e3o mais perto de serem realizados &#8211; afirma o secret\u00e1rio estadual de Ci\u00eancia, Tecnologia e Inova\u00e7\u00e3o, Dr. Serginho.<\/p>\n<p style=\"text-align: justify;\">O destaque deste edital, al\u00e9m da quantidade no n\u00famero de vagas, s\u00e3o os cursos oferecidos para \u00e1rea de cultura, como os de m\u00fasica com aulas de diversos instrumentos, e a retomada de capacita\u00e7\u00f5es no formato Ensino a Dist\u00e2ncia (EAD).<\/p>\n<p style=\"text-align: justify;\">No entanto, alguns outros cursos com grande demanda e pouca oferta de m\u00e3o de obra, devido aos altos valores na iniciativa privada, tamb\u00e9m ser\u00e3o ofertados: Auxiliar de Topografia, em Vassouras; Autor e Roteirista, na Faetec de Volta Redonda; Leitura Dramatizada, na Faetec Ipanema; e Cadista Para Constru\u00e7\u00e3o Civil, nas unidades de Arma\u00e7\u00e3o dos B\u00fazios e de Barra Mansa.<\/p>\n<p style=\"text-align: justify;\">A rede tamb\u00e9m oferece, na maioria de suas unidades, os tradicionais e requisitados cursos profissionais de Cabeleireiro, Manicure e Pedicure, Massagista, Maquiador, Bartender, Auxiliar de Cozinha, Salgadeiro, Confeiteiro e Padeiro. J\u00e1 para \u00e1rea de Turismo ser\u00e3o oferecidos os cursos de Agente de Informa\u00e7\u00e3o Tur\u00edstica e Condutor de Turismo Esportivo.<\/p>\n<p style=\"text-align: justify;\">Em Tecnologia, haver\u00e1 oportunidades para Operador de Computador, Excel Avan\u00e7ado e Introdu\u00e7\u00e3o \u00e0 Rob\u00f3tica. Na \u00e1rea de Manuten\u00e7\u00e3o, os candidatos contar\u00e3o com os cursos de Eletricidade Predial, Caldeireiro, Encanador Industrial e Soldador. E na \u00e1rea administrativa foi disponibilizada forma\u00e7\u00e3o em Assistente Administrativo, Espanhol, Ingl\u00eas, Franc\u00eas, entre outros.<\/p>\n<p style=\"text-align: justify;\">&#8211; Com esse edital, mais uma vez a Faetec assume o compromisso com as pessoas que desejam inserir-se num mercado de trabalho cada dia mais exigente. A ideia \u00e9 dar oportunidade para que os trabalhadores possam ter acesso a cursos de qualidade e a melhorar profissionalmente, tendo renda e independ\u00eancia &#8211; afirma Jo\u00e3o Carrilho, presidente da Faetec.<\/p>\n<p style=\"text-align: justify;\">Todos que tiverem interesse em disputar uma vaga devem se inscrever por meio do site da Faetec (www.faetec.rj.gov.br). Para se candidatar, \u00e9 preciso ter idade m\u00ednima entre 15 e 18 anos, de acordo com a exig\u00eancia de cada forma\u00e7\u00e3o. A escolaridade e o prazo de conclus\u00e3o tamb\u00e9m variam, dependendo da qualifica\u00e7\u00e3o escolhida.<\/p>\n<p style=\"text-align: justify;\">O processo seletivo acontecer\u00e1 por meio de sorteio em 02\/02, e a listagem completa de selecionados ser\u00e1 publicada no mesmo dia. Ap\u00f3s a divulga\u00e7\u00e3o, os candidatos ter\u00e3o entre os dias 3 e 8 de fevereiro para efetuarem suas matr\u00edculas. As aulas ter\u00e3o in\u00edcio no dia 14 de fevereiro.<\/p>\n<p style=\"text-align: justify;\"><strong><em>Observa\u00e7\u00e3o: foto feita antes da pandemia.<\/em><\/strong><\/p>\n","protected":false},"excerpt":{"rendered":"<p>Prazo para os interessados vai at\u00e9 o dia 1\u00ba de fevereiro. S\u00e3o mais de 50 cursos em 43 unidades no estado Se o ano de 2022 chega cercado de expectativas, a oportunidade \u00e9 agora para quem tem interesse em entrar no mercado de trabalho com uma forma\u00e7\u00e3o profissional. A Funda\u00e7\u00e3o de Apoio \u00e0 Escola T\u00e9cnica [&hellip;]<\/p>\n","protected":false},"author":19,"featured_media":387843,"comment_status":"open","ping_status":"closed","sticky":false,"template":"","format":"standard","meta":{"ngg_post_thumbnail":0,"footnotes":""},"categories":[78],"tags":[],"class_list":["post-387842","post","type-post","status-publish","format-standard","has-post-thumbnail","hentry","category-rj"],"yoast_head":"<!-- This site is optimized with the Yoast SEO plugin v20.11 - https:\/\/yoast.com\/wordpress\/plugins\/seo\/ -->\n<title>Qualifica\u00e7\u00e3o Profissional: Faetec abre inscri\u00e7\u00f5es para 30 mil vagas - O Itaperunense<\/title>\n<meta name=\"robots\" content=\"index, follow, max-snippet:-1, max-image-preview:large, max-video-preview:-1\" \/>\n<link rel=\"canonical\" href=\"https:\/\/www.oitaperunense.com.br\/site\/qualificacao-profissional-faetec-abre-inscricoes-para-30-mil-vagas\/\" \/>\n<meta property=\"og:locale\" content=\"pt_BR\" \/>\n<meta property=\"og:type\" content=\"article\" \/>\n<meta property=\"og:title\" content=\"Qualifica\u00e7\u00e3o Profissional: Faetec abre inscri\u00e7\u00f5es para 30 mil vagas - O Itaperunense\" \/>\n<meta property=\"og:description\" content=\"Prazo para os interessados vai at\u00e9 o dia 1\u00ba de fevereiro. S\u00e3o mais de 50 cursos em 43 unidades no estado Se o ano de 2022 chega cercado de expectativas, a oportunidade \u00e9 agora para quem tem interesse em entrar no mercado de trabalho com uma forma\u00e7\u00e3o profissional. A Funda\u00e7\u00e3o de Apoio \u00e0 Escola T\u00e9cnica [&hellip;]\" \/>\n<meta property=\"og:url\" content=\"https:\/\/www.oitaperunense.com.br\/site\/qualificacao-profissional-faetec-abre-inscricoes-para-30-mil-vagas\/\" \/>\n<meta property=\"og:site_name\" content=\"O Itaperunense\" \/>\n<meta property=\"article:publisher\" content=\"https:\/\/www.facebook.com\/jornaloitaperunense\" \/>\n<meta property=\"article:published_time\" content=\"2022-01-10T19:26:29+00:00\" \/>\n<meta property=\"og:image\" content=\"https:\/\/www.oitaperunense.com.br\/site\/wp-content\/uploads\/2022\/01\/aetec.jpg\" \/>\n\t<meta property=\"og:image:width\" content=\"700\" \/>\n\t<meta property=\"og:image:height\" content=\"466\" \/>\n\t<meta property=\"og:image:type\" content=\"image\/jpeg\" \/>\n<meta name=\"author\" content=\"Andr\u00e9\" \/>\n<meta name=\"twitter:card\" content=\"summary_large_image\" \/>\n<meta name=\"twitter:label1\" content=\"Escrito por\" \/>\n\t<meta name=\"twitter:data1\" content=\"Andr\u00e9\" \/>\n\t<meta name=\"twitter:label2\" content=\"Est. tempo de leitura\" \/>\n\t<meta name=\"twitter:data2\" content=\"3 minutos\" \/>\n<script type=\"application\/ld+json\" class=\"yoast-schema-graph\">{\"@context\":\"https:\/\/schema.org\",\"@graph\":[{\"@type\":\"WebPage\",\"@id\":\"https:\/\/www.oitaperunense.com.br\/site\/qualificacao-profissional-faetec-abre-inscricoes-para-30-mil-vagas\/\",\"url\":\"https:\/\/www.oitaperunense.com.br\/site\/qualificacao-profissional-faetec-abre-inscricoes-para-30-mil-vagas\/\",\"name\":\"Qualifica\u00e7\u00e3o Profissional: Faetec abre inscri\u00e7\u00f5es para 30 mil vagas - O Itaperunense\",\"isPartOf\":{\"@id\":\"https:\/\/www.oitaperunense.com.br\/site\/#website\"},\"datePublished\":\"2022-01-10T19:26:29+00:00\",\"dateModified\":\"2022-01-10T19:26:29+00:00\",\"author\":{\"@id\":\"https:\/\/www.oitaperunense.com.br\/site\/#\/schema\/person\/4a5b86c112157bc0a4492f4fd6b7939f\"},\"breadcrumb\":{\"@id\":\"https:\/\/www.oitaperunense.com.br\/site\/qualificacao-profissional-faetec-abre-inscricoes-para-30-mil-vagas\/#breadcrumb\"},\"inLanguage\":\"pt-BR\",\"potentialAction\":[{\"@type\":\"ReadAction\",\"target\":[\"https:\/\/www.oitaperunense.com.br\/site\/qualificacao-profissional-faetec-abre-inscricoes-para-30-mil-vagas\/\"]}]},{\"@type\":\"BreadcrumbList\",\"@id\":\"https:\/\/www.oitaperunense.com.br\/site\/qualificacao-profissional-faetec-abre-inscricoes-para-30-mil-vagas\/#breadcrumb\",\"itemListElement\":[{\"@type\":\"ListItem\",\"position\":1,\"name\":\"Home\",\"item\":\"https:\/\/www.oitaperunense.com.br\/site\/\"},{\"@type\":\"ListItem\",\"position\":2,\"name\":\"Qualifica\u00e7\u00e3o Profissional: Faetec abre inscri\u00e7\u00f5es para 30 mil vagas\"}]},{\"@type\":\"WebSite\",\"@id\":\"https:\/\/www.oitaperunense.com.br\/site\/#website\",\"url\":\"https:\/\/www.oitaperunense.com.br\/site\/\",\"name\":\"O Itaperunense\",\"description\":\"\",\"potentialAction\":[{\"@type\":\"SearchAction\",\"target\":{\"@type\":\"EntryPoint\",\"urlTemplate\":\"https:\/\/www.oitaperunense.com.br\/site\/?s={search_term_string}\"},\"query-input\":\"required name=search_term_string\"}],\"inLanguage\":\"pt-BR\"},{\"@type\":\"Person\",\"@id\":\"https:\/\/www.oitaperunense.com.br\/site\/#\/schema\/person\/4a5b86c112157bc0a4492f4fd6b7939f\",\"name\":\"Andr\u00e9\",\"image\":{\"@type\":\"ImageObject\",\"inLanguage\":\"pt-BR\",\"@id\":\"https:\/\/www.oitaperunense.com.br\/site\/#\/schema\/person\/image\/\",\"url\":\"https:\/\/secure.gravatar.com\/avatar\/7a7a912ec2c8cd6a390040b03329ee7a71bbd5f81ac3557b6a68208f263fc97b?s=96&d=mm&r=g\",\"contentUrl\":\"https:\/\/secure.gravatar.com\/avatar\/7a7a912ec2c8cd6a390040b03329ee7a71bbd5f81ac3557b6a68208f263fc97b?s=96&d=mm&r=g\",\"caption\":\"Andr\u00e9\"},\"url\":\"https:\/\/www.oitaperunense.com.br\/site\/author\/andre\/\"}]}<\/script>\n<!-- \/ Yoast SEO plugin. -->","yoast_head_json":{"title":"Qualifica\u00e7\u00e3o Profissional: Faetec abre inscri\u00e7\u00f5es para 30 mil vagas - O Itaperunense","robots":{"index":"index","follow":"follow","max-snippet":"max-snippet:-1","max-image-preview":"max-image-preview:large","max-video-preview":"max-video-preview:-1"},"canonical":"https:\/\/www.oitaperunense.com.br\/site\/qualificacao-profissional-faetec-abre-inscricoes-para-30-mil-vagas\/","og_locale":"pt_BR","og_type":"article","og_title":"Qualifica\u00e7\u00e3o Profissional: Faetec abre inscri\u00e7\u00f5es para 30 mil vagas - O Itaperunense","og_description":"Prazo para os interessados vai at\u00e9 o dia 1\u00ba de fevereiro. S\u00e3o mais de 50 cursos em 43 unidades no estado Se o ano de 2022 chega cercado de expectativas, a oportunidade \u00e9 agora para quem tem interesse em entrar no mercado de trabalho com uma forma\u00e7\u00e3o profissional. A Funda\u00e7\u00e3o de Apoio \u00e0 Escola T\u00e9cnica [&hellip;]","og_url":"https:\/\/www.oitaperunense.com.br\/site\/qualificacao-profissional-faetec-abre-inscricoes-para-30-mil-vagas\/","og_site_name":"O Itaperunense","article_publisher":"https:\/\/www.facebook.com\/jornaloitaperunense","article_published_time":"2022-01-10T19:26:29+00:00","og_image":[{"width":700,"height":466,"url":"https:\/\/www.oitaperunense.com.br\/site\/wp-content\/uploads\/2022\/01\/aetec.jpg","type":"image\/jpeg"}],"author":"Andr\u00e9","twitter_card":"summary_large_image","twitter_misc":{"Escrito por":"Andr\u00e9","Est. tempo de leitura":"3 minutos"},"schema":{"@context":"https:\/\/schema.org","@graph":[{"@type":"WebPage","@id":"https:\/\/www.oitaperunense.com.br\/site\/qualificacao-profissional-faetec-abre-inscricoes-para-30-mil-vagas\/","url":"https:\/\/www.oitaperunense.com.br\/site\/qualificacao-profissional-faetec-abre-inscricoes-para-30-mil-vagas\/","name":"Qualifica\u00e7\u00e3o Profissional: Faetec abre inscri\u00e7\u00f5es para 30 mil vagas - O Itaperunense","isPartOf":{"@id":"https:\/\/www.oitaperunense.com.br\/site\/#website"},"datePublished":"2022-01-10T19:26:29+00:00","dateModified":"2022-01-10T19:26:29+00:00","author":{"@id":"https:\/\/www.oitaperunense.com.br\/site\/#\/schema\/person\/4a5b86c112157bc0a4492f4fd6b7939f"},"breadcrumb":{"@id":"https:\/\/www.oitaperunense.com.br\/site\/qualificacao-profissional-faetec-abre-inscricoes-para-30-mil-vagas\/#breadcrumb"},"inLanguage":"pt-BR","potentialAction":[{"@type":"ReadAction","target":["https:\/\/www.oitaperunense.com.br\/site\/qualificacao-profissional-faetec-abre-inscricoes-para-30-mil-vagas\/"]}]},{"@type":"BreadcrumbList","@id":"https:\/\/www.oitaperunense.com.br\/site\/qualificacao-profissional-faetec-abre-inscricoes-para-30-mil-vagas\/#breadcrumb","itemListElement":[{"@type":"ListItem","position":1,"name":"Home","item":"https:\/\/www.oitaperunense.com.br\/site\/"},{"@type":"ListItem","position":2,"name":"Qualifica\u00e7\u00e3o Profissional: Faetec abre inscri\u00e7\u00f5es para 30 mil vagas"}]},{"@type":"WebSite","@id":"https:\/\/www.oitaperunense.com.br\/site\/#website","url":"https:\/\/www.oitaperunense.com.br\/site\/","name":"O Itaperunense","description":"","potentialAction":[{"@type":"SearchAction","target":{"@type":"EntryPoint","urlTemplate":"https:\/\/www.oitaperunense.com.br\/site\/?s={search_term_string}"},"query-input":"required name=search_term_string"}],"inLanguage":"pt-BR"},{"@type":"Person","@id":"https:\/\/www.oitaperunense.com.br\/site\/#\/schema\/person\/4a5b86c112157bc0a4492f4fd6b7939f","name":"Andr\u00e9","image":{"@type":"ImageObject","inLanguage":"pt-BR","@id":"https:\/\/www.oitaperunense.com.br\/site\/#\/schema\/person\/image\/","url":"https:\/\/secure.gravatar.com\/avatar\/7a7a912ec2c8cd6a390040b03329ee7a71bbd5f81ac3557b6a68208f263fc97b?s=96&d=mm&r=g","contentUrl":"https:\/\/secure.gravatar.com\/avatar\/7a7a912ec2c8cd6a390040b03329ee7a71bbd5f81ac3557b6a68208f263fc97b?s=96&d=mm&r=g","caption":"Andr\u00e9"},"url":"https:\/\/www.oitaperunense.com.br\/site\/author\/andre\/"}]}},"cc_featured_image_caption":{"caption_text":"","source_text":"","source_url":""},"_links":{"self":[{"href":"https:\/\/www.oitaperunense.com.br\/site\/wp-json\/wp\/v2\/posts\/387842","targetHints":{"allow":["GET"]}}],"collection":[{"href":"https:\/\/www.oitaperunense.com.br\/site\/wp-json\/wp\/v2\/posts"}],"about":[{"href":"https:\/\/www.oitaperunense.com.br\/site\/wp-json\/wp\/v2\/types\/post"}],"author":[{"embeddable":true,"href":"https:\/\/www.oitaperunense.com.br\/site\/wp-json\/wp\/v2\/users\/19"}],"replies":[{"embeddable":true,"href":"https:\/\/www.oitaperunense.com.br\/site\/wp-json\/wp\/v2\/comments?post=387842"}],"version-history":[{"count":1,"href":"https:\/\/www.oitaperunense.com.br\/site\/wp-json\/wp\/v2\/posts\/387842\/revisions"}],"predecessor-version":[{"id":387844,"href":"https:\/\/www.oitaperunense.com.br\/site\/wp-json\/wp\/v2\/posts\/387842\/revisions\/387844"}],"wp:featuredmedia":[{"embeddable":true,"href":"https:\/\/www.oitaperunense.com.br\/site\/wp-json\/wp\/v2\/media\/387843"}],"wp:attachment":[{"href":"https:\/\/www.oitaperunense.com.br\/site\/wp-json\/wp\/v2\/media?parent=387842"}],"wp:term":[{"taxonomy":"category","embeddable":true,"href":"https:\/\/www.oitaperunense.com.br\/site\/wp-json\/wp\/v2\/categories?post=387842"},{"taxonomy":"post_tag","embeddable":true,"href":"https:\/\/www.oitaperunense.com.br\/site\/wp-json\/wp\/v2\/tags?post=387842"}],"curies":[{"name":"wp","href":"https:\/\/api.w.org\/{rel}","templated":true}]}}