{"id":387820,"date":"2022-01-10T09:07:34","date_gmt":"2022-01-10T12:07:34","guid":{"rendered":"http:\/\/www.oitaperunense.com.br\/site\/?p=387820"},"modified":"2022-01-10T10:50:10","modified_gmt":"2022-01-10T13:50:10","slug":"itaperuna-prefeitura-atraves-da-secretaria-municipal-de-saude-informa-mudanca-temporaria-do-posto-de-urgencia","status":"publish","type":"post","link":"https:\/\/www.oitaperunense.com.br\/site\/itaperuna-prefeitura-atraves-da-secretaria-municipal-de-saude-informa-mudanca-temporaria-do-posto-de-urgencia\/","title":{"rendered":"Itaperuna: Prefeitura, atrav\u00e9s da Secretaria Municipal de Sa\u00fade, informa mudan\u00e7a tempor\u00e1ria do Posto de Urg\u00eancia (P.U.)"},"content":{"rendered":"<p class=\"yiv2005452398MsoNormal\" style=\"text-align: center;\"><strong><i>Adriana Levone, secret\u00e1ria Municipal de Sa\u00fade informa ainda que vacina\u00e7\u00e3o contra a gripe e Covid-19 continua em cinco UBS (Unidade B\u00e1sica de Sa\u00fade)<\/i><\/strong><\/p>\n<p class=\"yiv2005452398MsoNormal\" style=\"text-align: justify;\">A Prefeitura de Itaperuna, atrav\u00e9s da Secretaria Municipal de Sa\u00fade, informa que devido \u00e0s fortes chuvas que assolam o munic\u00edpio, foi necess\u00e1ria a mudan\u00e7a tempor\u00e1ria do Posto de Urg\u00eancia Dr. Munir Bussade (P.U.). Os atendimentos no P. U. foram transferidos para a antiga Casa de Sa\u00fade Maternidade Santa Therezinha, na Avenida Cardoso Moreira n\u00ba 897, Centro. De acordo com Adriana Levone, secret\u00e1ria Municipal de Sa\u00fade, a popula\u00e7\u00e3o est\u00e1 sendo orientada a procurar a Unidade de Pronto Atendimento (UPA &#8211; 24 Horas), em caso de urg\u00eancia e emerg\u00eancia.<\/p>\n<p><!--more--><\/p>\n<p class=\"yiv2005452398MsoNormal\" style=\"text-align: justify;\">\u2013 N\u00f3s estamos orientando a popula\u00e7\u00e3o a procurar a UPA nos casos de urg\u00eancia e emerg\u00eancia. Nos demais casos orientamos \u00e0s pessoas que procurem a Unidade B\u00e1sica de Sa\u00fade (UBS), mais pr\u00f3xima de suas respectivas resid\u00eancias. \u00c9 importante frisar para a popula\u00e7\u00e3o, que o prefeito Alfred\u00e3o montou uma for\u00e7a tarefa, para atender as demandas que est\u00e3o surgindo a todo momento. Vale lembrar que as equipes est\u00e3o trabalhando 24 horas, dia e noite, a fim de resolver os problemas ocasionados pelas chuvas &#8211; destaca a secret\u00e1ria.<\/p>\n<p style=\"text-align: justify;\">No domingo (9), com a uni\u00e3o dos funcion\u00e1rios da SMS, uma equipe se descolou para ajudar na mudan\u00e7a tempor\u00e1ria do Posto de Urg\u00eancia Dr. Munir Bussade (P.U.) para a antiga Casa de Sa\u00fade Maternidade Santa Therezinha.<\/p>\n<p><img loading=\"lazy\" decoding=\"async\" class=\"alignnone size-full wp-image-387828 aligncenter\" src=\"https:\/\/www.oitaperunense.com.br\/site\/wp-content\/uploads\/2022\/01\/si8.jpg\" alt=\"\" width=\"700\" height=\"394\" srcset=\"https:\/\/www.oitaperunense.com.br\/site\/wp-content\/uploads\/2022\/01\/si8.jpg 700w, https:\/\/www.oitaperunense.com.br\/site\/wp-content\/uploads\/2022\/01\/si8-300x169.jpg 300w\" sizes=\"auto, (max-width: 700px) 100vw, 700px\" \/><\/p>\n<p><img loading=\"lazy\" decoding=\"async\" class=\"alignnone size-full wp-image-387829 aligncenter\" src=\"https:\/\/www.oitaperunense.com.br\/site\/wp-content\/uploads\/2022\/01\/si9.jpg\" alt=\"\" width=\"700\" height=\"394\" srcset=\"https:\/\/www.oitaperunense.com.br\/site\/wp-content\/uploads\/2022\/01\/si9.jpg 700w, https:\/\/www.oitaperunense.com.br\/site\/wp-content\/uploads\/2022\/01\/si9-300x169.jpg 300w\" sizes=\"auto, (max-width: 700px) 100vw, 700px\" \/><\/p>\n<p><img loading=\"lazy\" decoding=\"async\" class=\"size-full wp-image-387821 aligncenter\" src=\"https:\/\/www.oitaperunense.com.br\/site\/wp-content\/uploads\/2022\/01\/si1.jpg\" alt=\"\" width=\"700\" height=\"572\" srcset=\"https:\/\/www.oitaperunense.com.br\/site\/wp-content\/uploads\/2022\/01\/si1.jpg 700w, https:\/\/www.oitaperunense.com.br\/site\/wp-content\/uploads\/2022\/01\/si1-300x245.jpg 300w\" sizes=\"auto, (max-width: 700px) 100vw, 700px\" \/><\/p>\n<p><img loading=\"lazy\" decoding=\"async\" class=\"alignnone size-full wp-image-387822 aligncenter\" src=\"https:\/\/www.oitaperunense.com.br\/site\/wp-content\/uploads\/2022\/01\/si2.jpg\" alt=\"\" width=\"700\" height=\"1011\" srcset=\"https:\/\/www.oitaperunense.com.br\/site\/wp-content\/uploads\/2022\/01\/si2.jpg 700w, https:\/\/www.oitaperunense.com.br\/site\/wp-content\/uploads\/2022\/01\/si2-208x300.jpg 208w\" sizes=\"auto, (max-width: 700px) 100vw, 700px\" \/><\/p>\n<p><img loading=\"lazy\" decoding=\"async\" class=\"alignnone size-full wp-image-387823 aligncenter\" src=\"https:\/\/www.oitaperunense.com.br\/site\/wp-content\/uploads\/2022\/01\/si3.jpg\" alt=\"\" width=\"700\" height=\"1016\" srcset=\"https:\/\/www.oitaperunense.com.br\/site\/wp-content\/uploads\/2022\/01\/si3.jpg 700w, https:\/\/www.oitaperunense.com.br\/site\/wp-content\/uploads\/2022\/01\/si3-207x300.jpg 207w\" sizes=\"auto, (max-width: 700px) 100vw, 700px\" \/><\/p>\n<p><img loading=\"lazy\" decoding=\"async\" class=\"alignnone size-full wp-image-387824 aligncenter\" src=\"https:\/\/www.oitaperunense.com.br\/site\/wp-content\/uploads\/2022\/01\/si4.jpg\" alt=\"\" width=\"700\" height=\"525\" srcset=\"https:\/\/www.oitaperunense.com.br\/site\/wp-content\/uploads\/2022\/01\/si4.jpg 700w, https:\/\/www.oitaperunense.com.br\/site\/wp-content\/uploads\/2022\/01\/si4-300x225.jpg 300w\" sizes=\"auto, (max-width: 700px) 100vw, 700px\" \/><\/p>\n<p><img loading=\"lazy\" decoding=\"async\" class=\"alignnone size-full wp-image-387825 aligncenter\" src=\"https:\/\/www.oitaperunense.com.br\/site\/wp-content\/uploads\/2022\/01\/si5.jpg\" alt=\"\" width=\"700\" height=\"1141\" srcset=\"https:\/\/www.oitaperunense.com.br\/site\/wp-content\/uploads\/2022\/01\/si5.jpg 700w, https:\/\/www.oitaperunense.com.br\/site\/wp-content\/uploads\/2022\/01\/si5-184x300.jpg 184w\" sizes=\"auto, (max-width: 700px) 100vw, 700px\" \/><\/p>\n<p><img loading=\"lazy\" decoding=\"async\" class=\"alignnone size-full wp-image-387826 aligncenter\" src=\"https:\/\/www.oitaperunense.com.br\/site\/wp-content\/uploads\/2022\/01\/si6.jpg\" alt=\"\" width=\"700\" height=\"933\" srcset=\"https:\/\/www.oitaperunense.com.br\/site\/wp-content\/uploads\/2022\/01\/si6.jpg 700w, https:\/\/www.oitaperunense.com.br\/site\/wp-content\/uploads\/2022\/01\/si6-225x300.jpg 225w\" sizes=\"auto, (max-width: 700px) 100vw, 700px\" \/><\/p>\n<p><img loading=\"lazy\" decoding=\"async\" class=\"alignnone size-full wp-image-387827 aligncenter\" src=\"https:\/\/www.oitaperunense.com.br\/site\/wp-content\/uploads\/2022\/01\/si7.jpg\" alt=\"\" width=\"700\" height=\"525\" srcset=\"https:\/\/www.oitaperunense.com.br\/site\/wp-content\/uploads\/2022\/01\/si7.jpg 700w, https:\/\/www.oitaperunense.com.br\/site\/wp-content\/uploads\/2022\/01\/si7-300x225.jpg 300w\" sizes=\"auto, (max-width: 700px) 100vw, 700px\" \/><\/p>\n<p class=\"yiv2005452398MsoNormal\" style=\"text-align: justify;\"><b>VACINA\u00c7\u00c3O CONTRA A GRIPE E COVID-19<\/b><\/p>\n<p class=\"yiv2005452398MsoNormal\" style=\"text-align: justify;\">A Secretaria Municipal de Sa\u00fade ainda informa que a vacina\u00e7\u00e3o contra a gripe e covid-19 continua sendo realizada em cinco UBS (Unidade B\u00e1sica de Sa\u00fade), sendo elas:<\/p>\n<p class=\"yiv2005452398MsoNormal\" style=\"text-align: justify;\">UBS Cehab, UBS Carulas, UBS Costa e Silva, UBS S\u00e3o Matheus e UBS Aeroporto.<\/p>\n<p class=\"yiv2005452398MsoNormal\" style=\"text-align: justify;\">A Prefeitura de Itaperuna orienta a popula\u00e7\u00e3o que em caso de emerg\u00eancia, entre em contato com a Defesa Civil pelo WhatsApp (22) 3824-6334.<\/p>\n<p><strong>Com informa\u00e7\u00f5es: DECOM\/Itaperuna\/RJ<\/strong><\/p>\n","protected":false},"excerpt":{"rendered":"<p>Adriana Levone, secret\u00e1ria Municipal de Sa\u00fade informa ainda que vacina\u00e7\u00e3o contra a gripe e Covid-19 continua em cinco UBS (Unidade B\u00e1sica de Sa\u00fade) A Prefeitura de Itaperuna, atrav\u00e9s da Secretaria Municipal de Sa\u00fade, informa que devido \u00e0s fortes chuvas que assolam o munic\u00edpio, foi necess\u00e1ria a mudan\u00e7a tempor\u00e1ria do Posto de Urg\u00eancia Dr. Munir Bussade [&hellip;]<\/p>\n","protected":false},"author":19,"featured_media":387834,"comment_status":"open","ping_status":"closed","sticky":false,"template":"","format":"standard","meta":{"ngg_post_thumbnail":0,"footnotes":""},"categories":[113],"tags":[],"class_list":["post-387820","post","type-post","status-publish","format-standard","has-post-thumbnail","hentry","category-saude"],"yoast_head":"<!-- This site is optimized with the Yoast SEO plugin v20.11 - https:\/\/yoast.com\/wordpress\/plugins\/seo\/ -->\n<title>Itaperuna: Prefeitura, atrav\u00e9s da Secretaria Municipal de Sa\u00fade, informa mudan\u00e7a tempor\u00e1ria do Posto de Urg\u00eancia (P.U.) - O Itaperunense<\/title>\n<meta name=\"robots\" content=\"index, follow, max-snippet:-1, max-image-preview:large, max-video-preview:-1\" \/>\n<link rel=\"canonical\" href=\"https:\/\/www.oitaperunense.com.br\/site\/itaperuna-prefeitura-atraves-da-secretaria-municipal-de-saude-informa-mudanca-temporaria-do-posto-de-urgencia\/\" \/>\n<meta property=\"og:locale\" content=\"pt_BR\" \/>\n<meta property=\"og:type\" content=\"article\" \/>\n<meta property=\"og:title\" content=\"Itaperuna: Prefeitura, atrav\u00e9s da Secretaria Municipal de Sa\u00fade, informa mudan\u00e7a tempor\u00e1ria do Posto de Urg\u00eancia (P.U.) - O Itaperunense\" \/>\n<meta property=\"og:description\" content=\"Adriana Levone, secret\u00e1ria Municipal de Sa\u00fade informa ainda que vacina\u00e7\u00e3o contra a gripe e Covid-19 continua em cinco UBS (Unidade B\u00e1sica de Sa\u00fade) A Prefeitura de Itaperuna, atrav\u00e9s da Secretaria Municipal de Sa\u00fade, informa que devido \u00e0s fortes chuvas que assolam o munic\u00edpio, foi necess\u00e1ria a mudan\u00e7a tempor\u00e1ria do Posto de Urg\u00eancia Dr. Munir Bussade [&hellip;]\" \/>\n<meta property=\"og:url\" content=\"https:\/\/www.oitaperunense.com.br\/site\/itaperuna-prefeitura-atraves-da-secretaria-municipal-de-saude-informa-mudanca-temporaria-do-posto-de-urgencia\/\" \/>\n<meta property=\"og:site_name\" content=\"O Itaperunense\" \/>\n<meta property=\"article:publisher\" content=\"https:\/\/www.facebook.com\/jornaloitaperunense\" \/>\n<meta property=\"article:published_time\" content=\"2022-01-10T12:07:34+00:00\" \/>\n<meta property=\"article:modified_time\" content=\"2022-01-10T13:50:10+00:00\" \/>\n<meta property=\"og:image\" content=\"https:\/\/www.oitaperunense.com.br\/site\/wp-content\/uploads\/2022\/01\/ssa12.jpg\" \/>\n\t<meta property=\"og:image:width\" content=\"700\" \/>\n\t<meta property=\"og:image:height\" content=\"597\" \/>\n\t<meta property=\"og:image:type\" content=\"image\/jpeg\" \/>\n<meta name=\"author\" content=\"Andr\u00e9\" \/>\n<meta name=\"twitter:card\" content=\"summary_large_image\" \/>\n<meta name=\"twitter:label1\" content=\"Escrito por\" \/>\n\t<meta name=\"twitter:data1\" content=\"Andr\u00e9\" \/>\n\t<meta name=\"twitter:label2\" content=\"Est. tempo de leitura\" \/>\n\t<meta name=\"twitter:data2\" content=\"4 minutos\" \/>\n<script type=\"application\/ld+json\" class=\"yoast-schema-graph\">{\"@context\":\"https:\/\/schema.org\",\"@graph\":[{\"@type\":\"WebPage\",\"@id\":\"https:\/\/www.oitaperunense.com.br\/site\/itaperuna-prefeitura-atraves-da-secretaria-municipal-de-saude-informa-mudanca-temporaria-do-posto-de-urgencia\/\",\"url\":\"https:\/\/www.oitaperunense.com.br\/site\/itaperuna-prefeitura-atraves-da-secretaria-municipal-de-saude-informa-mudanca-temporaria-do-posto-de-urgencia\/\",\"name\":\"Itaperuna: Prefeitura, atrav\u00e9s da Secretaria Municipal de Sa\u00fade, informa mudan\u00e7a tempor\u00e1ria do Posto de Urg\u00eancia (P.U.) - O Itaperunense\",\"isPartOf\":{\"@id\":\"https:\/\/www.oitaperunense.com.br\/site\/#website\"},\"datePublished\":\"2022-01-10T12:07:34+00:00\",\"dateModified\":\"2022-01-10T13:50:10+00:00\",\"author\":{\"@id\":\"https:\/\/www.oitaperunense.com.br\/site\/#\/schema\/person\/4a5b86c112157bc0a4492f4fd6b7939f\"},\"breadcrumb\":{\"@id\":\"https:\/\/www.oitaperunense.com.br\/site\/itaperuna-prefeitura-atraves-da-secretaria-municipal-de-saude-informa-mudanca-temporaria-do-posto-de-urgencia\/#breadcrumb\"},\"inLanguage\":\"pt-BR\",\"potentialAction\":[{\"@type\":\"ReadAction\",\"target\":[\"https:\/\/www.oitaperunense.com.br\/site\/itaperuna-prefeitura-atraves-da-secretaria-municipal-de-saude-informa-mudanca-temporaria-do-posto-de-urgencia\/\"]}]},{\"@type\":\"BreadcrumbList\",\"@id\":\"https:\/\/www.oitaperunense.com.br\/site\/itaperuna-prefeitura-atraves-da-secretaria-municipal-de-saude-informa-mudanca-temporaria-do-posto-de-urgencia\/#breadcrumb\",\"itemListElement\":[{\"@type\":\"ListItem\",\"position\":1,\"name\":\"Home\",\"item\":\"https:\/\/www.oitaperunense.com.br\/site\/\"},{\"@type\":\"ListItem\",\"position\":2,\"name\":\"Itaperuna: Prefeitura, atrav\u00e9s da Secretaria Municipal de Sa\u00fade, informa mudan\u00e7a tempor\u00e1ria do Posto de Urg\u00eancia (P.U.)\"}]},{\"@type\":\"WebSite\",\"@id\":\"https:\/\/www.oitaperunense.com.br\/site\/#website\",\"url\":\"https:\/\/www.oitaperunense.com.br\/site\/\",\"name\":\"O Itaperunense\",\"description\":\"\",\"potentialAction\":[{\"@type\":\"SearchAction\",\"target\":{\"@type\":\"EntryPoint\",\"urlTemplate\":\"https:\/\/www.oitaperunense.com.br\/site\/?s={search_term_string}\"},\"query-input\":\"required name=search_term_string\"}],\"inLanguage\":\"pt-BR\"},{\"@type\":\"Person\",\"@id\":\"https:\/\/www.oitaperunense.com.br\/site\/#\/schema\/person\/4a5b86c112157bc0a4492f4fd6b7939f\",\"name\":\"Andr\u00e9\",\"image\":{\"@type\":\"ImageObject\",\"inLanguage\":\"pt-BR\",\"@id\":\"https:\/\/www.oitaperunense.com.br\/site\/#\/schema\/person\/image\/\",\"url\":\"https:\/\/secure.gravatar.com\/avatar\/7a7a912ec2c8cd6a390040b03329ee7a71bbd5f81ac3557b6a68208f263fc97b?s=96&d=mm&r=g\",\"contentUrl\":\"https:\/\/secure.gravatar.com\/avatar\/7a7a912ec2c8cd6a390040b03329ee7a71bbd5f81ac3557b6a68208f263fc97b?s=96&d=mm&r=g\",\"caption\":\"Andr\u00e9\"},\"url\":\"https:\/\/www.oitaperunense.com.br\/site\/author\/andre\/\"}]}<\/script>\n<!-- \/ Yoast SEO plugin. -->","yoast_head_json":{"title":"Itaperuna: Prefeitura, atrav\u00e9s da Secretaria Municipal de Sa\u00fade, informa mudan\u00e7a tempor\u00e1ria do Posto de Urg\u00eancia (P.U.) - O Itaperunense","robots":{"index":"index","follow":"follow","max-snippet":"max-snippet:-1","max-image-preview":"max-image-preview:large","max-video-preview":"max-video-preview:-1"},"canonical":"https:\/\/www.oitaperunense.com.br\/site\/itaperuna-prefeitura-atraves-da-secretaria-municipal-de-saude-informa-mudanca-temporaria-do-posto-de-urgencia\/","og_locale":"pt_BR","og_type":"article","og_title":"Itaperuna: Prefeitura, atrav\u00e9s da Secretaria Municipal de Sa\u00fade, informa mudan\u00e7a tempor\u00e1ria do Posto de Urg\u00eancia (P.U.) - O Itaperunense","og_description":"Adriana Levone, secret\u00e1ria Municipal de Sa\u00fade informa ainda que vacina\u00e7\u00e3o contra a gripe e Covid-19 continua em cinco UBS (Unidade B\u00e1sica de Sa\u00fade) A Prefeitura de Itaperuna, atrav\u00e9s da Secretaria Municipal de Sa\u00fade, informa que devido \u00e0s fortes chuvas que assolam o munic\u00edpio, foi necess\u00e1ria a mudan\u00e7a tempor\u00e1ria do Posto de Urg\u00eancia Dr. Munir Bussade [&hellip;]","og_url":"https:\/\/www.oitaperunense.com.br\/site\/itaperuna-prefeitura-atraves-da-secretaria-municipal-de-saude-informa-mudanca-temporaria-do-posto-de-urgencia\/","og_site_name":"O Itaperunense","article_publisher":"https:\/\/www.facebook.com\/jornaloitaperunense","article_published_time":"2022-01-10T12:07:34+00:00","article_modified_time":"2022-01-10T13:50:10+00:00","og_image":[{"width":700,"height":597,"url":"https:\/\/www.oitaperunense.com.br\/site\/wp-content\/uploads\/2022\/01\/ssa12.jpg","type":"image\/jpeg"}],"author":"Andr\u00e9","twitter_card":"summary_large_image","twitter_misc":{"Escrito por":"Andr\u00e9","Est. tempo de leitura":"4 minutos"},"schema":{"@context":"https:\/\/schema.org","@graph":[{"@type":"WebPage","@id":"https:\/\/www.oitaperunense.com.br\/site\/itaperuna-prefeitura-atraves-da-secretaria-municipal-de-saude-informa-mudanca-temporaria-do-posto-de-urgencia\/","url":"https:\/\/www.oitaperunense.com.br\/site\/itaperuna-prefeitura-atraves-da-secretaria-municipal-de-saude-informa-mudanca-temporaria-do-posto-de-urgencia\/","name":"Itaperuna: Prefeitura, atrav\u00e9s da Secretaria Municipal de Sa\u00fade, informa mudan\u00e7a tempor\u00e1ria do Posto de Urg\u00eancia (P.U.) - O Itaperunense","isPartOf":{"@id":"https:\/\/www.oitaperunense.com.br\/site\/#website"},"datePublished":"2022-01-10T12:07:34+00:00","dateModified":"2022-01-10T13:50:10+00:00","author":{"@id":"https:\/\/www.oitaperunense.com.br\/site\/#\/schema\/person\/4a5b86c112157bc0a4492f4fd6b7939f"},"breadcrumb":{"@id":"https:\/\/www.oitaperunense.com.br\/site\/itaperuna-prefeitura-atraves-da-secretaria-municipal-de-saude-informa-mudanca-temporaria-do-posto-de-urgencia\/#breadcrumb"},"inLanguage":"pt-BR","potentialAction":[{"@type":"ReadAction","target":["https:\/\/www.oitaperunense.com.br\/site\/itaperuna-prefeitura-atraves-da-secretaria-municipal-de-saude-informa-mudanca-temporaria-do-posto-de-urgencia\/"]}]},{"@type":"BreadcrumbList","@id":"https:\/\/www.oitaperunense.com.br\/site\/itaperuna-prefeitura-atraves-da-secretaria-municipal-de-saude-informa-mudanca-temporaria-do-posto-de-urgencia\/#breadcrumb","itemListElement":[{"@type":"ListItem","position":1,"name":"Home","item":"https:\/\/www.oitaperunense.com.br\/site\/"},{"@type":"ListItem","position":2,"name":"Itaperuna: Prefeitura, atrav\u00e9s da Secretaria Municipal de Sa\u00fade, informa mudan\u00e7a tempor\u00e1ria do Posto de Urg\u00eancia (P.U.)"}]},{"@type":"WebSite","@id":"https:\/\/www.oitaperunense.com.br\/site\/#website","url":"https:\/\/www.oitaperunense.com.br\/site\/","name":"O Itaperunense","description":"","potentialAction":[{"@type":"SearchAction","target":{"@type":"EntryPoint","urlTemplate":"https:\/\/www.oitaperunense.com.br\/site\/?s={search_term_string}"},"query-input":"required name=search_term_string"}],"inLanguage":"pt-BR"},{"@type":"Person","@id":"https:\/\/www.oitaperunense.com.br\/site\/#\/schema\/person\/4a5b86c112157bc0a4492f4fd6b7939f","name":"Andr\u00e9","image":{"@type":"ImageObject","inLanguage":"pt-BR","@id":"https:\/\/www.oitaperunense.com.br\/site\/#\/schema\/person\/image\/","url":"https:\/\/secure.gravatar.com\/avatar\/7a7a912ec2c8cd6a390040b03329ee7a71bbd5f81ac3557b6a68208f263fc97b?s=96&d=mm&r=g","contentUrl":"https:\/\/secure.gravatar.com\/avatar\/7a7a912ec2c8cd6a390040b03329ee7a71bbd5f81ac3557b6a68208f263fc97b?s=96&d=mm&r=g","caption":"Andr\u00e9"},"url":"https:\/\/www.oitaperunense.com.br\/site\/author\/andre\/"}]}},"cc_featured_image_caption":{"caption_text":"","source_text":"","source_url":""},"_links":{"self":[{"href":"https:\/\/www.oitaperunense.com.br\/site\/wp-json\/wp\/v2\/posts\/387820","targetHints":{"allow":["GET"]}}],"collection":[{"href":"https:\/\/www.oitaperunense.com.br\/site\/wp-json\/wp\/v2\/posts"}],"about":[{"href":"https:\/\/www.oitaperunense.com.br\/site\/wp-json\/wp\/v2\/types\/post"}],"author":[{"embeddable":true,"href":"https:\/\/www.oitaperunense.com.br\/site\/wp-json\/wp\/v2\/users\/19"}],"replies":[{"embeddable":true,"href":"https:\/\/www.oitaperunense.com.br\/site\/wp-json\/wp\/v2\/comments?post=387820"}],"version-history":[{"count":2,"href":"https:\/\/www.oitaperunense.com.br\/site\/wp-json\/wp\/v2\/posts\/387820\/revisions"}],"predecessor-version":[{"id":387832,"href":"https:\/\/www.oitaperunense.com.br\/site\/wp-json\/wp\/v2\/posts\/387820\/revisions\/387832"}],"wp:featuredmedia":[{"embeddable":true,"href":"https:\/\/www.oitaperunense.com.br\/site\/wp-json\/wp\/v2\/media\/387834"}],"wp:attachment":[{"href":"https:\/\/www.oitaperunense.com.br\/site\/wp-json\/wp\/v2\/media?parent=387820"}],"wp:term":[{"taxonomy":"category","embeddable":true,"href":"https:\/\/www.oitaperunense.com.br\/site\/wp-json\/wp\/v2\/categories?post=387820"},{"taxonomy":"post_tag","embeddable":true,"href":"https:\/\/www.oitaperunense.com.br\/site\/wp-json\/wp\/v2\/tags?post=387820"}],"curies":[{"name":"wp","href":"https:\/\/api.w.org\/{rel}","templated":true}]}}