{"id":387745,"date":"2022-01-04T16:57:13","date_gmt":"2022-01-04T19:57:13","guid":{"rendered":"http:\/\/www.oitaperunense.com.br\/site\/?p=387745"},"modified":"2022-01-04T16:57:13","modified_gmt":"2022-01-04T19:57:13","slug":"atencao-pais-veja-documentacao-obrigatoria-para-viagens-de-criancas-e-adolescentes","status":"publish","type":"post","link":"https:\/\/www.oitaperunense.com.br\/site\/atencao-pais-veja-documentacao-obrigatoria-para-viagens-de-criancas-e-adolescentes\/","title":{"rendered":"Aten\u00e7\u00e3o, pais: veja documenta\u00e7\u00e3o obrigat\u00f3ria para viagens de crian\u00e7as e adolescentes!"},"content":{"rendered":"<p style=\"text-align: justify;\">Chegaram as t\u00e3o sonhadas f\u00e9rias escolares! \u00c9 \u00e9poca de a crian\u00e7ada fechar o caderno, guardar o l\u00e1pis e a borracha, descansar, brincar e viajar! Seja qual for o destino, a viagem com os pequenos exige planejamento e aten\u00e7\u00e3o dos pais e\/ou respons\u00e1veis. \u00c9 preciso observar algumas regras e reunir a documenta\u00e7\u00e3o necess\u00e1ria previamente para garantir tranquilidade \u00e0s f\u00e9rias da fam\u00edlia.&nbsp; &nbsp; Para viagens dentro do territ\u00f3rio nacional, a crian\u00e7a de at\u00e9 11 anos de idade deve, em qualquer hip\u00f3tese, apresentar certid\u00e3o de nascimento ou documento com foto. J\u00e1 os adolescentes de 12 anos ou mais devem levar documento com foto. Crian\u00e7as ou adolescentes de at\u00e9 16 anos, que viajam com os pais, m\u00e3e, respons\u00e1vel legal, irm\u00e3o maior de idade, tios ou av\u00f3s, n\u00e3o necessitam de autoriza\u00e7\u00e3o. Para viajarem desacompanhadas, al\u00e9m do documento, elas precisam apresentar autoriza\u00e7\u00e3o expressa do pai ou da m\u00e3e ou do respons\u00e1vel legal, com firma reconhecida por semelhan\u00e7a ou autenticidade (clique aqui para acessar modelo de autoriza\u00e7\u00e3o). &nbsp;&nbsp;<\/p>\n<p><!--more--><\/p>\n<p style=\"text-align: justify;\"><a href=\"https:\/\/autoriza.net\/wp-content\/uploads\/2020\/10\/aut_CGJ_nac_acomp.pdf\">Veja mais informa\u00e7\u00f5es clicando neste pdf que baixa o documento que autoriza a viagem nacional acompanhado<\/a><\/p>\n<p style=\"text-align: justify;\"><a href=\"https:\/\/portaltj.tjrj.jus.br\/web\/portal-da-infancia-e-juventude\/cevij-infancia-e-juventude\/autorizacao-de-viagem?inheritRedirect=true\">Neste endere\u00e7o, confira mais informa\u00e7\u00f5es sobre a viagem com os pais no portal da Cevij<\/a><\/p>\n<p style=\"text-align: justify;\">Nas viagens internacionais, crian\u00e7as ou adolescentes que estiverem acompanhadas somente da m\u00e3e ou do pai, necessitam de uma autoriza\u00e7\u00e3o por escrito do outro genitor, com firma reconhecida (veja modelo de autoriza\u00e7\u00e3o aqui). O mesmo caso vale para crian\u00e7a ou adolescente acompanhado por terceiro maior de 18 anos. &nbsp;Caso o pai ou a m\u00e3e se recuse a autorizar a viagem, a crian\u00e7a ou adolescente n\u00e3o poder\u00e1 viajar. Neste caso, o genitor que queira fazer a viagem dever\u00e1 ingressar com uma a\u00e7\u00e3o judicial de Suprimento de Consentimento. &nbsp;<\/p>\n<p style=\"text-align: justify;\">No caso do embarque para o exterior \u00e9 necess\u00e1rio portar passaporte v\u00e1lido, documento de identidade ou certid\u00e3o de nascimento.&nbsp;<\/p>\n<p style=\"text-align: justify;\"><a href=\"https:\/\/atos.cnj.jus.br\/files\/resolucao_295_13092019_19092019180849.pdf\">Acesse o pdf do Conselho Nacional de Justi\u00e7a sobre a autoriza\u00e7\u00e3o de viagens nacionais para crian\u00e7as e adolescentes.<\/a><\/p>\n<p style=\"text-align: justify;\"><a href=\"https:\/\/autoriza.net\/wp-content\/uploads\/2020\/10\/aut_CGJ_ext_acomp.pdf\">Neste pdf voc\u00ea encontra o modelo de documento que solicita autoriza\u00e7\u00e3o para viagens internacionais<\/a><\/p>\n<p style=\"text-align: justify;\">As informa\u00e7\u00f5es s\u00e3o do portal da Coordenadoria Judici\u00e1ria de Articula\u00e7\u00e3o das Varas da Inf\u00e2ncia e da Juventude e do Idoso (Cevij) do Tribunal de Justi\u00e7a do Estado do Rio de Janeiro (TJRJ) e do site autoriza.net, criado pelos servidores do TJRJ Leandro d&#8217;Ornellas e Felipe Zacch\u00ea. Ambos trabalham na \u00e1rea da Inf\u00e2ncia e Juventude do tribunal e perceberam a necessidade de simplificar o acesso \u00e0s informa\u00e7\u00f5es. &nbsp;&nbsp;<\/p>\n<p style=\"text-align: justify;\">\u201cNo final de 2019, tivemos altera\u00e7\u00f5es na lei que geraram muitas d\u00favidas. A ideia de criar o autoriza.net veio da dificuldade dessas regras. Pensamos em uma forma de consulta, simples, em que a pessoa pudesse, sozinha, chegar \u00e0s respostas necess\u00e1rias, sem necessidade de se deslocar at\u00e9 o f\u00f3rum\u201d, explica Leandro. &nbsp;&nbsp;<\/p>\n<p style=\"text-align: justify;\">Devido \u00e0 iniciativa, os servidores foram agraciados com o Colar do M\u00e9rito Judici\u00e1rio de 2021. A medalha tipo comenda foi entregue aos homenageados em 8 de dezembro, Dia da Justi\u00e7a. &nbsp;&nbsp;<\/p>\n<p style=\"text-align: justify;\">O autoriza.net tem o apoio dos tribunais de Justi\u00e7a do Rio, do Par\u00e1 e de Rond\u00f4nia, da Associa\u00e7\u00e3o dos Conselheiros Tutelares do Estado do Rio (Acterj) e da Associa\u00e7\u00e3o Brasileira dos Magistrados da Inf\u00e2ncia e da Juventude (Abraminj).&nbsp;<\/p>\n<p><strong>Com informa\u00e7\u00f5es: TJRJ<\/strong><\/p>\n","protected":false},"excerpt":{"rendered":"<p>Chegaram as t\u00e3o sonhadas f\u00e9rias escolares! \u00c9 \u00e9poca de a crian\u00e7ada fechar o caderno, guardar o l\u00e1pis e a borracha, descansar, brincar e viajar! Seja qual for o destino, a viagem com os pequenos exige planejamento e aten\u00e7\u00e3o dos pais e\/ou respons\u00e1veis. \u00c9 preciso observar algumas regras e reunir a documenta\u00e7\u00e3o necess\u00e1ria previamente para garantir [&hellip;]<\/p>\n","protected":false},"author":19,"featured_media":387746,"comment_status":"open","ping_status":"closed","sticky":false,"template":"","format":"standard","meta":{"ngg_post_thumbnail":0,"footnotes":""},"categories":[8],"tags":[],"class_list":["post-387745","post","type-post","status-publish","format-standard","has-post-thumbnail","hentry","category-brasil"],"yoast_head":"<!-- This site is optimized with the Yoast SEO plugin v20.11 - https:\/\/yoast.com\/wordpress\/plugins\/seo\/ -->\n<title>Aten\u00e7\u00e3o, pais: veja documenta\u00e7\u00e3o obrigat\u00f3ria para viagens de crian\u00e7as e adolescentes! - O Itaperunense<\/title>\n<meta name=\"robots\" content=\"index, follow, max-snippet:-1, max-image-preview:large, max-video-preview:-1\" \/>\n<link rel=\"canonical\" href=\"https:\/\/www.oitaperunense.com.br\/site\/atencao-pais-veja-documentacao-obrigatoria-para-viagens-de-criancas-e-adolescentes\/\" \/>\n<meta property=\"og:locale\" content=\"pt_BR\" \/>\n<meta property=\"og:type\" content=\"article\" \/>\n<meta property=\"og:title\" content=\"Aten\u00e7\u00e3o, pais: veja documenta\u00e7\u00e3o obrigat\u00f3ria para viagens de crian\u00e7as e adolescentes! - O Itaperunense\" \/>\n<meta property=\"og:description\" content=\"Chegaram as t\u00e3o sonhadas f\u00e9rias escolares! \u00c9 \u00e9poca de a crian\u00e7ada fechar o caderno, guardar o l\u00e1pis e a borracha, descansar, brincar e viajar! Seja qual for o destino, a viagem com os pequenos exige planejamento e aten\u00e7\u00e3o dos pais e\/ou respons\u00e1veis. \u00c9 preciso observar algumas regras e reunir a documenta\u00e7\u00e3o necess\u00e1ria previamente para garantir [&hellip;]\" \/>\n<meta property=\"og:url\" content=\"https:\/\/www.oitaperunense.com.br\/site\/atencao-pais-veja-documentacao-obrigatoria-para-viagens-de-criancas-e-adolescentes\/\" \/>\n<meta property=\"og:site_name\" content=\"O Itaperunense\" \/>\n<meta property=\"article:publisher\" content=\"https:\/\/www.facebook.com\/jornaloitaperunense\" \/>\n<meta property=\"article:published_time\" content=\"2022-01-04T19:57:13+00:00\" \/>\n<meta property=\"og:image\" content=\"https:\/\/www.oitaperunense.com.br\/site\/wp-content\/uploads\/2022\/01\/via.jpg\" \/>\n\t<meta property=\"og:image:width\" content=\"700\" \/>\n\t<meta property=\"og:image:height\" content=\"465\" \/>\n\t<meta property=\"og:image:type\" content=\"image\/jpeg\" \/>\n<meta name=\"author\" content=\"Andr\u00e9\" \/>\n<meta name=\"twitter:card\" content=\"summary_large_image\" \/>\n<meta name=\"twitter:label1\" content=\"Escrito por\" \/>\n\t<meta name=\"twitter:data1\" content=\"Andr\u00e9\" \/>\n\t<meta name=\"twitter:label2\" content=\"Est. tempo de leitura\" \/>\n\t<meta name=\"twitter:data2\" content=\"3 minutos\" \/>\n<script type=\"application\/ld+json\" class=\"yoast-schema-graph\">{\"@context\":\"https:\/\/schema.org\",\"@graph\":[{\"@type\":\"WebPage\",\"@id\":\"https:\/\/www.oitaperunense.com.br\/site\/atencao-pais-veja-documentacao-obrigatoria-para-viagens-de-criancas-e-adolescentes\/\",\"url\":\"https:\/\/www.oitaperunense.com.br\/site\/atencao-pais-veja-documentacao-obrigatoria-para-viagens-de-criancas-e-adolescentes\/\",\"name\":\"Aten\u00e7\u00e3o, pais: veja documenta\u00e7\u00e3o obrigat\u00f3ria para viagens de crian\u00e7as e adolescentes! - O Itaperunense\",\"isPartOf\":{\"@id\":\"https:\/\/www.oitaperunense.com.br\/site\/#website\"},\"datePublished\":\"2022-01-04T19:57:13+00:00\",\"dateModified\":\"2022-01-04T19:57:13+00:00\",\"author\":{\"@id\":\"https:\/\/www.oitaperunense.com.br\/site\/#\/schema\/person\/4a5b86c112157bc0a4492f4fd6b7939f\"},\"breadcrumb\":{\"@id\":\"https:\/\/www.oitaperunense.com.br\/site\/atencao-pais-veja-documentacao-obrigatoria-para-viagens-de-criancas-e-adolescentes\/#breadcrumb\"},\"inLanguage\":\"pt-BR\",\"potentialAction\":[{\"@type\":\"ReadAction\",\"target\":[\"https:\/\/www.oitaperunense.com.br\/site\/atencao-pais-veja-documentacao-obrigatoria-para-viagens-de-criancas-e-adolescentes\/\"]}]},{\"@type\":\"BreadcrumbList\",\"@id\":\"https:\/\/www.oitaperunense.com.br\/site\/atencao-pais-veja-documentacao-obrigatoria-para-viagens-de-criancas-e-adolescentes\/#breadcrumb\",\"itemListElement\":[{\"@type\":\"ListItem\",\"position\":1,\"name\":\"Home\",\"item\":\"https:\/\/www.oitaperunense.com.br\/site\/\"},{\"@type\":\"ListItem\",\"position\":2,\"name\":\"Aten\u00e7\u00e3o, pais: veja documenta\u00e7\u00e3o obrigat\u00f3ria para viagens de crian\u00e7as e adolescentes!\"}]},{\"@type\":\"WebSite\",\"@id\":\"https:\/\/www.oitaperunense.com.br\/site\/#website\",\"url\":\"https:\/\/www.oitaperunense.com.br\/site\/\",\"name\":\"O Itaperunense\",\"description\":\"\",\"potentialAction\":[{\"@type\":\"SearchAction\",\"target\":{\"@type\":\"EntryPoint\",\"urlTemplate\":\"https:\/\/www.oitaperunense.com.br\/site\/?s={search_term_string}\"},\"query-input\":\"required name=search_term_string\"}],\"inLanguage\":\"pt-BR\"},{\"@type\":\"Person\",\"@id\":\"https:\/\/www.oitaperunense.com.br\/site\/#\/schema\/person\/4a5b86c112157bc0a4492f4fd6b7939f\",\"name\":\"Andr\u00e9\",\"image\":{\"@type\":\"ImageObject\",\"inLanguage\":\"pt-BR\",\"@id\":\"https:\/\/www.oitaperunense.com.br\/site\/#\/schema\/person\/image\/\",\"url\":\"https:\/\/secure.gravatar.com\/avatar\/7a7a912ec2c8cd6a390040b03329ee7a71bbd5f81ac3557b6a68208f263fc97b?s=96&d=mm&r=g\",\"contentUrl\":\"https:\/\/secure.gravatar.com\/avatar\/7a7a912ec2c8cd6a390040b03329ee7a71bbd5f81ac3557b6a68208f263fc97b?s=96&d=mm&r=g\",\"caption\":\"Andr\u00e9\"},\"url\":\"https:\/\/www.oitaperunense.com.br\/site\/author\/andre\/\"}]}<\/script>\n<!-- \/ Yoast SEO plugin. -->","yoast_head_json":{"title":"Aten\u00e7\u00e3o, pais: veja documenta\u00e7\u00e3o obrigat\u00f3ria para viagens de crian\u00e7as e adolescentes! - O Itaperunense","robots":{"index":"index","follow":"follow","max-snippet":"max-snippet:-1","max-image-preview":"max-image-preview:large","max-video-preview":"max-video-preview:-1"},"canonical":"https:\/\/www.oitaperunense.com.br\/site\/atencao-pais-veja-documentacao-obrigatoria-para-viagens-de-criancas-e-adolescentes\/","og_locale":"pt_BR","og_type":"article","og_title":"Aten\u00e7\u00e3o, pais: veja documenta\u00e7\u00e3o obrigat\u00f3ria para viagens de crian\u00e7as e adolescentes! - O Itaperunense","og_description":"Chegaram as t\u00e3o sonhadas f\u00e9rias escolares! \u00c9 \u00e9poca de a crian\u00e7ada fechar o caderno, guardar o l\u00e1pis e a borracha, descansar, brincar e viajar! Seja qual for o destino, a viagem com os pequenos exige planejamento e aten\u00e7\u00e3o dos pais e\/ou respons\u00e1veis. \u00c9 preciso observar algumas regras e reunir a documenta\u00e7\u00e3o necess\u00e1ria previamente para garantir [&hellip;]","og_url":"https:\/\/www.oitaperunense.com.br\/site\/atencao-pais-veja-documentacao-obrigatoria-para-viagens-de-criancas-e-adolescentes\/","og_site_name":"O Itaperunense","article_publisher":"https:\/\/www.facebook.com\/jornaloitaperunense","article_published_time":"2022-01-04T19:57:13+00:00","og_image":[{"width":700,"height":465,"url":"https:\/\/www.oitaperunense.com.br\/site\/wp-content\/uploads\/2022\/01\/via.jpg","type":"image\/jpeg"}],"author":"Andr\u00e9","twitter_card":"summary_large_image","twitter_misc":{"Escrito por":"Andr\u00e9","Est. tempo de leitura":"3 minutos"},"schema":{"@context":"https:\/\/schema.org","@graph":[{"@type":"WebPage","@id":"https:\/\/www.oitaperunense.com.br\/site\/atencao-pais-veja-documentacao-obrigatoria-para-viagens-de-criancas-e-adolescentes\/","url":"https:\/\/www.oitaperunense.com.br\/site\/atencao-pais-veja-documentacao-obrigatoria-para-viagens-de-criancas-e-adolescentes\/","name":"Aten\u00e7\u00e3o, pais: veja documenta\u00e7\u00e3o obrigat\u00f3ria para viagens de crian\u00e7as e adolescentes! - O Itaperunense","isPartOf":{"@id":"https:\/\/www.oitaperunense.com.br\/site\/#website"},"datePublished":"2022-01-04T19:57:13+00:00","dateModified":"2022-01-04T19:57:13+00:00","author":{"@id":"https:\/\/www.oitaperunense.com.br\/site\/#\/schema\/person\/4a5b86c112157bc0a4492f4fd6b7939f"},"breadcrumb":{"@id":"https:\/\/www.oitaperunense.com.br\/site\/atencao-pais-veja-documentacao-obrigatoria-para-viagens-de-criancas-e-adolescentes\/#breadcrumb"},"inLanguage":"pt-BR","potentialAction":[{"@type":"ReadAction","target":["https:\/\/www.oitaperunense.com.br\/site\/atencao-pais-veja-documentacao-obrigatoria-para-viagens-de-criancas-e-adolescentes\/"]}]},{"@type":"BreadcrumbList","@id":"https:\/\/www.oitaperunense.com.br\/site\/atencao-pais-veja-documentacao-obrigatoria-para-viagens-de-criancas-e-adolescentes\/#breadcrumb","itemListElement":[{"@type":"ListItem","position":1,"name":"Home","item":"https:\/\/www.oitaperunense.com.br\/site\/"},{"@type":"ListItem","position":2,"name":"Aten\u00e7\u00e3o, pais: veja documenta\u00e7\u00e3o obrigat\u00f3ria para viagens de crian\u00e7as e adolescentes!"}]},{"@type":"WebSite","@id":"https:\/\/www.oitaperunense.com.br\/site\/#website","url":"https:\/\/www.oitaperunense.com.br\/site\/","name":"O Itaperunense","description":"","potentialAction":[{"@type":"SearchAction","target":{"@type":"EntryPoint","urlTemplate":"https:\/\/www.oitaperunense.com.br\/site\/?s={search_term_string}"},"query-input":"required name=search_term_string"}],"inLanguage":"pt-BR"},{"@type":"Person","@id":"https:\/\/www.oitaperunense.com.br\/site\/#\/schema\/person\/4a5b86c112157bc0a4492f4fd6b7939f","name":"Andr\u00e9","image":{"@type":"ImageObject","inLanguage":"pt-BR","@id":"https:\/\/www.oitaperunense.com.br\/site\/#\/schema\/person\/image\/","url":"https:\/\/secure.gravatar.com\/avatar\/7a7a912ec2c8cd6a390040b03329ee7a71bbd5f81ac3557b6a68208f263fc97b?s=96&d=mm&r=g","contentUrl":"https:\/\/secure.gravatar.com\/avatar\/7a7a912ec2c8cd6a390040b03329ee7a71bbd5f81ac3557b6a68208f263fc97b?s=96&d=mm&r=g","caption":"Andr\u00e9"},"url":"https:\/\/www.oitaperunense.com.br\/site\/author\/andre\/"}]}},"cc_featured_image_caption":{"caption_text":"","source_text":"","source_url":""},"_links":{"self":[{"href":"https:\/\/www.oitaperunense.com.br\/site\/wp-json\/wp\/v2\/posts\/387745","targetHints":{"allow":["GET"]}}],"collection":[{"href":"https:\/\/www.oitaperunense.com.br\/site\/wp-json\/wp\/v2\/posts"}],"about":[{"href":"https:\/\/www.oitaperunense.com.br\/site\/wp-json\/wp\/v2\/types\/post"}],"author":[{"embeddable":true,"href":"https:\/\/www.oitaperunense.com.br\/site\/wp-json\/wp\/v2\/users\/19"}],"replies":[{"embeddable":true,"href":"https:\/\/www.oitaperunense.com.br\/site\/wp-json\/wp\/v2\/comments?post=387745"}],"version-history":[{"count":1,"href":"https:\/\/www.oitaperunense.com.br\/site\/wp-json\/wp\/v2\/posts\/387745\/revisions"}],"predecessor-version":[{"id":387747,"href":"https:\/\/www.oitaperunense.com.br\/site\/wp-json\/wp\/v2\/posts\/387745\/revisions\/387747"}],"wp:featuredmedia":[{"embeddable":true,"href":"https:\/\/www.oitaperunense.com.br\/site\/wp-json\/wp\/v2\/media\/387746"}],"wp:attachment":[{"href":"https:\/\/www.oitaperunense.com.br\/site\/wp-json\/wp\/v2\/media?parent=387745"}],"wp:term":[{"taxonomy":"category","embeddable":true,"href":"https:\/\/www.oitaperunense.com.br\/site\/wp-json\/wp\/v2\/categories?post=387745"},{"taxonomy":"post_tag","embeddable":true,"href":"https:\/\/www.oitaperunense.com.br\/site\/wp-json\/wp\/v2\/tags?post=387745"}],"curies":[{"name":"wp","href":"https:\/\/api.w.org\/{rel}","templated":true}]}}