{"id":387728,"date":"2022-01-03T16:35:20","date_gmt":"2022-01-03T19:35:20","guid":{"rendered":"http:\/\/www.oitaperunense.com.br\/site\/?p=387728"},"modified":"2022-01-03T16:35:20","modified_gmt":"2022-01-03T19:35:20","slug":"voltam-a-valer-regras-antigas-para-remarcacao-de-passagens","status":"publish","type":"post","link":"https:\/\/www.oitaperunense.com.br\/site\/voltam-a-valer-regras-antigas-para-remarcacao-de-passagens\/","title":{"rendered":"Voltam a valer regras antigas para remarca\u00e7\u00e3o de passagens"},"content":{"rendered":"<p style=\"text-align: center;\"><strong><em>Medida entrou em vigor a partir de 1\u00ba de janeiro<\/em><\/strong><\/p>\n<p style=\"text-align: justify;\">As antigas regras para altera\u00e7\u00e3o e cancelamento de voos por passageiros e companhias a\u00e9reas voltaram a valer no dia 1\u00ba de janeiro deste ano. Com o t\u00e9rmino da validade da Lei n\u00ba 14.174\/2021, as regras que estavam em vigor durante o auge da pandemia de covid-19 n\u00e3o ser\u00e3o mais aplicadas em fun\u00e7\u00e3o do fim da flexibiliza\u00e7\u00e3o.<\/p>\n<p><!--more--><\/p>\n<p style=\"text-align: justify;\">Durante a pandemia, o consumidor que cancelasse uma passagem para viagens entre 19 de marco de 2020 e 31 de dezembro de 2021, estava isento da cobran\u00e7a de multa, e o valor pago era convertido em cr\u00e9dito para pr\u00f3xima viagem. Quem optasse pelo reembolso, teria at\u00e9 um ano para receber o valor, que seria corrigido pelo \u00cdndice Nacional de Pre\u00e7os ao Consumidor (INPC).<\/p>\n<p style=\"text-align: justify;\">Com a volta da vig\u00eancia da Resolu\u00e7\u00e3o n\u00ba 400\/2016, da Ag\u00eancia Nacional de Avia\u00e7\u00e3o Civil (Anac), o passageiro que fizer o cancelamento pode ter que pagar multas previstas no contrato de presta\u00e7\u00e3o de servi\u00e7os e ter o restante do valor restitu\u00eddo em 7 dias ou creditado de acordo com as regras da empresa.<\/p>\n<p style=\"text-align: justify;\">No caso de cancelamento por parte da companhia a\u00e9rea, os passageiros t\u00eam direito de optar pelo reembolso total ou reacomoda\u00e7\u00e3o em outro voo, al\u00e9m da presta\u00e7\u00e3o do servi\u00e7o por outras modalidades.<\/p>\n<p style=\"text-align: justify;\">No&nbsp;<em>site<\/em>&nbsp;da&nbsp;<a href=\"https:\/\/www.gov.br\/anac\/pt-br\/noticias\/2021\/regras-de-alteracao-de-passagens-anteriores-a-pandemia-voltam-a-vigorar\" target=\"_blank\" rel=\"noopener\">Anac<\/a>&nbsp;\u00e9 poss\u00edvel tirar d\u00favidas sobre as regras de reembolso e remarca\u00e7\u00f5es de passagens a\u00e9reas.<\/p>\n<p style=\"text-align: justify;\"><strong>Edi\u00e7\u00e3o: Val\u00e9ria Aguiar<\/strong><\/p>\n","protected":false},"excerpt":{"rendered":"<p>Medida entrou em vigor a partir de 1\u00ba de janeiro As antigas regras para altera\u00e7\u00e3o e cancelamento de voos por passageiros e companhias a\u00e9reas voltaram a valer no dia 1\u00ba de janeiro deste ano. Com o t\u00e9rmino da validade da Lei n\u00ba 14.174\/2021, as regras que estavam em vigor durante o auge da pandemia de [&hellip;]<\/p>\n","protected":false},"author":19,"featured_media":387729,"comment_status":"open","ping_status":"closed","sticky":false,"template":"","format":"standard","meta":{"ngg_post_thumbnail":0,"footnotes":""},"categories":[8],"tags":[],"class_list":["post-387728","post","type-post","status-publish","format-standard","has-post-thumbnail","hentry","category-brasil"],"yoast_head":"<!-- This site is optimized with the Yoast SEO plugin v20.11 - https:\/\/yoast.com\/wordpress\/plugins\/seo\/ -->\n<title>Voltam a valer regras antigas para remarca\u00e7\u00e3o de passagens - O Itaperunense<\/title>\n<meta name=\"robots\" content=\"index, follow, max-snippet:-1, max-image-preview:large, max-video-preview:-1\" \/>\n<link rel=\"canonical\" href=\"https:\/\/www.oitaperunense.com.br\/site\/voltam-a-valer-regras-antigas-para-remarcacao-de-passagens\/\" \/>\n<meta property=\"og:locale\" content=\"pt_BR\" \/>\n<meta property=\"og:type\" content=\"article\" \/>\n<meta property=\"og:title\" content=\"Voltam a valer regras antigas para remarca\u00e7\u00e3o de passagens - O Itaperunense\" \/>\n<meta property=\"og:description\" content=\"Medida entrou em vigor a partir de 1\u00ba de janeiro As antigas regras para altera\u00e7\u00e3o e cancelamento de voos por passageiros e companhias a\u00e9reas voltaram a valer no dia 1\u00ba de janeiro deste ano. Com o t\u00e9rmino da validade da Lei n\u00ba 14.174\/2021, as regras que estavam em vigor durante o auge da pandemia de [&hellip;]\" \/>\n<meta property=\"og:url\" content=\"https:\/\/www.oitaperunense.com.br\/site\/voltam-a-valer-regras-antigas-para-remarcacao-de-passagens\/\" \/>\n<meta property=\"og:site_name\" content=\"O Itaperunense\" \/>\n<meta property=\"article:publisher\" content=\"https:\/\/www.facebook.com\/jornaloitaperunense\" \/>\n<meta property=\"article:published_time\" content=\"2022-01-03T19:35:20+00:00\" \/>\n<meta property=\"og:image\" content=\"https:\/\/www.oitaperunense.com.br\/site\/wp-content\/uploads\/2022\/01\/AERO.jpg\" \/>\n\t<meta property=\"og:image:width\" content=\"700\" \/>\n\t<meta property=\"og:image:height\" content=\"419\" \/>\n\t<meta property=\"og:image:type\" content=\"image\/jpeg\" \/>\n<meta name=\"author\" content=\"Andr\u00e9\" \/>\n<meta name=\"twitter:card\" content=\"summary_large_image\" \/>\n<meta name=\"twitter:label1\" content=\"Escrito por\" \/>\n\t<meta name=\"twitter:data1\" content=\"Andr\u00e9\" \/>\n\t<meta name=\"twitter:label2\" content=\"Est. tempo de leitura\" \/>\n\t<meta name=\"twitter:data2\" content=\"2 minutos\" \/>\n<script type=\"application\/ld+json\" class=\"yoast-schema-graph\">{\"@context\":\"https:\/\/schema.org\",\"@graph\":[{\"@type\":\"WebPage\",\"@id\":\"https:\/\/www.oitaperunense.com.br\/site\/voltam-a-valer-regras-antigas-para-remarcacao-de-passagens\/\",\"url\":\"https:\/\/www.oitaperunense.com.br\/site\/voltam-a-valer-regras-antigas-para-remarcacao-de-passagens\/\",\"name\":\"Voltam a valer regras antigas para remarca\u00e7\u00e3o de passagens - O Itaperunense\",\"isPartOf\":{\"@id\":\"https:\/\/www.oitaperunense.com.br\/site\/#website\"},\"datePublished\":\"2022-01-03T19:35:20+00:00\",\"dateModified\":\"2022-01-03T19:35:20+00:00\",\"author\":{\"@id\":\"https:\/\/www.oitaperunense.com.br\/site\/#\/schema\/person\/4a5b86c112157bc0a4492f4fd6b7939f\"},\"breadcrumb\":{\"@id\":\"https:\/\/www.oitaperunense.com.br\/site\/voltam-a-valer-regras-antigas-para-remarcacao-de-passagens\/#breadcrumb\"},\"inLanguage\":\"pt-BR\",\"potentialAction\":[{\"@type\":\"ReadAction\",\"target\":[\"https:\/\/www.oitaperunense.com.br\/site\/voltam-a-valer-regras-antigas-para-remarcacao-de-passagens\/\"]}]},{\"@type\":\"BreadcrumbList\",\"@id\":\"https:\/\/www.oitaperunense.com.br\/site\/voltam-a-valer-regras-antigas-para-remarcacao-de-passagens\/#breadcrumb\",\"itemListElement\":[{\"@type\":\"ListItem\",\"position\":1,\"name\":\"Home\",\"item\":\"https:\/\/www.oitaperunense.com.br\/site\/\"},{\"@type\":\"ListItem\",\"position\":2,\"name\":\"Voltam a valer regras antigas para remarca\u00e7\u00e3o de passagens\"}]},{\"@type\":\"WebSite\",\"@id\":\"https:\/\/www.oitaperunense.com.br\/site\/#website\",\"url\":\"https:\/\/www.oitaperunense.com.br\/site\/\",\"name\":\"O Itaperunense\",\"description\":\"\",\"potentialAction\":[{\"@type\":\"SearchAction\",\"target\":{\"@type\":\"EntryPoint\",\"urlTemplate\":\"https:\/\/www.oitaperunense.com.br\/site\/?s={search_term_string}\"},\"query-input\":\"required name=search_term_string\"}],\"inLanguage\":\"pt-BR\"},{\"@type\":\"Person\",\"@id\":\"https:\/\/www.oitaperunense.com.br\/site\/#\/schema\/person\/4a5b86c112157bc0a4492f4fd6b7939f\",\"name\":\"Andr\u00e9\",\"image\":{\"@type\":\"ImageObject\",\"inLanguage\":\"pt-BR\",\"@id\":\"https:\/\/www.oitaperunense.com.br\/site\/#\/schema\/person\/image\/\",\"url\":\"https:\/\/secure.gravatar.com\/avatar\/7a7a912ec2c8cd6a390040b03329ee7a71bbd5f81ac3557b6a68208f263fc97b?s=96&d=mm&r=g\",\"contentUrl\":\"https:\/\/secure.gravatar.com\/avatar\/7a7a912ec2c8cd6a390040b03329ee7a71bbd5f81ac3557b6a68208f263fc97b?s=96&d=mm&r=g\",\"caption\":\"Andr\u00e9\"},\"url\":\"https:\/\/www.oitaperunense.com.br\/site\/author\/andre\/\"}]}<\/script>\n<!-- \/ Yoast SEO plugin. -->","yoast_head_json":{"title":"Voltam a valer regras antigas para remarca\u00e7\u00e3o de passagens - O Itaperunense","robots":{"index":"index","follow":"follow","max-snippet":"max-snippet:-1","max-image-preview":"max-image-preview:large","max-video-preview":"max-video-preview:-1"},"canonical":"https:\/\/www.oitaperunense.com.br\/site\/voltam-a-valer-regras-antigas-para-remarcacao-de-passagens\/","og_locale":"pt_BR","og_type":"article","og_title":"Voltam a valer regras antigas para remarca\u00e7\u00e3o de passagens - O Itaperunense","og_description":"Medida entrou em vigor a partir de 1\u00ba de janeiro As antigas regras para altera\u00e7\u00e3o e cancelamento de voos por passageiros e companhias a\u00e9reas voltaram a valer no dia 1\u00ba de janeiro deste ano. Com o t\u00e9rmino da validade da Lei n\u00ba 14.174\/2021, as regras que estavam em vigor durante o auge da pandemia de [&hellip;]","og_url":"https:\/\/www.oitaperunense.com.br\/site\/voltam-a-valer-regras-antigas-para-remarcacao-de-passagens\/","og_site_name":"O Itaperunense","article_publisher":"https:\/\/www.facebook.com\/jornaloitaperunense","article_published_time":"2022-01-03T19:35:20+00:00","og_image":[{"width":700,"height":419,"url":"https:\/\/www.oitaperunense.com.br\/site\/wp-content\/uploads\/2022\/01\/AERO.jpg","type":"image\/jpeg"}],"author":"Andr\u00e9","twitter_card":"summary_large_image","twitter_misc":{"Escrito por":"Andr\u00e9","Est. tempo de leitura":"2 minutos"},"schema":{"@context":"https:\/\/schema.org","@graph":[{"@type":"WebPage","@id":"https:\/\/www.oitaperunense.com.br\/site\/voltam-a-valer-regras-antigas-para-remarcacao-de-passagens\/","url":"https:\/\/www.oitaperunense.com.br\/site\/voltam-a-valer-regras-antigas-para-remarcacao-de-passagens\/","name":"Voltam a valer regras antigas para remarca\u00e7\u00e3o de passagens - O Itaperunense","isPartOf":{"@id":"https:\/\/www.oitaperunense.com.br\/site\/#website"},"datePublished":"2022-01-03T19:35:20+00:00","dateModified":"2022-01-03T19:35:20+00:00","author":{"@id":"https:\/\/www.oitaperunense.com.br\/site\/#\/schema\/person\/4a5b86c112157bc0a4492f4fd6b7939f"},"breadcrumb":{"@id":"https:\/\/www.oitaperunense.com.br\/site\/voltam-a-valer-regras-antigas-para-remarcacao-de-passagens\/#breadcrumb"},"inLanguage":"pt-BR","potentialAction":[{"@type":"ReadAction","target":["https:\/\/www.oitaperunense.com.br\/site\/voltam-a-valer-regras-antigas-para-remarcacao-de-passagens\/"]}]},{"@type":"BreadcrumbList","@id":"https:\/\/www.oitaperunense.com.br\/site\/voltam-a-valer-regras-antigas-para-remarcacao-de-passagens\/#breadcrumb","itemListElement":[{"@type":"ListItem","position":1,"name":"Home","item":"https:\/\/www.oitaperunense.com.br\/site\/"},{"@type":"ListItem","position":2,"name":"Voltam a valer regras antigas para remarca\u00e7\u00e3o de passagens"}]},{"@type":"WebSite","@id":"https:\/\/www.oitaperunense.com.br\/site\/#website","url":"https:\/\/www.oitaperunense.com.br\/site\/","name":"O Itaperunense","description":"","potentialAction":[{"@type":"SearchAction","target":{"@type":"EntryPoint","urlTemplate":"https:\/\/www.oitaperunense.com.br\/site\/?s={search_term_string}"},"query-input":"required name=search_term_string"}],"inLanguage":"pt-BR"},{"@type":"Person","@id":"https:\/\/www.oitaperunense.com.br\/site\/#\/schema\/person\/4a5b86c112157bc0a4492f4fd6b7939f","name":"Andr\u00e9","image":{"@type":"ImageObject","inLanguage":"pt-BR","@id":"https:\/\/www.oitaperunense.com.br\/site\/#\/schema\/person\/image\/","url":"https:\/\/secure.gravatar.com\/avatar\/7a7a912ec2c8cd6a390040b03329ee7a71bbd5f81ac3557b6a68208f263fc97b?s=96&d=mm&r=g","contentUrl":"https:\/\/secure.gravatar.com\/avatar\/7a7a912ec2c8cd6a390040b03329ee7a71bbd5f81ac3557b6a68208f263fc97b?s=96&d=mm&r=g","caption":"Andr\u00e9"},"url":"https:\/\/www.oitaperunense.com.br\/site\/author\/andre\/"}]}},"cc_featured_image_caption":{"caption_text":"","source_text":"","source_url":""},"_links":{"self":[{"href":"https:\/\/www.oitaperunense.com.br\/site\/wp-json\/wp\/v2\/posts\/387728","targetHints":{"allow":["GET"]}}],"collection":[{"href":"https:\/\/www.oitaperunense.com.br\/site\/wp-json\/wp\/v2\/posts"}],"about":[{"href":"https:\/\/www.oitaperunense.com.br\/site\/wp-json\/wp\/v2\/types\/post"}],"author":[{"embeddable":true,"href":"https:\/\/www.oitaperunense.com.br\/site\/wp-json\/wp\/v2\/users\/19"}],"replies":[{"embeddable":true,"href":"https:\/\/www.oitaperunense.com.br\/site\/wp-json\/wp\/v2\/comments?post=387728"}],"version-history":[{"count":1,"href":"https:\/\/www.oitaperunense.com.br\/site\/wp-json\/wp\/v2\/posts\/387728\/revisions"}],"predecessor-version":[{"id":387730,"href":"https:\/\/www.oitaperunense.com.br\/site\/wp-json\/wp\/v2\/posts\/387728\/revisions\/387730"}],"wp:featuredmedia":[{"embeddable":true,"href":"https:\/\/www.oitaperunense.com.br\/site\/wp-json\/wp\/v2\/media\/387729"}],"wp:attachment":[{"href":"https:\/\/www.oitaperunense.com.br\/site\/wp-json\/wp\/v2\/media?parent=387728"}],"wp:term":[{"taxonomy":"category","embeddable":true,"href":"https:\/\/www.oitaperunense.com.br\/site\/wp-json\/wp\/v2\/categories?post=387728"},{"taxonomy":"post_tag","embeddable":true,"href":"https:\/\/www.oitaperunense.com.br\/site\/wp-json\/wp\/v2\/tags?post=387728"}],"curies":[{"name":"wp","href":"https:\/\/api.w.org\/{rel}","templated":true}]}}