{"id":387724,"date":"2022-01-03T16:27:32","date_gmt":"2022-01-03T19:27:32","guid":{"rendered":"http:\/\/www.oitaperunense.com.br\/site\/?p=387724"},"modified":"2022-01-03T16:27:32","modified_gmt":"2022-01-03T19:27:32","slug":"brasil-motorista-nao-pagara-dpvat-pelo-segundo-ano-seguido","status":"publish","type":"post","link":"https:\/\/www.oitaperunense.com.br\/site\/brasil-motorista-nao-pagara-dpvat-pelo-segundo-ano-seguido\/","title":{"rendered":"Brasil: Motorista n\u00e3o pagar\u00e1 DPVAT pelo segundo ano seguido"},"content":{"rendered":"<p style=\"text-align: center;\"><em><strong>Excedente de recursos cobrir\u00e1 indeniza\u00e7\u00f5es em 2022<\/strong><\/em><\/p>\n<p style=\"text-align: justify;\">Pelo segundo ano seguido, os motoristas ficar\u00e3o isentos de pagar o Seguro Obrigat\u00f3rio de Danos Pessoais Causados por Ve\u00edculos (DPVAT). A medida foi aprovada no \u00faltimo dia 17 de dezembro de 2021 pelo Conselho Nacional de Seguros Privados (CNSP), \u00f3rg\u00e3o vinculado ao Minist\u00e9rio da Economia. Segundo o CNSP, a isen\u00e7\u00e3o p\u00f4de ser concedida porque existe um excedente de recursos no FDPVAT, fundo da Caixa Econ\u00f4mica Federal que administra os recursos do DPVAT, para cobrir os preju\u00edzos com acidentes de tr\u00e2nsito.<\/p>\n<p><!--more--><\/p>\n<p style=\"text-align: justify;\">Ao ser constitu\u00eddo, em fevereiro de 2021, o FDPVAT recebeu R$ 4,3 bilh\u00f5es do cons\u00f3rcio de seguradoras que formavam a Seguradora L\u00edder para o fundo. Desde ent\u00e3o, o dinheiro vem sendo consumido com o pagamento das indeniza\u00e7\u00f5es.<\/p>\n<p style=\"text-align: justify;\">\u201cO CNSP tem efetuado redu\u00e7\u00f5es anuais sistem\u00e1ticas no valor do pr\u00eamio como forma de retornar, para os propriet\u00e1rios de ve\u00edculos, estes recursos excedentes, j\u00e1 tendo, inclusive, estabelecido valor igual a zero, para todas as categorias tarif\u00e1rias, para o ano de 2021. Tal decis\u00e3o promove a devolu\u00e7\u00e3o \u00e0 sociedade dos excedentes acumulados ao longo dos anos. Sem nova arrecada\u00e7\u00e3o, a tend\u00eancia \u00e9 que esses recursos sejam consumidos com o pagamento das indeniza\u00e7\u00f5es por acidentes de tr\u00e2nsito ao longo do tempo\u201d, informou o \u00f3rg\u00e3o.<\/p>\n<p style=\"text-align: justify;\">O CNSP atendeu a pedido da Superintend\u00eancia de Seguros Privados (Susep). O excedente foi formado com os pr\u00eamios pagos pelos pr\u00f3prios propriet\u00e1rios de ve\u00edculos ao longo dos anos. Apesar de ajudar os motoristas, a medida afeta o Sistema \u00danico de Sa\u00fade (SUS), que recebia 45% da arrecada\u00e7\u00e3o anual do DPVAT.<\/p>\n<p style=\"text-align: justify;\">A isen\u00e7\u00e3o vale para todas as categorias. Caso a cobran\u00e7a fosse mantida, os motoristas teriam de pagar de R$ 10 a R$ 600 para custear as coberturas do seguro obrigat\u00f3rio. As tarifas variam conforme o tipo de ve\u00edculo e a regi\u00e3o do pa\u00eds.<\/p>\n<p style=\"text-align: justify;\"><strong>Edi\u00e7\u00e3o: Denise Griesinger<\/strong><\/p>\n","protected":false},"excerpt":{"rendered":"<p>Excedente de recursos cobrir\u00e1 indeniza\u00e7\u00f5es em 2022 Pelo segundo ano seguido, os motoristas ficar\u00e3o isentos de pagar o Seguro Obrigat\u00f3rio de Danos Pessoais Causados por Ve\u00edculos (DPVAT). A medida foi aprovada no \u00faltimo dia 17 de dezembro de 2021 pelo Conselho Nacional de Seguros Privados (CNSP), \u00f3rg\u00e3o vinculado ao Minist\u00e9rio da Economia. Segundo o CNSP, [&hellip;]<\/p>\n","protected":false},"author":19,"featured_media":387725,"comment_status":"open","ping_status":"closed","sticky":false,"template":"","format":"standard","meta":{"ngg_post_thumbnail":0,"footnotes":""},"categories":[8],"tags":[],"class_list":["post-387724","post","type-post","status-publish","format-standard","has-post-thumbnail","hentry","category-brasil"],"yoast_head":"<!-- This site is optimized with the Yoast SEO plugin v20.11 - https:\/\/yoast.com\/wordpress\/plugins\/seo\/ -->\n<title>Brasil: Motorista n\u00e3o pagar\u00e1 DPVAT pelo segundo ano seguido - O Itaperunense<\/title>\n<meta name=\"robots\" content=\"index, follow, max-snippet:-1, max-image-preview:large, max-video-preview:-1\" \/>\n<link rel=\"canonical\" href=\"https:\/\/www.oitaperunense.com.br\/site\/brasil-motorista-nao-pagara-dpvat-pelo-segundo-ano-seguido\/\" \/>\n<meta property=\"og:locale\" content=\"pt_BR\" \/>\n<meta property=\"og:type\" content=\"article\" \/>\n<meta property=\"og:title\" content=\"Brasil: Motorista n\u00e3o pagar\u00e1 DPVAT pelo segundo ano seguido - O Itaperunense\" \/>\n<meta property=\"og:description\" content=\"Excedente de recursos cobrir\u00e1 indeniza\u00e7\u00f5es em 2022 Pelo segundo ano seguido, os motoristas ficar\u00e3o isentos de pagar o Seguro Obrigat\u00f3rio de Danos Pessoais Causados por Ve\u00edculos (DPVAT). A medida foi aprovada no \u00faltimo dia 17 de dezembro de 2021 pelo Conselho Nacional de Seguros Privados (CNSP), \u00f3rg\u00e3o vinculado ao Minist\u00e9rio da Economia. Segundo o CNSP, [&hellip;]\" \/>\n<meta property=\"og:url\" content=\"https:\/\/www.oitaperunense.com.br\/site\/brasil-motorista-nao-pagara-dpvat-pelo-segundo-ano-seguido\/\" \/>\n<meta property=\"og:site_name\" content=\"O Itaperunense\" \/>\n<meta property=\"article:publisher\" content=\"https:\/\/www.facebook.com\/jornaloitaperunense\" \/>\n<meta property=\"article:published_time\" content=\"2022-01-03T19:27:32+00:00\" \/>\n<meta property=\"og:image\" content=\"https:\/\/www.oitaperunense.com.br\/site\/wp-content\/uploads\/2022\/01\/depevat.jpg\" \/>\n\t<meta property=\"og:image:width\" content=\"700\" \/>\n\t<meta property=\"og:image:height\" content=\"419\" \/>\n\t<meta property=\"og:image:type\" content=\"image\/jpeg\" \/>\n<meta name=\"author\" content=\"Andr\u00e9\" \/>\n<meta name=\"twitter:card\" content=\"summary_large_image\" \/>\n<meta name=\"twitter:label1\" content=\"Escrito por\" \/>\n\t<meta name=\"twitter:data1\" content=\"Andr\u00e9\" \/>\n\t<meta name=\"twitter:label2\" content=\"Est. tempo de leitura\" \/>\n\t<meta name=\"twitter:data2\" content=\"2 minutos\" \/>\n<script type=\"application\/ld+json\" class=\"yoast-schema-graph\">{\"@context\":\"https:\/\/schema.org\",\"@graph\":[{\"@type\":\"WebPage\",\"@id\":\"https:\/\/www.oitaperunense.com.br\/site\/brasil-motorista-nao-pagara-dpvat-pelo-segundo-ano-seguido\/\",\"url\":\"https:\/\/www.oitaperunense.com.br\/site\/brasil-motorista-nao-pagara-dpvat-pelo-segundo-ano-seguido\/\",\"name\":\"Brasil: Motorista n\u00e3o pagar\u00e1 DPVAT pelo segundo ano seguido - O Itaperunense\",\"isPartOf\":{\"@id\":\"https:\/\/www.oitaperunense.com.br\/site\/#website\"},\"datePublished\":\"2022-01-03T19:27:32+00:00\",\"dateModified\":\"2022-01-03T19:27:32+00:00\",\"author\":{\"@id\":\"https:\/\/www.oitaperunense.com.br\/site\/#\/schema\/person\/4a5b86c112157bc0a4492f4fd6b7939f\"},\"breadcrumb\":{\"@id\":\"https:\/\/www.oitaperunense.com.br\/site\/brasil-motorista-nao-pagara-dpvat-pelo-segundo-ano-seguido\/#breadcrumb\"},\"inLanguage\":\"pt-BR\",\"potentialAction\":[{\"@type\":\"ReadAction\",\"target\":[\"https:\/\/www.oitaperunense.com.br\/site\/brasil-motorista-nao-pagara-dpvat-pelo-segundo-ano-seguido\/\"]}]},{\"@type\":\"BreadcrumbList\",\"@id\":\"https:\/\/www.oitaperunense.com.br\/site\/brasil-motorista-nao-pagara-dpvat-pelo-segundo-ano-seguido\/#breadcrumb\",\"itemListElement\":[{\"@type\":\"ListItem\",\"position\":1,\"name\":\"Home\",\"item\":\"https:\/\/www.oitaperunense.com.br\/site\/\"},{\"@type\":\"ListItem\",\"position\":2,\"name\":\"Brasil: Motorista n\u00e3o pagar\u00e1 DPVAT pelo segundo ano seguido\"}]},{\"@type\":\"WebSite\",\"@id\":\"https:\/\/www.oitaperunense.com.br\/site\/#website\",\"url\":\"https:\/\/www.oitaperunense.com.br\/site\/\",\"name\":\"O Itaperunense\",\"description\":\"\",\"potentialAction\":[{\"@type\":\"SearchAction\",\"target\":{\"@type\":\"EntryPoint\",\"urlTemplate\":\"https:\/\/www.oitaperunense.com.br\/site\/?s={search_term_string}\"},\"query-input\":\"required name=search_term_string\"}],\"inLanguage\":\"pt-BR\"},{\"@type\":\"Person\",\"@id\":\"https:\/\/www.oitaperunense.com.br\/site\/#\/schema\/person\/4a5b86c112157bc0a4492f4fd6b7939f\",\"name\":\"Andr\u00e9\",\"image\":{\"@type\":\"ImageObject\",\"inLanguage\":\"pt-BR\",\"@id\":\"https:\/\/www.oitaperunense.com.br\/site\/#\/schema\/person\/image\/\",\"url\":\"https:\/\/secure.gravatar.com\/avatar\/7a7a912ec2c8cd6a390040b03329ee7a71bbd5f81ac3557b6a68208f263fc97b?s=96&d=mm&r=g\",\"contentUrl\":\"https:\/\/secure.gravatar.com\/avatar\/7a7a912ec2c8cd6a390040b03329ee7a71bbd5f81ac3557b6a68208f263fc97b?s=96&d=mm&r=g\",\"caption\":\"Andr\u00e9\"},\"url\":\"https:\/\/www.oitaperunense.com.br\/site\/author\/andre\/\"}]}<\/script>\n<!-- \/ Yoast SEO plugin. -->","yoast_head_json":{"title":"Brasil: Motorista n\u00e3o pagar\u00e1 DPVAT pelo segundo ano seguido - O Itaperunense","robots":{"index":"index","follow":"follow","max-snippet":"max-snippet:-1","max-image-preview":"max-image-preview:large","max-video-preview":"max-video-preview:-1"},"canonical":"https:\/\/www.oitaperunense.com.br\/site\/brasil-motorista-nao-pagara-dpvat-pelo-segundo-ano-seguido\/","og_locale":"pt_BR","og_type":"article","og_title":"Brasil: Motorista n\u00e3o pagar\u00e1 DPVAT pelo segundo ano seguido - O Itaperunense","og_description":"Excedente de recursos cobrir\u00e1 indeniza\u00e7\u00f5es em 2022 Pelo segundo ano seguido, os motoristas ficar\u00e3o isentos de pagar o Seguro Obrigat\u00f3rio de Danos Pessoais Causados por Ve\u00edculos (DPVAT). A medida foi aprovada no \u00faltimo dia 17 de dezembro de 2021 pelo Conselho Nacional de Seguros Privados (CNSP), \u00f3rg\u00e3o vinculado ao Minist\u00e9rio da Economia. Segundo o CNSP, [&hellip;]","og_url":"https:\/\/www.oitaperunense.com.br\/site\/brasil-motorista-nao-pagara-dpvat-pelo-segundo-ano-seguido\/","og_site_name":"O Itaperunense","article_publisher":"https:\/\/www.facebook.com\/jornaloitaperunense","article_published_time":"2022-01-03T19:27:32+00:00","og_image":[{"width":700,"height":419,"url":"https:\/\/www.oitaperunense.com.br\/site\/wp-content\/uploads\/2022\/01\/depevat.jpg","type":"image\/jpeg"}],"author":"Andr\u00e9","twitter_card":"summary_large_image","twitter_misc":{"Escrito por":"Andr\u00e9","Est. tempo de leitura":"2 minutos"},"schema":{"@context":"https:\/\/schema.org","@graph":[{"@type":"WebPage","@id":"https:\/\/www.oitaperunense.com.br\/site\/brasil-motorista-nao-pagara-dpvat-pelo-segundo-ano-seguido\/","url":"https:\/\/www.oitaperunense.com.br\/site\/brasil-motorista-nao-pagara-dpvat-pelo-segundo-ano-seguido\/","name":"Brasil: Motorista n\u00e3o pagar\u00e1 DPVAT pelo segundo ano seguido - O Itaperunense","isPartOf":{"@id":"https:\/\/www.oitaperunense.com.br\/site\/#website"},"datePublished":"2022-01-03T19:27:32+00:00","dateModified":"2022-01-03T19:27:32+00:00","author":{"@id":"https:\/\/www.oitaperunense.com.br\/site\/#\/schema\/person\/4a5b86c112157bc0a4492f4fd6b7939f"},"breadcrumb":{"@id":"https:\/\/www.oitaperunense.com.br\/site\/brasil-motorista-nao-pagara-dpvat-pelo-segundo-ano-seguido\/#breadcrumb"},"inLanguage":"pt-BR","potentialAction":[{"@type":"ReadAction","target":["https:\/\/www.oitaperunense.com.br\/site\/brasil-motorista-nao-pagara-dpvat-pelo-segundo-ano-seguido\/"]}]},{"@type":"BreadcrumbList","@id":"https:\/\/www.oitaperunense.com.br\/site\/brasil-motorista-nao-pagara-dpvat-pelo-segundo-ano-seguido\/#breadcrumb","itemListElement":[{"@type":"ListItem","position":1,"name":"Home","item":"https:\/\/www.oitaperunense.com.br\/site\/"},{"@type":"ListItem","position":2,"name":"Brasil: Motorista n\u00e3o pagar\u00e1 DPVAT pelo segundo ano seguido"}]},{"@type":"WebSite","@id":"https:\/\/www.oitaperunense.com.br\/site\/#website","url":"https:\/\/www.oitaperunense.com.br\/site\/","name":"O Itaperunense","description":"","potentialAction":[{"@type":"SearchAction","target":{"@type":"EntryPoint","urlTemplate":"https:\/\/www.oitaperunense.com.br\/site\/?s={search_term_string}"},"query-input":"required name=search_term_string"}],"inLanguage":"pt-BR"},{"@type":"Person","@id":"https:\/\/www.oitaperunense.com.br\/site\/#\/schema\/person\/4a5b86c112157bc0a4492f4fd6b7939f","name":"Andr\u00e9","image":{"@type":"ImageObject","inLanguage":"pt-BR","@id":"https:\/\/www.oitaperunense.com.br\/site\/#\/schema\/person\/image\/","url":"https:\/\/secure.gravatar.com\/avatar\/7a7a912ec2c8cd6a390040b03329ee7a71bbd5f81ac3557b6a68208f263fc97b?s=96&d=mm&r=g","contentUrl":"https:\/\/secure.gravatar.com\/avatar\/7a7a912ec2c8cd6a390040b03329ee7a71bbd5f81ac3557b6a68208f263fc97b?s=96&d=mm&r=g","caption":"Andr\u00e9"},"url":"https:\/\/www.oitaperunense.com.br\/site\/author\/andre\/"}]}},"cc_featured_image_caption":{"caption_text":"","source_text":"","source_url":""},"_links":{"self":[{"href":"https:\/\/www.oitaperunense.com.br\/site\/wp-json\/wp\/v2\/posts\/387724","targetHints":{"allow":["GET"]}}],"collection":[{"href":"https:\/\/www.oitaperunense.com.br\/site\/wp-json\/wp\/v2\/posts"}],"about":[{"href":"https:\/\/www.oitaperunense.com.br\/site\/wp-json\/wp\/v2\/types\/post"}],"author":[{"embeddable":true,"href":"https:\/\/www.oitaperunense.com.br\/site\/wp-json\/wp\/v2\/users\/19"}],"replies":[{"embeddable":true,"href":"https:\/\/www.oitaperunense.com.br\/site\/wp-json\/wp\/v2\/comments?post=387724"}],"version-history":[{"count":2,"href":"https:\/\/www.oitaperunense.com.br\/site\/wp-json\/wp\/v2\/posts\/387724\/revisions"}],"predecessor-version":[{"id":387727,"href":"https:\/\/www.oitaperunense.com.br\/site\/wp-json\/wp\/v2\/posts\/387724\/revisions\/387727"}],"wp:featuredmedia":[{"embeddable":true,"href":"https:\/\/www.oitaperunense.com.br\/site\/wp-json\/wp\/v2\/media\/387725"}],"wp:attachment":[{"href":"https:\/\/www.oitaperunense.com.br\/site\/wp-json\/wp\/v2\/media?parent=387724"}],"wp:term":[{"taxonomy":"category","embeddable":true,"href":"https:\/\/www.oitaperunense.com.br\/site\/wp-json\/wp\/v2\/categories?post=387724"},{"taxonomy":"post_tag","embeddable":true,"href":"https:\/\/www.oitaperunense.com.br\/site\/wp-json\/wp\/v2\/tags?post=387724"}],"curies":[{"name":"wp","href":"https:\/\/api.w.org\/{rel}","templated":true}]}}