{"id":387720,"date":"2022-01-03T16:13:02","date_gmt":"2022-01-03T19:13:02","guid":{"rendered":"http:\/\/www.oitaperunense.com.br\/site\/?p=387720"},"modified":"2022-01-03T16:13:34","modified_gmt":"2022-01-03T19:13:34","slug":"uerj-inscricao-para-professores-em-cursos-de-graduacao-acaba-na-quarta-5","status":"publish","type":"post","link":"https:\/\/www.oitaperunense.com.br\/site\/uerj-inscricao-para-professores-em-cursos-de-graduacao-acaba-na-quarta-5\/","title":{"rendered":"Uerj: inscri\u00e7\u00e3o para professores em cursos de gradua\u00e7\u00e3o acaba na quarta, 5"},"content":{"rendered":"<p style=\"text-align: justify;\">Terminam nesta quarta-feira, dia 5, as inscri\u00e7\u00f5es do processo de sele\u00e7\u00e3o especial para professores das redes p\u00fablicas municipais cursarem licenciatura na Faculdade de Educa\u00e7\u00e3o da Baixada Fluminense (FEBF) e na Faculdade de Forma\u00e7\u00e3o de Professores (FFP) da Universidade do Estado do Rio de Janeiro (Uerj). O concurso \u00e9 resultado de conv\u00eanio firmado pela Uerj com as prefeituras de S\u00e3o Gon\u00e7alo, Itabora\u00ed, Duque de Caxias e S\u00e3o Jo\u00e3o de Meriti. As inscri\u00e7\u00f5es devem ser feitas pelo site do Centro de Produ\u00e7\u00e3o da Uerj.<\/p>\n<p style=\"text-align: justify;\"><!--more--><\/p>\n<p style=\"text-align: justify;\">Podem se candidatar professores das redes p\u00fablicas municipais de educa\u00e7\u00e3o b\u00e1sica das cidades conveniadas, admitidos por concurso p\u00fablico, que tenham cumprido pelo menos tr\u00eas anos de exerc\u00edcio da profiss\u00e3o e n\u00e3o possuam diploma de gradua\u00e7\u00e3o. Para a FEBF, campus da Uerj em Caxias, a oferta \u00e9 de 100 vagas nos cursos de Pedagogia, Geografia e Matem\u00e1tica. J\u00e1 para a FFP, em S\u00e3o Gon\u00e7alo, s\u00e3o 88 vagas distribu\u00eddas entre Pedagogia, Ci\u00eancias Biol\u00f3gicas, Geografia, Hist\u00f3ria, Letras e Matem\u00e1tica.<\/p>\n<p style=\"text-align: justify;\">Todos os candidatos que atendam aos pr\u00e9-requisitos, comprovados por meio de documenta\u00e7\u00e3o apresentada na matr\u00edcula, ter\u00e3o direito ao preenchimento das vagas oferecidas. Caso o n\u00famero de inscritos seja superior ao n\u00famero de vagas, haver\u00e1 um sorteio p\u00fablico, previsto para 10 de janeiro. Os aprovados come\u00e7am as aulas no pr\u00f3ximo semestre letivo (2021.2), a partir de 2 de fevereiro.<\/p>\n<p style=\"text-align: justify;\">&#8211; O objetivo \u00e9 disponibilizar vagas remanescentes da Universidade para esses professores que j\u00e1 passaram por concursos p\u00fablicos nas redes e que j\u00e1 foram testados do ponto de vista de seu conhecimento. Vale ressaltar que esta iniciativa em nada prejudica as vagas regulares no vestibular. Portanto, o que fazemos \u00e9 uma oferta de vagas em conv\u00eanio para que esses professores e professoras continuem sua forma\u00e7\u00e3o por meio da gradua\u00e7\u00e3o &#8211; explica Lincoln Tavares, pr\u00f3-reitor de Gradua\u00e7\u00e3o da Uerj.<\/p>\n<p style=\"text-align: justify;\">O processo est\u00e1 garantido com base na autonomia da Universidade e na legisla\u00e7\u00e3o (Lei n\u00ba 13.478\/2017), que permite esse tipo de acesso especial de professores da rede p\u00fablica visando \u00e0 sua forma\u00e7\u00e3o inicial \u2013 a primeira gradua\u00e7\u00e3o \u2013 contribuindo, assim, para o processo educacional das diferentes redes e sistemas.<\/p>\n<p style=\"text-align: justify;\">Tavares refor\u00e7a que a participa\u00e7\u00e3o no processo de ingresso no curso superior n\u00e3o \u00e9 obrigat\u00f3ria para nenhum professor da rede, mas constitui uma oportunidade \u00e0queles que querem continuar a aprimorar sua qualifica\u00e7\u00e3o.<\/p>\n<p style=\"text-align: justify;\">&#8211; Esse poder de indu\u00e7\u00e3o acaba, ao longo do tempo, afetando outros colegas que tamb\u00e9m atuam nas redes municipais.<\/p>\n<p style=\"text-align: justify;\">O professor Lincoln de Ara\u00fajo Santos, diretor da FEBF, assinala que a pol\u00edtica de interioriza\u00e7\u00e3o da unidade passa hoje por uma aproxima\u00e7\u00e3o junto \u00e0s prefeituras da Baixada Fluminense.<\/p>\n<p style=\"text-align: justify;\">&#8211; A voca\u00e7\u00e3o extensionista da Uerj e, em especial, do campus sediado em Duque de Caxias, acentua a import\u00e2ncia dessa rela\u00e7\u00e3o com os governos municipais e suas comunidades educacionais. Dessa forma, Uerj e FEBF somam-se ao desenvolvimento de pol\u00edticas p\u00fablicas em regi\u00f5es que necessitam da presen\u00e7a das a\u00e7\u00f5es educacionais e de promo\u00e7\u00e3o social.<\/p>\n<p style=\"text-align: justify;\">O diretor da FEBF lembra que a unidade vem firmando conv\u00eanios com as prefeituras de S\u00e3o Jo\u00e3o de Meriti, Duque de Caxias, Guapimirim e Mag\u00e9, dentre outras, consolidando um campo de atua\u00e7\u00e3o nas \u00e1reas de forma\u00e7\u00e3o continuada aos docentes das redes p\u00fablicas municipais nas \u00e1reas de Pedagogia, Matem\u00e1tica e Geografia.<\/p>\n<p style=\"text-align: justify;\">Ana Maria Santiago, diretora da FFP, acrescentou:<\/p>\n<p style=\"text-align: justify;\">&#8211; Considerando que a forma\u00e7\u00e3o continuada \u00e9 uma obriga\u00e7\u00e3o do Estado, \u00e9 fundamental que as unidades da Uerj, como universidade p\u00fablica, mantenham uma profunda interliga\u00e7\u00e3o com as redes de ensino estadual ou municipal. No nosso caso, a esfera de influ\u00eancia \u00e9 a regi\u00e3o de S\u00e3o Gon\u00e7alo, Itabora\u00ed, Rio Bonito, Tangu\u00e1 e Maric\u00e1 \u2013 disse ela.<\/p>\n<p style=\"text-align: justify;\"><strong><em>Observa\u00e7\u00e3o: foto feita antes da pandemia<\/em><\/strong><\/p>\n","protected":false},"excerpt":{"rendered":"<p>Terminam nesta quarta-feira, dia 5, as inscri\u00e7\u00f5es do processo de sele\u00e7\u00e3o especial para professores das redes p\u00fablicas municipais cursarem licenciatura na Faculdade de Educa\u00e7\u00e3o da Baixada Fluminense (FEBF) e na Faculdade de Forma\u00e7\u00e3o de Professores (FFP) da Universidade do Estado do Rio de Janeiro (Uerj). O concurso \u00e9 resultado de conv\u00eanio firmado pela Uerj com [&hellip;]<\/p>\n","protected":false},"author":19,"featured_media":387721,"comment_status":"open","ping_status":"closed","sticky":false,"template":"","format":"standard","meta":{"ngg_post_thumbnail":0,"footnotes":""},"categories":[78],"tags":[],"class_list":["post-387720","post","type-post","status-publish","format-standard","has-post-thumbnail","hentry","category-rj"],"yoast_head":"<!-- This site is optimized with the Yoast SEO plugin v20.11 - https:\/\/yoast.com\/wordpress\/plugins\/seo\/ -->\n<title>Uerj: inscri\u00e7\u00e3o para professores em cursos de gradua\u00e7\u00e3o acaba na quarta, 5 - O Itaperunense<\/title>\n<meta name=\"robots\" content=\"index, follow, max-snippet:-1, max-image-preview:large, max-video-preview:-1\" \/>\n<link rel=\"canonical\" href=\"https:\/\/www.oitaperunense.com.br\/site\/uerj-inscricao-para-professores-em-cursos-de-graduacao-acaba-na-quarta-5\/\" \/>\n<meta property=\"og:locale\" content=\"pt_BR\" \/>\n<meta property=\"og:type\" content=\"article\" \/>\n<meta property=\"og:title\" content=\"Uerj: inscri\u00e7\u00e3o para professores em cursos de gradua\u00e7\u00e3o acaba na quarta, 5 - O Itaperunense\" \/>\n<meta property=\"og:description\" content=\"Terminam nesta quarta-feira, dia 5, as inscri\u00e7\u00f5es do processo de sele\u00e7\u00e3o especial para professores das redes p\u00fablicas municipais cursarem licenciatura na Faculdade de Educa\u00e7\u00e3o da Baixada Fluminense (FEBF) e na Faculdade de Forma\u00e7\u00e3o de Professores (FFP) da Universidade do Estado do Rio de Janeiro (Uerj). O concurso \u00e9 resultado de conv\u00eanio firmado pela Uerj com [&hellip;]\" \/>\n<meta property=\"og:url\" content=\"https:\/\/www.oitaperunense.com.br\/site\/uerj-inscricao-para-professores-em-cursos-de-graduacao-acaba-na-quarta-5\/\" \/>\n<meta property=\"og:site_name\" content=\"O Itaperunense\" \/>\n<meta property=\"article:publisher\" content=\"https:\/\/www.facebook.com\/jornaloitaperunense\" \/>\n<meta property=\"article:published_time\" content=\"2022-01-03T19:13:02+00:00\" \/>\n<meta property=\"article:modified_time\" content=\"2022-01-03T19:13:34+00:00\" \/>\n<meta property=\"og:image\" content=\"https:\/\/www.oitaperunense.com.br\/site\/wp-content\/uploads\/2022\/01\/seve.jpg\" \/>\n\t<meta property=\"og:image:width\" content=\"700\" \/>\n\t<meta property=\"og:image:height\" content=\"477\" \/>\n\t<meta property=\"og:image:type\" content=\"image\/jpeg\" \/>\n<meta name=\"author\" content=\"Andr\u00e9\" \/>\n<meta name=\"twitter:card\" content=\"summary_large_image\" \/>\n<meta name=\"twitter:label1\" content=\"Escrito por\" \/>\n\t<meta name=\"twitter:data1\" content=\"Andr\u00e9\" \/>\n\t<meta name=\"twitter:label2\" content=\"Est. tempo de leitura\" \/>\n\t<meta name=\"twitter:data2\" content=\"3 minutos\" \/>\n<script type=\"application\/ld+json\" class=\"yoast-schema-graph\">{\"@context\":\"https:\/\/schema.org\",\"@graph\":[{\"@type\":\"WebPage\",\"@id\":\"https:\/\/www.oitaperunense.com.br\/site\/uerj-inscricao-para-professores-em-cursos-de-graduacao-acaba-na-quarta-5\/\",\"url\":\"https:\/\/www.oitaperunense.com.br\/site\/uerj-inscricao-para-professores-em-cursos-de-graduacao-acaba-na-quarta-5\/\",\"name\":\"Uerj: inscri\u00e7\u00e3o para professores em cursos de gradua\u00e7\u00e3o acaba na quarta, 5 - O Itaperunense\",\"isPartOf\":{\"@id\":\"https:\/\/www.oitaperunense.com.br\/site\/#website\"},\"datePublished\":\"2022-01-03T19:13:02+00:00\",\"dateModified\":\"2022-01-03T19:13:34+00:00\",\"author\":{\"@id\":\"https:\/\/www.oitaperunense.com.br\/site\/#\/schema\/person\/4a5b86c112157bc0a4492f4fd6b7939f\"},\"breadcrumb\":{\"@id\":\"https:\/\/www.oitaperunense.com.br\/site\/uerj-inscricao-para-professores-em-cursos-de-graduacao-acaba-na-quarta-5\/#breadcrumb\"},\"inLanguage\":\"pt-BR\",\"potentialAction\":[{\"@type\":\"ReadAction\",\"target\":[\"https:\/\/www.oitaperunense.com.br\/site\/uerj-inscricao-para-professores-em-cursos-de-graduacao-acaba-na-quarta-5\/\"]}]},{\"@type\":\"BreadcrumbList\",\"@id\":\"https:\/\/www.oitaperunense.com.br\/site\/uerj-inscricao-para-professores-em-cursos-de-graduacao-acaba-na-quarta-5\/#breadcrumb\",\"itemListElement\":[{\"@type\":\"ListItem\",\"position\":1,\"name\":\"Home\",\"item\":\"https:\/\/www.oitaperunense.com.br\/site\/\"},{\"@type\":\"ListItem\",\"position\":2,\"name\":\"Uerj: inscri\u00e7\u00e3o para professores em cursos de gradua\u00e7\u00e3o acaba na quarta, 5\"}]},{\"@type\":\"WebSite\",\"@id\":\"https:\/\/www.oitaperunense.com.br\/site\/#website\",\"url\":\"https:\/\/www.oitaperunense.com.br\/site\/\",\"name\":\"O Itaperunense\",\"description\":\"\",\"potentialAction\":[{\"@type\":\"SearchAction\",\"target\":{\"@type\":\"EntryPoint\",\"urlTemplate\":\"https:\/\/www.oitaperunense.com.br\/site\/?s={search_term_string}\"},\"query-input\":\"required name=search_term_string\"}],\"inLanguage\":\"pt-BR\"},{\"@type\":\"Person\",\"@id\":\"https:\/\/www.oitaperunense.com.br\/site\/#\/schema\/person\/4a5b86c112157bc0a4492f4fd6b7939f\",\"name\":\"Andr\u00e9\",\"image\":{\"@type\":\"ImageObject\",\"inLanguage\":\"pt-BR\",\"@id\":\"https:\/\/www.oitaperunense.com.br\/site\/#\/schema\/person\/image\/\",\"url\":\"https:\/\/secure.gravatar.com\/avatar\/7a7a912ec2c8cd6a390040b03329ee7a71bbd5f81ac3557b6a68208f263fc97b?s=96&d=mm&r=g\",\"contentUrl\":\"https:\/\/secure.gravatar.com\/avatar\/7a7a912ec2c8cd6a390040b03329ee7a71bbd5f81ac3557b6a68208f263fc97b?s=96&d=mm&r=g\",\"caption\":\"Andr\u00e9\"},\"url\":\"https:\/\/www.oitaperunense.com.br\/site\/author\/andre\/\"}]}<\/script>\n<!-- \/ Yoast SEO plugin. -->","yoast_head_json":{"title":"Uerj: inscri\u00e7\u00e3o para professores em cursos de gradua\u00e7\u00e3o acaba na quarta, 5 - O Itaperunense","robots":{"index":"index","follow":"follow","max-snippet":"max-snippet:-1","max-image-preview":"max-image-preview:large","max-video-preview":"max-video-preview:-1"},"canonical":"https:\/\/www.oitaperunense.com.br\/site\/uerj-inscricao-para-professores-em-cursos-de-graduacao-acaba-na-quarta-5\/","og_locale":"pt_BR","og_type":"article","og_title":"Uerj: inscri\u00e7\u00e3o para professores em cursos de gradua\u00e7\u00e3o acaba na quarta, 5 - O Itaperunense","og_description":"Terminam nesta quarta-feira, dia 5, as inscri\u00e7\u00f5es do processo de sele\u00e7\u00e3o especial para professores das redes p\u00fablicas municipais cursarem licenciatura na Faculdade de Educa\u00e7\u00e3o da Baixada Fluminense (FEBF) e na Faculdade de Forma\u00e7\u00e3o de Professores (FFP) da Universidade do Estado do Rio de Janeiro (Uerj). O concurso \u00e9 resultado de conv\u00eanio firmado pela Uerj com [&hellip;]","og_url":"https:\/\/www.oitaperunense.com.br\/site\/uerj-inscricao-para-professores-em-cursos-de-graduacao-acaba-na-quarta-5\/","og_site_name":"O Itaperunense","article_publisher":"https:\/\/www.facebook.com\/jornaloitaperunense","article_published_time":"2022-01-03T19:13:02+00:00","article_modified_time":"2022-01-03T19:13:34+00:00","og_image":[{"width":700,"height":477,"url":"https:\/\/www.oitaperunense.com.br\/site\/wp-content\/uploads\/2022\/01\/seve.jpg","type":"image\/jpeg"}],"author":"Andr\u00e9","twitter_card":"summary_large_image","twitter_misc":{"Escrito por":"Andr\u00e9","Est. tempo de leitura":"3 minutos"},"schema":{"@context":"https:\/\/schema.org","@graph":[{"@type":"WebPage","@id":"https:\/\/www.oitaperunense.com.br\/site\/uerj-inscricao-para-professores-em-cursos-de-graduacao-acaba-na-quarta-5\/","url":"https:\/\/www.oitaperunense.com.br\/site\/uerj-inscricao-para-professores-em-cursos-de-graduacao-acaba-na-quarta-5\/","name":"Uerj: inscri\u00e7\u00e3o para professores em cursos de gradua\u00e7\u00e3o acaba na quarta, 5 - O Itaperunense","isPartOf":{"@id":"https:\/\/www.oitaperunense.com.br\/site\/#website"},"datePublished":"2022-01-03T19:13:02+00:00","dateModified":"2022-01-03T19:13:34+00:00","author":{"@id":"https:\/\/www.oitaperunense.com.br\/site\/#\/schema\/person\/4a5b86c112157bc0a4492f4fd6b7939f"},"breadcrumb":{"@id":"https:\/\/www.oitaperunense.com.br\/site\/uerj-inscricao-para-professores-em-cursos-de-graduacao-acaba-na-quarta-5\/#breadcrumb"},"inLanguage":"pt-BR","potentialAction":[{"@type":"ReadAction","target":["https:\/\/www.oitaperunense.com.br\/site\/uerj-inscricao-para-professores-em-cursos-de-graduacao-acaba-na-quarta-5\/"]}]},{"@type":"BreadcrumbList","@id":"https:\/\/www.oitaperunense.com.br\/site\/uerj-inscricao-para-professores-em-cursos-de-graduacao-acaba-na-quarta-5\/#breadcrumb","itemListElement":[{"@type":"ListItem","position":1,"name":"Home","item":"https:\/\/www.oitaperunense.com.br\/site\/"},{"@type":"ListItem","position":2,"name":"Uerj: inscri\u00e7\u00e3o para professores em cursos de gradua\u00e7\u00e3o acaba na quarta, 5"}]},{"@type":"WebSite","@id":"https:\/\/www.oitaperunense.com.br\/site\/#website","url":"https:\/\/www.oitaperunense.com.br\/site\/","name":"O Itaperunense","description":"","potentialAction":[{"@type":"SearchAction","target":{"@type":"EntryPoint","urlTemplate":"https:\/\/www.oitaperunense.com.br\/site\/?s={search_term_string}"},"query-input":"required name=search_term_string"}],"inLanguage":"pt-BR"},{"@type":"Person","@id":"https:\/\/www.oitaperunense.com.br\/site\/#\/schema\/person\/4a5b86c112157bc0a4492f4fd6b7939f","name":"Andr\u00e9","image":{"@type":"ImageObject","inLanguage":"pt-BR","@id":"https:\/\/www.oitaperunense.com.br\/site\/#\/schema\/person\/image\/","url":"https:\/\/secure.gravatar.com\/avatar\/7a7a912ec2c8cd6a390040b03329ee7a71bbd5f81ac3557b6a68208f263fc97b?s=96&d=mm&r=g","contentUrl":"https:\/\/secure.gravatar.com\/avatar\/7a7a912ec2c8cd6a390040b03329ee7a71bbd5f81ac3557b6a68208f263fc97b?s=96&d=mm&r=g","caption":"Andr\u00e9"},"url":"https:\/\/www.oitaperunense.com.br\/site\/author\/andre\/"}]}},"cc_featured_image_caption":{"caption_text":"","source_text":"","source_url":""},"_links":{"self":[{"href":"https:\/\/www.oitaperunense.com.br\/site\/wp-json\/wp\/v2\/posts\/387720","targetHints":{"allow":["GET"]}}],"collection":[{"href":"https:\/\/www.oitaperunense.com.br\/site\/wp-json\/wp\/v2\/posts"}],"about":[{"href":"https:\/\/www.oitaperunense.com.br\/site\/wp-json\/wp\/v2\/types\/post"}],"author":[{"embeddable":true,"href":"https:\/\/www.oitaperunense.com.br\/site\/wp-json\/wp\/v2\/users\/19"}],"replies":[{"embeddable":true,"href":"https:\/\/www.oitaperunense.com.br\/site\/wp-json\/wp\/v2\/comments?post=387720"}],"version-history":[{"count":2,"href":"https:\/\/www.oitaperunense.com.br\/site\/wp-json\/wp\/v2\/posts\/387720\/revisions"}],"predecessor-version":[{"id":387723,"href":"https:\/\/www.oitaperunense.com.br\/site\/wp-json\/wp\/v2\/posts\/387720\/revisions\/387723"}],"wp:featuredmedia":[{"embeddable":true,"href":"https:\/\/www.oitaperunense.com.br\/site\/wp-json\/wp\/v2\/media\/387721"}],"wp:attachment":[{"href":"https:\/\/www.oitaperunense.com.br\/site\/wp-json\/wp\/v2\/media?parent=387720"}],"wp:term":[{"taxonomy":"category","embeddable":true,"href":"https:\/\/www.oitaperunense.com.br\/site\/wp-json\/wp\/v2\/categories?post=387720"},{"taxonomy":"post_tag","embeddable":true,"href":"https:\/\/www.oitaperunense.com.br\/site\/wp-json\/wp\/v2\/tags?post=387720"}],"curies":[{"name":"wp","href":"https:\/\/api.w.org\/{rel}","templated":true}]}}