{"id":387066,"date":"2021-11-25T08:55:22","date_gmt":"2021-11-25T11:55:22","guid":{"rendered":"http:\/\/www.oitaperunense.com.br\/site\/?p=387066"},"modified":"2021-11-25T08:55:22","modified_gmt":"2021-11-25T11:55:22","slug":"saude-cvas-itaperuna-realiza-campanhas-educativas-e-tratamento-com-nebulizadores","status":"publish","type":"post","link":"https:\/\/www.oitaperunense.com.br\/site\/saude-cvas-itaperuna-realiza-campanhas-educativas-e-tratamento-com-nebulizadores\/","title":{"rendered":"Sa\u00fade: CVAS Itaperuna realiza campanhas educativas e tratamento com nebulizadores"},"content":{"rendered":"<p class=\"yiv6631643097MsoNormal\" style=\"text-align: justify;\">A Prefeitura de Itaperuna, atrav\u00e9s da Secretaria Municipal de Sa\u00fade com o apoio da Coordena\u00e7\u00e3o de Vigil\u00e2ncia Ambiental em Sa\u00fade (CVAS) seguem realizando uma s\u00e9rie de a\u00e7\u00f5es de combate ao Aedes aegypti, mosquito transmissor da dengue, chikungunya e zika v\u00edrus; al\u00e9m de campanhas educativas e tratamento com nebulizadores. Na \u00faltima semana, uma das equipes de agentes de endemias, que atuam no Bairro Niter\u00f3i, realizaram a\u00e7\u00e3o de conscientiza\u00e7\u00e3o e preven\u00e7\u00e3o contra o mosquito.<\/p>\n<p><!--more--><\/p>\n<p class=\"yiv6631643097MsoNormal\" style=\"text-align: justify;\">Segundo Adriano Rodrigues, coordenador da CVAS, a a\u00e7\u00e3o foi implementada, devido o \u00edndice de dep\u00f3sitos inserv\u00edveis, encontrados pela equipe que supervisionam os quarteir\u00f5es do bairro.<\/p>\n<p class=\"yiv6631643097MsoNormal\" style=\"text-align: justify;\">\u201cEssas a\u00e7\u00f5es consistem em visitas a todos os im\u00f3veis, com distribui\u00e7\u00f5es de folders, mensagens educativas e orienta\u00e7\u00e3o para os moradores de como em 10 minutos, \u00e9 poss\u00edvel inspecionar suas casas em busca de dep\u00f3sitos que possam servir de criadouros para as f\u00eameas do mosquito e assim elimin\u00e1-los\u201d, explica o coordenador.<\/p>\n<p><img loading=\"lazy\" decoding=\"async\" class=\"alignnone size-full wp-image-387068 aligncenter\" src=\"https:\/\/www.oitaperunense.com.br\/site\/wp-content\/uploads\/2021\/11\/NEB2.jpg\" alt=\"\" width=\"700\" height=\"419\" srcset=\"https:\/\/www.oitaperunense.com.br\/site\/wp-content\/uploads\/2021\/11\/NEB2.jpg 700w, https:\/\/www.oitaperunense.com.br\/site\/wp-content\/uploads\/2021\/11\/NEB2-300x180.jpg 300w\" sizes=\"auto, (max-width: 700px) 100vw, 700px\" \/><\/p>\n<p class=\"yiv6631643097MsoNormal\" style=\"text-align: justify;\">Adriano ainda mencionou que para obter \u00eaxito neste trabalho, a colabora\u00e7\u00e3o da popula\u00e7\u00e3o \u00e9 fundamental para evitar a prolifera\u00e7\u00e3o das larvas.<\/p>\n<p><img loading=\"lazy\" decoding=\"async\" class=\"alignnone size-full wp-image-387070 aligncenter\" src=\"https:\/\/www.oitaperunense.com.br\/site\/wp-content\/uploads\/2021\/11\/NEB4.jpg\" alt=\"\" width=\"700\" height=\"525\" srcset=\"https:\/\/www.oitaperunense.com.br\/site\/wp-content\/uploads\/2021\/11\/NEB4.jpg 700w, https:\/\/www.oitaperunense.com.br\/site\/wp-content\/uploads\/2021\/11\/NEB4-300x225.jpg 300w\" sizes=\"auto, (max-width: 700px) 100vw, 700px\" \/><\/p>\n<p class=\"yiv6631643097MsoNormal\" style=\"text-align: justify;\">\u201cAs equipes de agentes de endemias est\u00e3o em todos os bairros para atender os moradores. Por isso, pedimos a colabora\u00e7\u00e3o de toda a popula\u00e7\u00e3o para evitarmos uma nova epidemia em nossa cidade. Moradores que n\u00e3o permanecem em casa para receber as equipes podem agendar uma visita\u201d, finaliza o coordenador.<\/p>\n<p><img loading=\"lazy\" decoding=\"async\" class=\"alignnone size-full wp-image-387069 aligncenter\" src=\"https:\/\/www.oitaperunense.com.br\/site\/wp-content\/uploads\/2021\/11\/NEB3.jpg\" alt=\"\" width=\"700\" height=\"422\" srcset=\"https:\/\/www.oitaperunense.com.br\/site\/wp-content\/uploads\/2021\/11\/NEB3.jpg 700w, https:\/\/www.oitaperunense.com.br\/site\/wp-content\/uploads\/2021\/11\/NEB3-300x181.jpg 300w\" sizes=\"auto, (max-width: 700px) 100vw, 700px\" \/><\/p>\n<p class=\"yiv6631643097MsoNormal\" style=\"text-align: justify;\"><b>TRATAMENTO COM NEBULIZADORES<\/b><\/p>\n<p class=\"yiv6631643097MsoNormal\" style=\"text-align: justify;\">Al\u00e9m do apoio das equipes inspecionando as moradias, outro aliado nesta guerra contra o Aedes aegypti, s\u00e3o os tratamentos com m\u00e1quinas de nebuliza\u00e7\u00e3o.&nbsp; Desde o in\u00edcio deste ano, j\u00e1 foram realizadas mais de 150 opera\u00e7\u00f5es de nebuliza\u00e7\u00e3o, seja com m\u00e1quinas manuais costais ou mesmo acopladas em ve\u00edculos, sempre voltados para o controle e elimina\u00e7\u00e3o dos mosquitos em \u00e1reas externas. A nebuliza\u00e7\u00e3o elimina o mosquito transmissor da dengue, assim como o culex, na fase adulta. Dados atualizados, mostram que houve decr\u00e9scimo de notifica\u00e7\u00f5es de arboviroses nos dois \u00faltimos meses, um resultado positivo para a popula\u00e7\u00e3o de Itaperuna.<\/p>\n<p class=\"yiv6631643097MsoNormal\" style=\"text-align: justify;\">Para outras informa\u00e7\u00f5es, solicita\u00e7\u00e3o de atendimento espec\u00edfico, dentre outras quest\u00f5es relacionadas ao setor, dirija-se \u00e0 Vigil\u00e2ncia Ambiental em Sa\u00fade (Casa Verde), situada na Rua J\u00falio C\u00e9sar, 99, Centro (em cima da Farmacinha do SUS).<\/p>\n<p class=\"yiv6631643097MsoNormal\" style=\"text-align: justify;\">O e-mail do setor \u2013&nbsp;<a href=\"mailto:cvasitaperuna@gmail.com\" target=\"_blank\" rel=\"nofollow noopener noreferrer\">cvasitaperuna@gmail.com<\/a>&nbsp;\u2013 \u00e9 outra forma de contato. Voc\u00ea ainda pode se dirigir \u00e0 UBS (Unidade B\u00e1sica de Sa\u00fade) mais pr\u00f3xima de sua resid\u00eancia e relatar algum problema ao agente comunit\u00e1rio de sa\u00fade, que ele passar\u00e1 a informa\u00e7\u00e3o \u00e0 Coordena\u00e7\u00e3o da Vigil\u00e2ncia Ambiental em Sa\u00fade.<\/p>\n<p class=\"yiv6631643097MsoNormal\" style=\"text-align: justify;\"><strong>Com informa\u00e7\u00f5es: DECOM\/Itaperuna\/RJ<\/strong><\/p>\n","protected":false},"excerpt":{"rendered":"<p>A Prefeitura de Itaperuna, atrav\u00e9s da Secretaria Municipal de Sa\u00fade com o apoio da Coordena\u00e7\u00e3o de Vigil\u00e2ncia Ambiental em Sa\u00fade (CVAS) seguem realizando uma s\u00e9rie de a\u00e7\u00f5es de combate ao Aedes aegypti, mosquito transmissor da dengue, chikungunya e zika v\u00edrus; al\u00e9m de campanhas educativas e tratamento com nebulizadores. Na \u00faltima semana, uma das equipes de [&hellip;]<\/p>\n","protected":false},"author":19,"featured_media":387067,"comment_status":"open","ping_status":"closed","sticky":false,"template":"","format":"standard","meta":{"ngg_post_thumbnail":0,"footnotes":""},"categories":[113],"tags":[],"class_list":["post-387066","post","type-post","status-publish","format-standard","has-post-thumbnail","hentry","category-saude"],"yoast_head":"<!-- This site is optimized with the Yoast SEO plugin v20.11 - https:\/\/yoast.com\/wordpress\/plugins\/seo\/ -->\n<title>Sa\u00fade: CVAS Itaperuna realiza campanhas educativas e tratamento com nebulizadores - O Itaperunense<\/title>\n<meta name=\"robots\" content=\"index, follow, max-snippet:-1, max-image-preview:large, max-video-preview:-1\" \/>\n<link rel=\"canonical\" href=\"https:\/\/www.oitaperunense.com.br\/site\/saude-cvas-itaperuna-realiza-campanhas-educativas-e-tratamento-com-nebulizadores\/\" \/>\n<meta property=\"og:locale\" content=\"pt_BR\" \/>\n<meta property=\"og:type\" content=\"article\" \/>\n<meta property=\"og:title\" content=\"Sa\u00fade: CVAS Itaperuna realiza campanhas educativas e tratamento com nebulizadores - O Itaperunense\" \/>\n<meta property=\"og:description\" content=\"A Prefeitura de Itaperuna, atrav\u00e9s da Secretaria Municipal de Sa\u00fade com o apoio da Coordena\u00e7\u00e3o de Vigil\u00e2ncia Ambiental em Sa\u00fade (CVAS) seguem realizando uma s\u00e9rie de a\u00e7\u00f5es de combate ao Aedes aegypti, mosquito transmissor da dengue, chikungunya e zika v\u00edrus; al\u00e9m de campanhas educativas e tratamento com nebulizadores. Na \u00faltima semana, uma das equipes de [&hellip;]\" \/>\n<meta property=\"og:url\" content=\"https:\/\/www.oitaperunense.com.br\/site\/saude-cvas-itaperuna-realiza-campanhas-educativas-e-tratamento-com-nebulizadores\/\" \/>\n<meta property=\"og:site_name\" content=\"O Itaperunense\" \/>\n<meta property=\"article:publisher\" content=\"https:\/\/www.facebook.com\/jornaloitaperunense\" \/>\n<meta property=\"article:published_time\" content=\"2021-11-25T11:55:22+00:00\" \/>\n<meta property=\"og:image\" content=\"https:\/\/www.oitaperunense.com.br\/site\/wp-content\/uploads\/2021\/11\/NEB1.jpg\" \/>\n\t<meta property=\"og:image:width\" content=\"700\" \/>\n\t<meta property=\"og:image:height\" content=\"419\" \/>\n\t<meta property=\"og:image:type\" content=\"image\/jpeg\" \/>\n<meta name=\"author\" content=\"Andr\u00e9\" \/>\n<meta name=\"twitter:card\" content=\"summary_large_image\" \/>\n<meta name=\"twitter:label1\" content=\"Escrito por\" \/>\n\t<meta name=\"twitter:data1\" content=\"Andr\u00e9\" \/>\n\t<meta name=\"twitter:label2\" content=\"Est. tempo de leitura\" \/>\n\t<meta name=\"twitter:data2\" content=\"3 minutos\" \/>\n<script type=\"application\/ld+json\" class=\"yoast-schema-graph\">{\"@context\":\"https:\/\/schema.org\",\"@graph\":[{\"@type\":\"WebPage\",\"@id\":\"https:\/\/www.oitaperunense.com.br\/site\/saude-cvas-itaperuna-realiza-campanhas-educativas-e-tratamento-com-nebulizadores\/\",\"url\":\"https:\/\/www.oitaperunense.com.br\/site\/saude-cvas-itaperuna-realiza-campanhas-educativas-e-tratamento-com-nebulizadores\/\",\"name\":\"Sa\u00fade: CVAS Itaperuna realiza campanhas educativas e tratamento com nebulizadores - O Itaperunense\",\"isPartOf\":{\"@id\":\"https:\/\/www.oitaperunense.com.br\/site\/#website\"},\"datePublished\":\"2021-11-25T11:55:22+00:00\",\"dateModified\":\"2021-11-25T11:55:22+00:00\",\"author\":{\"@id\":\"https:\/\/www.oitaperunense.com.br\/site\/#\/schema\/person\/4a5b86c112157bc0a4492f4fd6b7939f\"},\"breadcrumb\":{\"@id\":\"https:\/\/www.oitaperunense.com.br\/site\/saude-cvas-itaperuna-realiza-campanhas-educativas-e-tratamento-com-nebulizadores\/#breadcrumb\"},\"inLanguage\":\"pt-BR\",\"potentialAction\":[{\"@type\":\"ReadAction\",\"target\":[\"https:\/\/www.oitaperunense.com.br\/site\/saude-cvas-itaperuna-realiza-campanhas-educativas-e-tratamento-com-nebulizadores\/\"]}]},{\"@type\":\"BreadcrumbList\",\"@id\":\"https:\/\/www.oitaperunense.com.br\/site\/saude-cvas-itaperuna-realiza-campanhas-educativas-e-tratamento-com-nebulizadores\/#breadcrumb\",\"itemListElement\":[{\"@type\":\"ListItem\",\"position\":1,\"name\":\"Home\",\"item\":\"https:\/\/www.oitaperunense.com.br\/site\/\"},{\"@type\":\"ListItem\",\"position\":2,\"name\":\"Sa\u00fade: CVAS Itaperuna realiza campanhas educativas e tratamento com nebulizadores\"}]},{\"@type\":\"WebSite\",\"@id\":\"https:\/\/www.oitaperunense.com.br\/site\/#website\",\"url\":\"https:\/\/www.oitaperunense.com.br\/site\/\",\"name\":\"O Itaperunense\",\"description\":\"\",\"potentialAction\":[{\"@type\":\"SearchAction\",\"target\":{\"@type\":\"EntryPoint\",\"urlTemplate\":\"https:\/\/www.oitaperunense.com.br\/site\/?s={search_term_string}\"},\"query-input\":\"required name=search_term_string\"}],\"inLanguage\":\"pt-BR\"},{\"@type\":\"Person\",\"@id\":\"https:\/\/www.oitaperunense.com.br\/site\/#\/schema\/person\/4a5b86c112157bc0a4492f4fd6b7939f\",\"name\":\"Andr\u00e9\",\"image\":{\"@type\":\"ImageObject\",\"inLanguage\":\"pt-BR\",\"@id\":\"https:\/\/www.oitaperunense.com.br\/site\/#\/schema\/person\/image\/\",\"url\":\"https:\/\/secure.gravatar.com\/avatar\/7a7a912ec2c8cd6a390040b03329ee7a71bbd5f81ac3557b6a68208f263fc97b?s=96&d=mm&r=g\",\"contentUrl\":\"https:\/\/secure.gravatar.com\/avatar\/7a7a912ec2c8cd6a390040b03329ee7a71bbd5f81ac3557b6a68208f263fc97b?s=96&d=mm&r=g\",\"caption\":\"Andr\u00e9\"},\"url\":\"https:\/\/www.oitaperunense.com.br\/site\/author\/andre\/\"}]}<\/script>\n<!-- \/ Yoast SEO plugin. -->","yoast_head_json":{"title":"Sa\u00fade: CVAS Itaperuna realiza campanhas educativas e tratamento com nebulizadores - O Itaperunense","robots":{"index":"index","follow":"follow","max-snippet":"max-snippet:-1","max-image-preview":"max-image-preview:large","max-video-preview":"max-video-preview:-1"},"canonical":"https:\/\/www.oitaperunense.com.br\/site\/saude-cvas-itaperuna-realiza-campanhas-educativas-e-tratamento-com-nebulizadores\/","og_locale":"pt_BR","og_type":"article","og_title":"Sa\u00fade: CVAS Itaperuna realiza campanhas educativas e tratamento com nebulizadores - O Itaperunense","og_description":"A Prefeitura de Itaperuna, atrav\u00e9s da Secretaria Municipal de Sa\u00fade com o apoio da Coordena\u00e7\u00e3o de Vigil\u00e2ncia Ambiental em Sa\u00fade (CVAS) seguem realizando uma s\u00e9rie de a\u00e7\u00f5es de combate ao Aedes aegypti, mosquito transmissor da dengue, chikungunya e zika v\u00edrus; al\u00e9m de campanhas educativas e tratamento com nebulizadores. Na \u00faltima semana, uma das equipes de [&hellip;]","og_url":"https:\/\/www.oitaperunense.com.br\/site\/saude-cvas-itaperuna-realiza-campanhas-educativas-e-tratamento-com-nebulizadores\/","og_site_name":"O Itaperunense","article_publisher":"https:\/\/www.facebook.com\/jornaloitaperunense","article_published_time":"2021-11-25T11:55:22+00:00","og_image":[{"width":700,"height":419,"url":"https:\/\/www.oitaperunense.com.br\/site\/wp-content\/uploads\/2021\/11\/NEB1.jpg","type":"image\/jpeg"}],"author":"Andr\u00e9","twitter_card":"summary_large_image","twitter_misc":{"Escrito por":"Andr\u00e9","Est. tempo de leitura":"3 minutos"},"schema":{"@context":"https:\/\/schema.org","@graph":[{"@type":"WebPage","@id":"https:\/\/www.oitaperunense.com.br\/site\/saude-cvas-itaperuna-realiza-campanhas-educativas-e-tratamento-com-nebulizadores\/","url":"https:\/\/www.oitaperunense.com.br\/site\/saude-cvas-itaperuna-realiza-campanhas-educativas-e-tratamento-com-nebulizadores\/","name":"Sa\u00fade: CVAS Itaperuna realiza campanhas educativas e tratamento com nebulizadores - O Itaperunense","isPartOf":{"@id":"https:\/\/www.oitaperunense.com.br\/site\/#website"},"datePublished":"2021-11-25T11:55:22+00:00","dateModified":"2021-11-25T11:55:22+00:00","author":{"@id":"https:\/\/www.oitaperunense.com.br\/site\/#\/schema\/person\/4a5b86c112157bc0a4492f4fd6b7939f"},"breadcrumb":{"@id":"https:\/\/www.oitaperunense.com.br\/site\/saude-cvas-itaperuna-realiza-campanhas-educativas-e-tratamento-com-nebulizadores\/#breadcrumb"},"inLanguage":"pt-BR","potentialAction":[{"@type":"ReadAction","target":["https:\/\/www.oitaperunense.com.br\/site\/saude-cvas-itaperuna-realiza-campanhas-educativas-e-tratamento-com-nebulizadores\/"]}]},{"@type":"BreadcrumbList","@id":"https:\/\/www.oitaperunense.com.br\/site\/saude-cvas-itaperuna-realiza-campanhas-educativas-e-tratamento-com-nebulizadores\/#breadcrumb","itemListElement":[{"@type":"ListItem","position":1,"name":"Home","item":"https:\/\/www.oitaperunense.com.br\/site\/"},{"@type":"ListItem","position":2,"name":"Sa\u00fade: CVAS Itaperuna realiza campanhas educativas e tratamento com nebulizadores"}]},{"@type":"WebSite","@id":"https:\/\/www.oitaperunense.com.br\/site\/#website","url":"https:\/\/www.oitaperunense.com.br\/site\/","name":"O Itaperunense","description":"","potentialAction":[{"@type":"SearchAction","target":{"@type":"EntryPoint","urlTemplate":"https:\/\/www.oitaperunense.com.br\/site\/?s={search_term_string}"},"query-input":"required name=search_term_string"}],"inLanguage":"pt-BR"},{"@type":"Person","@id":"https:\/\/www.oitaperunense.com.br\/site\/#\/schema\/person\/4a5b86c112157bc0a4492f4fd6b7939f","name":"Andr\u00e9","image":{"@type":"ImageObject","inLanguage":"pt-BR","@id":"https:\/\/www.oitaperunense.com.br\/site\/#\/schema\/person\/image\/","url":"https:\/\/secure.gravatar.com\/avatar\/7a7a912ec2c8cd6a390040b03329ee7a71bbd5f81ac3557b6a68208f263fc97b?s=96&d=mm&r=g","contentUrl":"https:\/\/secure.gravatar.com\/avatar\/7a7a912ec2c8cd6a390040b03329ee7a71bbd5f81ac3557b6a68208f263fc97b?s=96&d=mm&r=g","caption":"Andr\u00e9"},"url":"https:\/\/www.oitaperunense.com.br\/site\/author\/andre\/"}]}},"cc_featured_image_caption":{"caption_text":"","source_text":"","source_url":""},"_links":{"self":[{"href":"https:\/\/www.oitaperunense.com.br\/site\/wp-json\/wp\/v2\/posts\/387066","targetHints":{"allow":["GET"]}}],"collection":[{"href":"https:\/\/www.oitaperunense.com.br\/site\/wp-json\/wp\/v2\/posts"}],"about":[{"href":"https:\/\/www.oitaperunense.com.br\/site\/wp-json\/wp\/v2\/types\/post"}],"author":[{"embeddable":true,"href":"https:\/\/www.oitaperunense.com.br\/site\/wp-json\/wp\/v2\/users\/19"}],"replies":[{"embeddable":true,"href":"https:\/\/www.oitaperunense.com.br\/site\/wp-json\/wp\/v2\/comments?post=387066"}],"version-history":[{"count":1,"href":"https:\/\/www.oitaperunense.com.br\/site\/wp-json\/wp\/v2\/posts\/387066\/revisions"}],"predecessor-version":[{"id":387071,"href":"https:\/\/www.oitaperunense.com.br\/site\/wp-json\/wp\/v2\/posts\/387066\/revisions\/387071"}],"wp:featuredmedia":[{"embeddable":true,"href":"https:\/\/www.oitaperunense.com.br\/site\/wp-json\/wp\/v2\/media\/387067"}],"wp:attachment":[{"href":"https:\/\/www.oitaperunense.com.br\/site\/wp-json\/wp\/v2\/media?parent=387066"}],"wp:term":[{"taxonomy":"category","embeddable":true,"href":"https:\/\/www.oitaperunense.com.br\/site\/wp-json\/wp\/v2\/categories?post=387066"},{"taxonomy":"post_tag","embeddable":true,"href":"https:\/\/www.oitaperunense.com.br\/site\/wp-json\/wp\/v2\/tags?post=387066"}],"curies":[{"name":"wp","href":"https:\/\/api.w.org\/{rel}","templated":true}]}}