{"id":385990,"date":"2021-09-20T08:57:23","date_gmt":"2021-09-20T11:57:23","guid":{"rendered":"http:\/\/www.oitaperunense.com.br\/site\/?p=385990"},"modified":"2021-09-20T08:57:23","modified_gmt":"2021-09-20T11:57:23","slug":"cristo-redentor-de-itaperuna-ganha-luneta-panoramica-e-tem-wifi-liberado","status":"publish","type":"post","link":"https:\/\/www.oitaperunense.com.br\/site\/cristo-redentor-de-itaperuna-ganha-luneta-panoramica-e-tem-wifi-liberado\/","title":{"rendered":"Cristo Redentor de Itaperuna ganha luneta panor\u00e2mica e tem wifi liberado"},"content":{"rendered":"<p class=\"yiv6299176865MsoNormal\" style=\"text-align: justify;\">Em Itaperuna, RJ, um dos cart\u00f5es postais mais importantes do munic\u00edpio, o monumento ao Cristo Redentor, completou 55 anos este ano. E, como parte das celebra\u00e7\u00f5es, o espa\u00e7o passa a contar com uma luneta panor\u00e2mica, al\u00e9m de&nbsp;<i>wifi<\/i> liberado para visitantes e turistas. Esta \u00e9 uma iniciativa da Secretaria Municipal de Turismo, que vem trabalhando intensamente no desenvolvimento de projetos para alavancar o turismo; bem como atuando na capta\u00e7\u00e3o de novos parceiros. No \u00faltimo s\u00e1bado, 18, o prefeito Alfredo Paulo Marques Rodrigues, Alfred\u00e3o; e o secret\u00e1rio Municipal de Turismo Marcelo Nascimento participaram de evento comemorativo, no local.<\/p>\n<p><!--more--><\/p>\n<p class=\"yiv6299176865MsoNormal\" style=\"text-align: justify;\">Tamb\u00e9m estiveram presentes o secret\u00e1rio Municipal de Governo Murillo Gouv\u00eaa; Marcelo Ferreira, secret\u00e1rio Municipal de Sa\u00fade; o presidente da C\u00e2mara Municipal Sinei \u2018Torresmo\u2019; os vereadores Marquinhos de Retiro, Vivi Dentista, Sargento Cristiane; o padre Lu\u00edz Carlos Amorin; demais autoridades e convidados. &nbsp;&nbsp;<\/p>\n<p class=\"yiv6299176865MsoNormal\" style=\"text-align: justify;\"><b>PARCERIAS<\/b><\/p>\n<p class=\"yiv6299176865MsoNormal\" style=\"text-align: justify;\">Atrav\u00e9s de parceria com a empresa Itanet, baseada na Lei Municipal 771\/2017 &#8211; Adote a Pedra Preta, o monumento cultural e tur\u00edstico passa a contar com sinal de&nbsp;<i>wifi<\/i>&nbsp;liberado para os visitantes. Al\u00e9m disso, o Cristo Redentor tamb\u00e9m ganhou nova sinaliza\u00e7\u00e3o com 33 placas indicando e facilitando o acesso ao local.<\/p>\n<p><img loading=\"lazy\" decoding=\"async\" class=\"alignnone size-full wp-image-385993 aligncenter\" src=\"https:\/\/www.oitaperunense.com.br\/site\/wp-content\/uploads\/2021\/09\/yyyy.jpg\" alt=\"\" width=\"700\" height=\"467\" srcset=\"https:\/\/www.oitaperunense.com.br\/site\/wp-content\/uploads\/2021\/09\/yyyy.jpg 700w, https:\/\/www.oitaperunense.com.br\/site\/wp-content\/uploads\/2021\/09\/yyyy-300x200.jpg 300w\" sizes=\"auto, (max-width: 700px) 100vw, 700px\" \/><\/p>\n<p><img loading=\"lazy\" decoding=\"async\" class=\"alignnone size-full wp-image-385992 aligncenter\" src=\"https:\/\/www.oitaperunense.com.br\/site\/wp-content\/uploads\/2021\/09\/yyy.jpg\" alt=\"\" width=\"700\" height=\"467\" srcset=\"https:\/\/www.oitaperunense.com.br\/site\/wp-content\/uploads\/2021\/09\/yyy.jpg 700w, https:\/\/www.oitaperunense.com.br\/site\/wp-content\/uploads\/2021\/09\/yyy-300x200.jpg 300w\" sizes=\"auto, (max-width: 700px) 100vw, 700px\" \/><\/p>\n<p class=\"yiv6299176865MsoNormal\" style=\"text-align: justify;\">Durante os dias 18 e 19 de setembro, a parceria disponibilizou o Just Dance 2021, que \u00e9 um jogo de ritmo de dan\u00e7a, com entrada franca. No dia 19 teve o desafio FIFA 21, tamb\u00e9m com entrada franca, por\u00e9m, para os participantes do desafio a inscri\u00e7\u00e3o foi gr\u00e1tis para assinantes da Itanet; e R$ 15 reais para n\u00e3o assinantes.<\/p>\n<p class=\"yiv6299176865MsoNormal\" style=\"text-align: justify;\">A Secretaria Municipal de Turismo prima pela valoriza\u00e7\u00e3o do Cristo Redentor. Vale lembrar que, em janeiro, quando o Cristo completou 55 anos, o secret\u00e1rio Marcelo Nascimento mencionou que v\u00e1rias a\u00e7\u00f5es seriam realizadas no ano de 2021. \u201cN\u00f3s queremos transformar o Cristo Redentor em um grande vetor do turismo regional de divulga\u00e7\u00e3o do Noroeste Fluminense que, com os bra\u00e7os abertos, vai abra\u00e7ar Itaperuna e regi\u00e3o\u201d, finaliza o secret\u00e1rio de Turismo.<\/p>\n<p><strong>Com informa\u00e7\u00f5es: DECOM \/Itaperuna\/RJ<\/strong><\/p>\n","protected":false},"excerpt":{"rendered":"<p>Em Itaperuna, RJ, um dos cart\u00f5es postais mais importantes do munic\u00edpio, o monumento ao Cristo Redentor, completou 55 anos este ano. E, como parte das celebra\u00e7\u00f5es, o espa\u00e7o passa a contar com uma luneta panor\u00e2mica, al\u00e9m de&nbsp;wifi liberado para visitantes e turistas. Esta \u00e9 uma iniciativa da Secretaria Municipal de Turismo, que vem trabalhando intensamente [&hellip;]<\/p>\n","protected":false},"author":19,"featured_media":385991,"comment_status":"open","ping_status":"closed","sticky":false,"template":"","format":"standard","meta":{"ngg_post_thumbnail":0,"footnotes":""},"categories":[1],"tags":[],"class_list":["post-385990","post","type-post","status-publish","format-standard","has-post-thumbnail","hentry","category-bairros"],"yoast_head":"<!-- This site is optimized with the Yoast SEO plugin v20.11 - https:\/\/yoast.com\/wordpress\/plugins\/seo\/ -->\n<title>Cristo Redentor de Itaperuna ganha luneta panor\u00e2mica e tem wifi liberado - O Itaperunense<\/title>\n<meta name=\"robots\" content=\"index, follow, max-snippet:-1, max-image-preview:large, max-video-preview:-1\" \/>\n<link rel=\"canonical\" href=\"https:\/\/www.oitaperunense.com.br\/site\/cristo-redentor-de-itaperuna-ganha-luneta-panoramica-e-tem-wifi-liberado\/\" \/>\n<meta property=\"og:locale\" content=\"pt_BR\" \/>\n<meta property=\"og:type\" content=\"article\" \/>\n<meta property=\"og:title\" content=\"Cristo Redentor de Itaperuna ganha luneta panor\u00e2mica e tem wifi liberado - O Itaperunense\" \/>\n<meta property=\"og:description\" content=\"Em Itaperuna, RJ, um dos cart\u00f5es postais mais importantes do munic\u00edpio, o monumento ao Cristo Redentor, completou 55 anos este ano. E, como parte das celebra\u00e7\u00f5es, o espa\u00e7o passa a contar com uma luneta panor\u00e2mica, al\u00e9m de&nbsp;wifi liberado para visitantes e turistas. Esta \u00e9 uma iniciativa da Secretaria Municipal de Turismo, que vem trabalhando intensamente [&hellip;]\" \/>\n<meta property=\"og:url\" content=\"https:\/\/www.oitaperunense.com.br\/site\/cristo-redentor-de-itaperuna-ganha-luneta-panoramica-e-tem-wifi-liberado\/\" \/>\n<meta property=\"og:site_name\" content=\"O Itaperunense\" \/>\n<meta property=\"article:publisher\" content=\"https:\/\/www.facebook.com\/jornaloitaperunense\" \/>\n<meta property=\"article:published_time\" content=\"2021-09-20T11:57:23+00:00\" \/>\n<meta property=\"og:image\" content=\"https:\/\/www.oitaperunense.com.br\/site\/wp-content\/uploads\/2021\/09\/yy.jpg\" \/>\n\t<meta property=\"og:image:width\" content=\"700\" \/>\n\t<meta property=\"og:image:height\" content=\"467\" \/>\n\t<meta property=\"og:image:type\" content=\"image\/jpeg\" \/>\n<meta name=\"author\" content=\"Andr\u00e9\" \/>\n<meta name=\"twitter:card\" content=\"summary_large_image\" \/>\n<meta name=\"twitter:label1\" content=\"Escrito por\" \/>\n\t<meta name=\"twitter:data1\" content=\"Andr\u00e9\" \/>\n\t<meta name=\"twitter:label2\" content=\"Est. tempo de leitura\" \/>\n\t<meta name=\"twitter:data2\" content=\"2 minutos\" \/>\n<script type=\"application\/ld+json\" class=\"yoast-schema-graph\">{\"@context\":\"https:\/\/schema.org\",\"@graph\":[{\"@type\":\"WebPage\",\"@id\":\"https:\/\/www.oitaperunense.com.br\/site\/cristo-redentor-de-itaperuna-ganha-luneta-panoramica-e-tem-wifi-liberado\/\",\"url\":\"https:\/\/www.oitaperunense.com.br\/site\/cristo-redentor-de-itaperuna-ganha-luneta-panoramica-e-tem-wifi-liberado\/\",\"name\":\"Cristo Redentor de Itaperuna ganha luneta panor\u00e2mica e tem wifi liberado - O Itaperunense\",\"isPartOf\":{\"@id\":\"https:\/\/www.oitaperunense.com.br\/site\/#website\"},\"datePublished\":\"2021-09-20T11:57:23+00:00\",\"dateModified\":\"2021-09-20T11:57:23+00:00\",\"author\":{\"@id\":\"https:\/\/www.oitaperunense.com.br\/site\/#\/schema\/person\/4a5b86c112157bc0a4492f4fd6b7939f\"},\"breadcrumb\":{\"@id\":\"https:\/\/www.oitaperunense.com.br\/site\/cristo-redentor-de-itaperuna-ganha-luneta-panoramica-e-tem-wifi-liberado\/#breadcrumb\"},\"inLanguage\":\"pt-BR\",\"potentialAction\":[{\"@type\":\"ReadAction\",\"target\":[\"https:\/\/www.oitaperunense.com.br\/site\/cristo-redentor-de-itaperuna-ganha-luneta-panoramica-e-tem-wifi-liberado\/\"]}]},{\"@type\":\"BreadcrumbList\",\"@id\":\"https:\/\/www.oitaperunense.com.br\/site\/cristo-redentor-de-itaperuna-ganha-luneta-panoramica-e-tem-wifi-liberado\/#breadcrumb\",\"itemListElement\":[{\"@type\":\"ListItem\",\"position\":1,\"name\":\"Home\",\"item\":\"https:\/\/www.oitaperunense.com.br\/site\/\"},{\"@type\":\"ListItem\",\"position\":2,\"name\":\"Cristo Redentor de Itaperuna ganha luneta panor\u00e2mica e tem wifi liberado\"}]},{\"@type\":\"WebSite\",\"@id\":\"https:\/\/www.oitaperunense.com.br\/site\/#website\",\"url\":\"https:\/\/www.oitaperunense.com.br\/site\/\",\"name\":\"O Itaperunense\",\"description\":\"\",\"potentialAction\":[{\"@type\":\"SearchAction\",\"target\":{\"@type\":\"EntryPoint\",\"urlTemplate\":\"https:\/\/www.oitaperunense.com.br\/site\/?s={search_term_string}\"},\"query-input\":\"required name=search_term_string\"}],\"inLanguage\":\"pt-BR\"},{\"@type\":\"Person\",\"@id\":\"https:\/\/www.oitaperunense.com.br\/site\/#\/schema\/person\/4a5b86c112157bc0a4492f4fd6b7939f\",\"name\":\"Andr\u00e9\",\"image\":{\"@type\":\"ImageObject\",\"inLanguage\":\"pt-BR\",\"@id\":\"https:\/\/www.oitaperunense.com.br\/site\/#\/schema\/person\/image\/\",\"url\":\"https:\/\/secure.gravatar.com\/avatar\/7a7a912ec2c8cd6a390040b03329ee7a71bbd5f81ac3557b6a68208f263fc97b?s=96&d=mm&r=g\",\"contentUrl\":\"https:\/\/secure.gravatar.com\/avatar\/7a7a912ec2c8cd6a390040b03329ee7a71bbd5f81ac3557b6a68208f263fc97b?s=96&d=mm&r=g\",\"caption\":\"Andr\u00e9\"},\"url\":\"https:\/\/www.oitaperunense.com.br\/site\/author\/andre\/\"}]}<\/script>\n<!-- \/ Yoast SEO plugin. -->","yoast_head_json":{"title":"Cristo Redentor de Itaperuna ganha luneta panor\u00e2mica e tem wifi liberado - O Itaperunense","robots":{"index":"index","follow":"follow","max-snippet":"max-snippet:-1","max-image-preview":"max-image-preview:large","max-video-preview":"max-video-preview:-1"},"canonical":"https:\/\/www.oitaperunense.com.br\/site\/cristo-redentor-de-itaperuna-ganha-luneta-panoramica-e-tem-wifi-liberado\/","og_locale":"pt_BR","og_type":"article","og_title":"Cristo Redentor de Itaperuna ganha luneta panor\u00e2mica e tem wifi liberado - O Itaperunense","og_description":"Em Itaperuna, RJ, um dos cart\u00f5es postais mais importantes do munic\u00edpio, o monumento ao Cristo Redentor, completou 55 anos este ano. E, como parte das celebra\u00e7\u00f5es, o espa\u00e7o passa a contar com uma luneta panor\u00e2mica, al\u00e9m de&nbsp;wifi liberado para visitantes e turistas. Esta \u00e9 uma iniciativa da Secretaria Municipal de Turismo, que vem trabalhando intensamente [&hellip;]","og_url":"https:\/\/www.oitaperunense.com.br\/site\/cristo-redentor-de-itaperuna-ganha-luneta-panoramica-e-tem-wifi-liberado\/","og_site_name":"O Itaperunense","article_publisher":"https:\/\/www.facebook.com\/jornaloitaperunense","article_published_time":"2021-09-20T11:57:23+00:00","og_image":[{"width":700,"height":467,"url":"https:\/\/www.oitaperunense.com.br\/site\/wp-content\/uploads\/2021\/09\/yy.jpg","type":"image\/jpeg"}],"author":"Andr\u00e9","twitter_card":"summary_large_image","twitter_misc":{"Escrito por":"Andr\u00e9","Est. tempo de leitura":"2 minutos"},"schema":{"@context":"https:\/\/schema.org","@graph":[{"@type":"WebPage","@id":"https:\/\/www.oitaperunense.com.br\/site\/cristo-redentor-de-itaperuna-ganha-luneta-panoramica-e-tem-wifi-liberado\/","url":"https:\/\/www.oitaperunense.com.br\/site\/cristo-redentor-de-itaperuna-ganha-luneta-panoramica-e-tem-wifi-liberado\/","name":"Cristo Redentor de Itaperuna ganha luneta panor\u00e2mica e tem wifi liberado - O Itaperunense","isPartOf":{"@id":"https:\/\/www.oitaperunense.com.br\/site\/#website"},"datePublished":"2021-09-20T11:57:23+00:00","dateModified":"2021-09-20T11:57:23+00:00","author":{"@id":"https:\/\/www.oitaperunense.com.br\/site\/#\/schema\/person\/4a5b86c112157bc0a4492f4fd6b7939f"},"breadcrumb":{"@id":"https:\/\/www.oitaperunense.com.br\/site\/cristo-redentor-de-itaperuna-ganha-luneta-panoramica-e-tem-wifi-liberado\/#breadcrumb"},"inLanguage":"pt-BR","potentialAction":[{"@type":"ReadAction","target":["https:\/\/www.oitaperunense.com.br\/site\/cristo-redentor-de-itaperuna-ganha-luneta-panoramica-e-tem-wifi-liberado\/"]}]},{"@type":"BreadcrumbList","@id":"https:\/\/www.oitaperunense.com.br\/site\/cristo-redentor-de-itaperuna-ganha-luneta-panoramica-e-tem-wifi-liberado\/#breadcrumb","itemListElement":[{"@type":"ListItem","position":1,"name":"Home","item":"https:\/\/www.oitaperunense.com.br\/site\/"},{"@type":"ListItem","position":2,"name":"Cristo Redentor de Itaperuna ganha luneta panor\u00e2mica e tem wifi liberado"}]},{"@type":"WebSite","@id":"https:\/\/www.oitaperunense.com.br\/site\/#website","url":"https:\/\/www.oitaperunense.com.br\/site\/","name":"O Itaperunense","description":"","potentialAction":[{"@type":"SearchAction","target":{"@type":"EntryPoint","urlTemplate":"https:\/\/www.oitaperunense.com.br\/site\/?s={search_term_string}"},"query-input":"required name=search_term_string"}],"inLanguage":"pt-BR"},{"@type":"Person","@id":"https:\/\/www.oitaperunense.com.br\/site\/#\/schema\/person\/4a5b86c112157bc0a4492f4fd6b7939f","name":"Andr\u00e9","image":{"@type":"ImageObject","inLanguage":"pt-BR","@id":"https:\/\/www.oitaperunense.com.br\/site\/#\/schema\/person\/image\/","url":"https:\/\/secure.gravatar.com\/avatar\/7a7a912ec2c8cd6a390040b03329ee7a71bbd5f81ac3557b6a68208f263fc97b?s=96&d=mm&r=g","contentUrl":"https:\/\/secure.gravatar.com\/avatar\/7a7a912ec2c8cd6a390040b03329ee7a71bbd5f81ac3557b6a68208f263fc97b?s=96&d=mm&r=g","caption":"Andr\u00e9"},"url":"https:\/\/www.oitaperunense.com.br\/site\/author\/andre\/"}]}},"cc_featured_image_caption":{"caption_text":"","source_text":"","source_url":""},"_links":{"self":[{"href":"https:\/\/www.oitaperunense.com.br\/site\/wp-json\/wp\/v2\/posts\/385990","targetHints":{"allow":["GET"]}}],"collection":[{"href":"https:\/\/www.oitaperunense.com.br\/site\/wp-json\/wp\/v2\/posts"}],"about":[{"href":"https:\/\/www.oitaperunense.com.br\/site\/wp-json\/wp\/v2\/types\/post"}],"author":[{"embeddable":true,"href":"https:\/\/www.oitaperunense.com.br\/site\/wp-json\/wp\/v2\/users\/19"}],"replies":[{"embeddable":true,"href":"https:\/\/www.oitaperunense.com.br\/site\/wp-json\/wp\/v2\/comments?post=385990"}],"version-history":[{"count":1,"href":"https:\/\/www.oitaperunense.com.br\/site\/wp-json\/wp\/v2\/posts\/385990\/revisions"}],"predecessor-version":[{"id":385994,"href":"https:\/\/www.oitaperunense.com.br\/site\/wp-json\/wp\/v2\/posts\/385990\/revisions\/385994"}],"wp:featuredmedia":[{"embeddable":true,"href":"https:\/\/www.oitaperunense.com.br\/site\/wp-json\/wp\/v2\/media\/385991"}],"wp:attachment":[{"href":"https:\/\/www.oitaperunense.com.br\/site\/wp-json\/wp\/v2\/media?parent=385990"}],"wp:term":[{"taxonomy":"category","embeddable":true,"href":"https:\/\/www.oitaperunense.com.br\/site\/wp-json\/wp\/v2\/categories?post=385990"},{"taxonomy":"post_tag","embeddable":true,"href":"https:\/\/www.oitaperunense.com.br\/site\/wp-json\/wp\/v2\/tags?post=385990"}],"curies":[{"name":"wp","href":"https:\/\/api.w.org\/{rel}","templated":true}]}}