{"id":385975,"date":"2021-09-17T09:22:12","date_gmt":"2021-09-17T12:22:12","guid":{"rendered":"http:\/\/www.oitaperunense.com.br\/site\/?p=385975"},"modified":"2021-09-17T09:22:12","modified_gmt":"2021-09-17T12:22:12","slug":"cristo-redentor-de-itaperuna-tera-wifi-liberado-e-luneta-panoramica","status":"publish","type":"post","link":"https:\/\/www.oitaperunense.com.br\/site\/cristo-redentor-de-itaperuna-tera-wifi-liberado-e-luneta-panoramica\/","title":{"rendered":"Cristo Redentor de Itaperuna ter\u00e1 wifi liberado e luneta panor\u00e2mica"},"content":{"rendered":"<p style=\"text-align: justify;\">Para dar continuidade ao pacote de a\u00e7\u00f5es lan\u00e7ado este ano em comemora\u00e7\u00e3o aos 55 anos do Cristo Redentor de Itaperuna, a Prefeitura Municipal, atrav\u00e9s da Secretaria de Turismo, traz mais novidades, no pr\u00f3ximo final de semana, dias 18 e 19 de setembro, a partir das 12h. Atrav\u00e9s da parceria com a Itanet &#8211; empresa de internet &#8211; baseada na lei municipal 771\/2017 &#8211; Adote a Pedra Preta, o monumento cultural e tur\u00edstico ganhar\u00e1 sinal de wifi liberado para os visitantes que poder\u00e3o fazer seus registros e postarem na internet ou em suas redes sociais, na hora, sem utiliza\u00e7\u00e3o de seus dados m\u00f3veis. Para quem gosta de visitar o local para apreciar aquela linda paisagem panor\u00e2mica do alto da cidade vai poder contar ainda com uma luneta que ficar\u00e1 no mirante do Cristo para facilitar a vista dos \u00e2ngulos mais incr\u00edveis de Itaperuna. Al\u00e9m disso, o Cristo Redentor tamb\u00e9m ganhou uma nova sinaliza\u00e7\u00e3o com 33 placas indicando e facilitando o acesso, principalmente de quem n\u00e3o conhece a \u00e1rea.<br \/>\n<!--more--><br \/>\nDurante os dois dias a parceria disponibilizar\u00e1 o Just Dance 2021, que \u00e9 um jogo de ritmo de dan\u00e7a, com entrada franca. No dia 19 ter\u00e1 o desafio FIFA 21, tamb\u00e9m com entrada franca, por\u00e9m, para os participantes do desafio a inscri\u00e7\u00e3o \u00e9 gr\u00e1tis para assinantes da Itanet e R$15 reais para n\u00e3o assinantes.<\/p>\n<p>Vale ressaltar que a Secretaria de Turismo vem realizando diversas melhorias no segundo maior Cristo Redentor do estado do Rio desde o in\u00edcio da atual gest\u00e3o, em janeiro deste ano, como a limpeza no entorno do local e no pr\u00f3prio monumento atrav\u00e9s da parceria com a Secretaria de Obras, ilumina\u00e7\u00e3o colorida que est\u00e1 fixa no local e alternando de cor dependendo de cada celebra\u00e7\u00e3o, como no anivers\u00e1rio da cidade em que ficou colorida, na semana do ambiente em que ficou verde e ficar\u00e1 rosa em outubro e azul em novembro, entre outras comemora\u00e7\u00f5es. O espa\u00e7o tamb\u00e9m ganhou uma nova rampa de voo livre, onde aconteceu o primeiro voo duplo com um cadeirante na regi\u00e3o.<\/p>\n<p>\u201cQuero reafirmar a nossa inten\u00e7\u00e3o de valorizar cada vez mais o nosso Cristo Redentor, sob a orienta\u00e7\u00e3o do prefeito Alfred\u00e3o. N\u00f3s prometemos isso em janeiro. quando o Cristo completou 55 anos, que ir\u00edamos fazer v\u00e1rias a\u00e7\u00f5es no ano de 2021. Mais ainda: queremos transformar o Cristo Redentor em um grande vetor do turismo regional de divulga\u00e7\u00e3o do Noroeste Fluminense que, com os bra\u00e7os abertos, vai abra\u00e7ar Itaperuna e regi\u00e3o. Se o Rio de Janeiro abre as portas do estado atrav\u00e9s do seu Cristo Redentor, Itaperuna vai abrir as portas do Noroeste atrav\u00e9s do nosso Cristo Redentor. Preparem-se, vem muito mais por a\u00ed para o Cristo!\u201d, disse o secret\u00e1rio de Turismo, Marcelo Nascimento.<\/p>\n<p>O Cristo Redentor, que possui 20 metros de altura, foi inaugurado em 20 de janeiro de 1966 pelo saudoso idealizador e ex-prefeito Cl\u00e1udio Cerqueira Bastos, o Claud\u00e3o, e projetado pelo escultor capixaba Francisco Moreira.<br \/>\n\u201cEssa parceria com a Itanet \u00e9 muito importante e \u00e9 essa mesma parceria que queremos incentivar cada vez mais as empresas em apoiar o munic\u00edpio atrav\u00e9s da lei \u201cAdote a Pedra Preta\u201d, conclui Marcelo.<\/p>\n<p><strong>Com informa\u00e7\u00f5es: DECOM\/Itaperuna\/RJ<\/strong><\/p>\n","protected":false},"excerpt":{"rendered":"<p>Para dar continuidade ao pacote de a\u00e7\u00f5es lan\u00e7ado este ano em comemora\u00e7\u00e3o aos 55 anos do Cristo Redentor de Itaperuna, a Prefeitura Municipal, atrav\u00e9s da Secretaria de Turismo, traz mais novidades, no pr\u00f3ximo final de semana, dias 18 e 19 de setembro, a partir das 12h. Atrav\u00e9s da parceria com a Itanet &#8211; empresa de [&hellip;]<\/p>\n","protected":false},"author":19,"featured_media":385976,"comment_status":"open","ping_status":"closed","sticky":false,"template":"","format":"standard","meta":{"ngg_post_thumbnail":0,"footnotes":""},"categories":[1],"tags":[],"class_list":["post-385975","post","type-post","status-publish","format-standard","has-post-thumbnail","hentry","category-bairros"],"yoast_head":"<!-- This site is optimized with the Yoast SEO plugin v20.11 - https:\/\/yoast.com\/wordpress\/plugins\/seo\/ -->\n<title>Cristo Redentor de Itaperuna ter\u00e1 wifi liberado e luneta panor\u00e2mica - O Itaperunense<\/title>\n<meta name=\"robots\" content=\"index, follow, max-snippet:-1, max-image-preview:large, max-video-preview:-1\" \/>\n<link rel=\"canonical\" href=\"https:\/\/www.oitaperunense.com.br\/site\/cristo-redentor-de-itaperuna-tera-wifi-liberado-e-luneta-panoramica\/\" \/>\n<meta property=\"og:locale\" content=\"pt_BR\" \/>\n<meta property=\"og:type\" content=\"article\" \/>\n<meta property=\"og:title\" content=\"Cristo Redentor de Itaperuna ter\u00e1 wifi liberado e luneta panor\u00e2mica - O Itaperunense\" \/>\n<meta property=\"og:description\" content=\"Para dar continuidade ao pacote de a\u00e7\u00f5es lan\u00e7ado este ano em comemora\u00e7\u00e3o aos 55 anos do Cristo Redentor de Itaperuna, a Prefeitura Municipal, atrav\u00e9s da Secretaria de Turismo, traz mais novidades, no pr\u00f3ximo final de semana, dias 18 e 19 de setembro, a partir das 12h. Atrav\u00e9s da parceria com a Itanet &#8211; empresa de [&hellip;]\" \/>\n<meta property=\"og:url\" content=\"https:\/\/www.oitaperunense.com.br\/site\/cristo-redentor-de-itaperuna-tera-wifi-liberado-e-luneta-panoramica\/\" \/>\n<meta property=\"og:site_name\" content=\"O Itaperunense\" \/>\n<meta property=\"article:publisher\" content=\"https:\/\/www.facebook.com\/jornaloitaperunense\" \/>\n<meta property=\"article:published_time\" content=\"2021-09-17T12:22:12+00:00\" \/>\n<meta property=\"og:image\" content=\"https:\/\/www.oitaperunense.com.br\/site\/wp-content\/uploads\/2021\/09\/pr14.jpg\" \/>\n\t<meta property=\"og:image:width\" content=\"700\" \/>\n\t<meta property=\"og:image:height\" content=\"394\" \/>\n\t<meta property=\"og:image:type\" content=\"image\/jpeg\" \/>\n<meta name=\"author\" content=\"Andr\u00e9\" \/>\n<meta name=\"twitter:card\" content=\"summary_large_image\" \/>\n<meta name=\"twitter:label1\" content=\"Escrito por\" \/>\n\t<meta name=\"twitter:data1\" content=\"Andr\u00e9\" \/>\n\t<meta name=\"twitter:label2\" content=\"Est. tempo de leitura\" \/>\n\t<meta name=\"twitter:data2\" content=\"3 minutos\" \/>\n<script type=\"application\/ld+json\" class=\"yoast-schema-graph\">{\"@context\":\"https:\/\/schema.org\",\"@graph\":[{\"@type\":\"WebPage\",\"@id\":\"https:\/\/www.oitaperunense.com.br\/site\/cristo-redentor-de-itaperuna-tera-wifi-liberado-e-luneta-panoramica\/\",\"url\":\"https:\/\/www.oitaperunense.com.br\/site\/cristo-redentor-de-itaperuna-tera-wifi-liberado-e-luneta-panoramica\/\",\"name\":\"Cristo Redentor de Itaperuna ter\u00e1 wifi liberado e luneta panor\u00e2mica - O Itaperunense\",\"isPartOf\":{\"@id\":\"https:\/\/www.oitaperunense.com.br\/site\/#website\"},\"datePublished\":\"2021-09-17T12:22:12+00:00\",\"dateModified\":\"2021-09-17T12:22:12+00:00\",\"author\":{\"@id\":\"https:\/\/www.oitaperunense.com.br\/site\/#\/schema\/person\/4a5b86c112157bc0a4492f4fd6b7939f\"},\"breadcrumb\":{\"@id\":\"https:\/\/www.oitaperunense.com.br\/site\/cristo-redentor-de-itaperuna-tera-wifi-liberado-e-luneta-panoramica\/#breadcrumb\"},\"inLanguage\":\"pt-BR\",\"potentialAction\":[{\"@type\":\"ReadAction\",\"target\":[\"https:\/\/www.oitaperunense.com.br\/site\/cristo-redentor-de-itaperuna-tera-wifi-liberado-e-luneta-panoramica\/\"]}]},{\"@type\":\"BreadcrumbList\",\"@id\":\"https:\/\/www.oitaperunense.com.br\/site\/cristo-redentor-de-itaperuna-tera-wifi-liberado-e-luneta-panoramica\/#breadcrumb\",\"itemListElement\":[{\"@type\":\"ListItem\",\"position\":1,\"name\":\"Home\",\"item\":\"https:\/\/www.oitaperunense.com.br\/site\/\"},{\"@type\":\"ListItem\",\"position\":2,\"name\":\"Cristo Redentor de Itaperuna ter\u00e1 wifi liberado e luneta panor\u00e2mica\"}]},{\"@type\":\"WebSite\",\"@id\":\"https:\/\/www.oitaperunense.com.br\/site\/#website\",\"url\":\"https:\/\/www.oitaperunense.com.br\/site\/\",\"name\":\"O Itaperunense\",\"description\":\"\",\"potentialAction\":[{\"@type\":\"SearchAction\",\"target\":{\"@type\":\"EntryPoint\",\"urlTemplate\":\"https:\/\/www.oitaperunense.com.br\/site\/?s={search_term_string}\"},\"query-input\":\"required name=search_term_string\"}],\"inLanguage\":\"pt-BR\"},{\"@type\":\"Person\",\"@id\":\"https:\/\/www.oitaperunense.com.br\/site\/#\/schema\/person\/4a5b86c112157bc0a4492f4fd6b7939f\",\"name\":\"Andr\u00e9\",\"image\":{\"@type\":\"ImageObject\",\"inLanguage\":\"pt-BR\",\"@id\":\"https:\/\/www.oitaperunense.com.br\/site\/#\/schema\/person\/image\/\",\"url\":\"https:\/\/secure.gravatar.com\/avatar\/7a7a912ec2c8cd6a390040b03329ee7a71bbd5f81ac3557b6a68208f263fc97b?s=96&d=mm&r=g\",\"contentUrl\":\"https:\/\/secure.gravatar.com\/avatar\/7a7a912ec2c8cd6a390040b03329ee7a71bbd5f81ac3557b6a68208f263fc97b?s=96&d=mm&r=g\",\"caption\":\"Andr\u00e9\"},\"url\":\"https:\/\/www.oitaperunense.com.br\/site\/author\/andre\/\"}]}<\/script>\n<!-- \/ Yoast SEO plugin. -->","yoast_head_json":{"title":"Cristo Redentor de Itaperuna ter\u00e1 wifi liberado e luneta panor\u00e2mica - O Itaperunense","robots":{"index":"index","follow":"follow","max-snippet":"max-snippet:-1","max-image-preview":"max-image-preview:large","max-video-preview":"max-video-preview:-1"},"canonical":"https:\/\/www.oitaperunense.com.br\/site\/cristo-redentor-de-itaperuna-tera-wifi-liberado-e-luneta-panoramica\/","og_locale":"pt_BR","og_type":"article","og_title":"Cristo Redentor de Itaperuna ter\u00e1 wifi liberado e luneta panor\u00e2mica - O Itaperunense","og_description":"Para dar continuidade ao pacote de a\u00e7\u00f5es lan\u00e7ado este ano em comemora\u00e7\u00e3o aos 55 anos do Cristo Redentor de Itaperuna, a Prefeitura Municipal, atrav\u00e9s da Secretaria de Turismo, traz mais novidades, no pr\u00f3ximo final de semana, dias 18 e 19 de setembro, a partir das 12h. Atrav\u00e9s da parceria com a Itanet &#8211; empresa de [&hellip;]","og_url":"https:\/\/www.oitaperunense.com.br\/site\/cristo-redentor-de-itaperuna-tera-wifi-liberado-e-luneta-panoramica\/","og_site_name":"O Itaperunense","article_publisher":"https:\/\/www.facebook.com\/jornaloitaperunense","article_published_time":"2021-09-17T12:22:12+00:00","og_image":[{"width":700,"height":394,"url":"https:\/\/www.oitaperunense.com.br\/site\/wp-content\/uploads\/2021\/09\/pr14.jpg","type":"image\/jpeg"}],"author":"Andr\u00e9","twitter_card":"summary_large_image","twitter_misc":{"Escrito por":"Andr\u00e9","Est. tempo de leitura":"3 minutos"},"schema":{"@context":"https:\/\/schema.org","@graph":[{"@type":"WebPage","@id":"https:\/\/www.oitaperunense.com.br\/site\/cristo-redentor-de-itaperuna-tera-wifi-liberado-e-luneta-panoramica\/","url":"https:\/\/www.oitaperunense.com.br\/site\/cristo-redentor-de-itaperuna-tera-wifi-liberado-e-luneta-panoramica\/","name":"Cristo Redentor de Itaperuna ter\u00e1 wifi liberado e luneta panor\u00e2mica - O Itaperunense","isPartOf":{"@id":"https:\/\/www.oitaperunense.com.br\/site\/#website"},"datePublished":"2021-09-17T12:22:12+00:00","dateModified":"2021-09-17T12:22:12+00:00","author":{"@id":"https:\/\/www.oitaperunense.com.br\/site\/#\/schema\/person\/4a5b86c112157bc0a4492f4fd6b7939f"},"breadcrumb":{"@id":"https:\/\/www.oitaperunense.com.br\/site\/cristo-redentor-de-itaperuna-tera-wifi-liberado-e-luneta-panoramica\/#breadcrumb"},"inLanguage":"pt-BR","potentialAction":[{"@type":"ReadAction","target":["https:\/\/www.oitaperunense.com.br\/site\/cristo-redentor-de-itaperuna-tera-wifi-liberado-e-luneta-panoramica\/"]}]},{"@type":"BreadcrumbList","@id":"https:\/\/www.oitaperunense.com.br\/site\/cristo-redentor-de-itaperuna-tera-wifi-liberado-e-luneta-panoramica\/#breadcrumb","itemListElement":[{"@type":"ListItem","position":1,"name":"Home","item":"https:\/\/www.oitaperunense.com.br\/site\/"},{"@type":"ListItem","position":2,"name":"Cristo Redentor de Itaperuna ter\u00e1 wifi liberado e luneta panor\u00e2mica"}]},{"@type":"WebSite","@id":"https:\/\/www.oitaperunense.com.br\/site\/#website","url":"https:\/\/www.oitaperunense.com.br\/site\/","name":"O Itaperunense","description":"","potentialAction":[{"@type":"SearchAction","target":{"@type":"EntryPoint","urlTemplate":"https:\/\/www.oitaperunense.com.br\/site\/?s={search_term_string}"},"query-input":"required name=search_term_string"}],"inLanguage":"pt-BR"},{"@type":"Person","@id":"https:\/\/www.oitaperunense.com.br\/site\/#\/schema\/person\/4a5b86c112157bc0a4492f4fd6b7939f","name":"Andr\u00e9","image":{"@type":"ImageObject","inLanguage":"pt-BR","@id":"https:\/\/www.oitaperunense.com.br\/site\/#\/schema\/person\/image\/","url":"https:\/\/secure.gravatar.com\/avatar\/7a7a912ec2c8cd6a390040b03329ee7a71bbd5f81ac3557b6a68208f263fc97b?s=96&d=mm&r=g","contentUrl":"https:\/\/secure.gravatar.com\/avatar\/7a7a912ec2c8cd6a390040b03329ee7a71bbd5f81ac3557b6a68208f263fc97b?s=96&d=mm&r=g","caption":"Andr\u00e9"},"url":"https:\/\/www.oitaperunense.com.br\/site\/author\/andre\/"}]}},"cc_featured_image_caption":{"caption_text":"","source_text":"","source_url":""},"_links":{"self":[{"href":"https:\/\/www.oitaperunense.com.br\/site\/wp-json\/wp\/v2\/posts\/385975","targetHints":{"allow":["GET"]}}],"collection":[{"href":"https:\/\/www.oitaperunense.com.br\/site\/wp-json\/wp\/v2\/posts"}],"about":[{"href":"https:\/\/www.oitaperunense.com.br\/site\/wp-json\/wp\/v2\/types\/post"}],"author":[{"embeddable":true,"href":"https:\/\/www.oitaperunense.com.br\/site\/wp-json\/wp\/v2\/users\/19"}],"replies":[{"embeddable":true,"href":"https:\/\/www.oitaperunense.com.br\/site\/wp-json\/wp\/v2\/comments?post=385975"}],"version-history":[{"count":1,"href":"https:\/\/www.oitaperunense.com.br\/site\/wp-json\/wp\/v2\/posts\/385975\/revisions"}],"predecessor-version":[{"id":385977,"href":"https:\/\/www.oitaperunense.com.br\/site\/wp-json\/wp\/v2\/posts\/385975\/revisions\/385977"}],"wp:featuredmedia":[{"embeddable":true,"href":"https:\/\/www.oitaperunense.com.br\/site\/wp-json\/wp\/v2\/media\/385976"}],"wp:attachment":[{"href":"https:\/\/www.oitaperunense.com.br\/site\/wp-json\/wp\/v2\/media?parent=385975"}],"wp:term":[{"taxonomy":"category","embeddable":true,"href":"https:\/\/www.oitaperunense.com.br\/site\/wp-json\/wp\/v2\/categories?post=385975"},{"taxonomy":"post_tag","embeddable":true,"href":"https:\/\/www.oitaperunense.com.br\/site\/wp-json\/wp\/v2\/tags?post=385975"}],"curies":[{"name":"wp","href":"https:\/\/api.w.org\/{rel}","templated":true}]}}