{"id":384962,"date":"2021-06-14T10:26:17","date_gmt":"2021-06-14T13:26:17","guid":{"rendered":"http:\/\/www.oitaperunense.com.br\/site\/?p=384962"},"modified":"2021-06-14T10:26:17","modified_gmt":"2021-06-14T13:26:17","slug":"furto-de-energia-no-rio-de-janeiro-bate-recorde-em-ano-de-pandemia","status":"publish","type":"post","link":"https:\/\/www.oitaperunense.com.br\/site\/furto-de-energia-no-rio-de-janeiro-bate-recorde-em-ano-de-pandemia\/","title":{"rendered":"Furto de energia no Rio de Janeiro bate recorde em ano de pandemia"},"content":{"rendered":"<p style=\"text-align: justify;\">Sob o emaranhado de fios, quem cruza a Avenida Areinha, na favela de Rio das Pedras, parece passear por uma via coberta. Tanto \u201cgato\u201d de energia el\u00e9trica \u2014 que nas m\u00e3os das mil\u00edcias tamb\u00e9m virou um neg\u00f3cio ilegal lucrativo \u2014 n\u00e3o \u00e9 um cen\u00e1rio formado da noite para o dia, mas piorou no primeiro ano de pandemia. De acordo com o \u00faltimo balan\u00e7o da Light divulgado a investidores, as perdas n\u00e3o t\u00e9cnicas, eufemismo para designar fraudes e furtos de luz , atingiram o patamar mais alto dos \u00faltimos cinco anos. De abril de 2020 a mar\u00e7o deste ano, foram desviados 7.134 gigawatt-hora (GWh), o suficiente para abastecer todas as casas do Esp\u00edrito Santo por quase tr\u00eas anos.<\/p>\n<p><!--more--><\/p>\n<p style=\"text-align: justify;\">O preju\u00edzo \u00e9 repassado aos demais usu\u00e1rios, o que faz do Rio um dos estados com energia mais cara do pa\u00eds. No caso da Light, que abastece 64% da popula\u00e7\u00e3o fluminense, mais da metade do fornecimento de baixa tens\u00e3o \u2014 utilizada nas resid\u00eancias e pequenos com\u00e9rcios \u2014 \u00e9 drenada pelos \u201cgatos\u201d. O percentual faz com que, das 27 unidades da federa\u00e7\u00e3o, o Rio fique atr\u00e1s apenas de Amazonas, Amap\u00e1 e Par\u00e1 em volume de repasse das perdas n\u00e3o t\u00e9cnicas.<\/p>\n<p style=\"text-align: justify;\">O pre\u00e7o vem na conta de luz: ainda em 2019, os clientes atendidos pela Light j\u00e1 pagavam 9,5% a mais pela energia por esse motivo, revelam dados Ag\u00eancia Nacional de Energia El\u00e9trica (Aneel). J\u00e1 os consumidores da \u00e1rea de concess\u00e3o da Enel, que distribui energia para 66 cidades do estado, incluindo munic\u00edpios como S\u00e3o Gon\u00e7alo, sofreram um repasse na ordem de 4,4%. No mesmo per\u00edodo, a m\u00e9dia nacional ficou em 3%. A ag\u00eancia agora compila os n\u00fameros de 2020, que devem ser divulgados at\u00e9 o fim do m\u00eas.<\/p>\n<p style=\"text-align: justify;\">Enquanto isso, em Rio das Pedras, grande parte dos moradores n\u00e3o parece se preocupar com o custo da energia el\u00e9trica. Mas as consequ\u00eancias da pandemia tamb\u00e9m d\u00e3o sinais.<\/p>\n<p style=\"text-align: justify;\">&#8220;Preferia pagar a conta de luz direitinho, at\u00e9 para ter comprovante de resid\u00eancia. Mas fiquei desempregado na pandemia. Ent\u00e3o, ficou tudo mais dif\u00edcil&#8221;, diz um morador, sob condi\u00e7\u00e3o de anonimato.<\/p>\n<p style=\"text-align: justify;\"><strong>Favelas t\u00eam mais perdas<\/strong><br \/>\nA comunidade \u00e9 uma das que aparecem em den\u00fancias do Minist\u00e9rio P\u00fablico do Rio (MPRJ) apontando que milicianos fizeram dos \u201cgatos\u201d mais um ramo de seus neg\u00f3cios escusos. Em 2019, o Grupo de Atua\u00e7\u00e3o Especial de Combate ao Crime Organizado (Gaeco) descreveu relatos de que os paramilitares da regi\u00e3o cobravam uma taxa de R$ 100 pelo \u201cgato\u201d de luz.<\/p>\n<p style=\"text-align: justify;\">A pr\u00f3pria Light j\u00e1 denunciou casos como de condom\u00ednios constru\u00eddos pelos milicianos em Belford Roxo, na Baixada, em que os criminosos, al\u00e9m de furtar energia para os empreendimentos irregulares, cobravam taxa aos moradores por isso.<\/p>\n<p style=\"text-align: justify;\">E onde o crime d\u00e1 as cartas, indicam dados da Light, h\u00e1 mais furto de energia. Do total de perdas n\u00e3o t\u00e9cnicas, 62% foram registradas em \u00e1reas consideradas de risco pela companhia. Nas vielas do Vidigal e da Rocinha, por exemplo, favelas sob o jugo do tr\u00e1fico de drogas, as liga\u00e7\u00f5es clandestinas est\u00e3o por toda parte.<\/p>\n<p style=\"text-align: justify;\">&#8220;O problema n\u00e3o \u00e9 s\u00f3 da Light. Tamb\u00e9m \u00e9 um problema de estado, pois envolve seguran\u00e7a p\u00fablica e presta\u00e7\u00e3o de servi\u00e7os. O estado tem que ser um aliado nesse processo&#8221;, avalia Diogo Lisbona, pesquisador do Centro de Estudos em Regula\u00e7\u00e3o e Infraestrutura (Ceri) da FGV.<\/p>\n<p style=\"text-align: justify;\">Na \u00e1rea da Enel, um levantamento feito pela concession\u00e1ria ajuda a mensurar o preju\u00edzo: nos tr\u00eas primeiros meses deste ano, a energia furtada seria suficiente para abastecer aproximadamente 890 mil resid\u00eancias durante o per\u00edodo de 12 meses.<\/p>\n<p style=\"text-align: justify;\">Especialistas apontam dois poss\u00edveis motivos para o aumento do furto de energia na pandemia: o agravamento do desemprego, que pode ter levado consumidores a optarem por fazer liga\u00e7\u00f5es clandestinas para reduzir a conta de luz ; e a maior perman\u00eancia das pessoas em casa durante o isolamento, que elevou o consumo residencial em toda a rede.<\/p>\n<p style=\"text-align: justify;\">&#8220;Todo o pa\u00eds enfrenta os impactos econ\u00f4micos acentuados pela pandemia da Covid-19. Isso influencia o n\u00edvel das perdas n\u00e3o t\u00e9cnicas no setor&#8221;, diz Denis Maia, CEO da Choice Technologies, l\u00edder global em redu\u00e7\u00e3o de perdas na \u00e1rea de energia el\u00e9trica.<\/p>\n<p style=\"text-align: justify;\">\u00c0 frente da Delegacia de Defesa dos Servi\u00e7os Delegados (DDSD), o delegado Andr\u00e9 Rosa Leiras afirma que, embora a maior quantidade de gatos ocorra em comunidades, esse \u00e9 um problema que tamb\u00e9m de bairros de maior poder aquisitivo.<\/p>\n<p style=\"text-align: justify;\">&#8220;Esse tipo de ocorr\u00eancia \u00e9 bem distribu\u00eddo. Encontramos casos tanto nas comunidades mais pobres como nos bairros de classe m\u00e9dia. A pena \u00e9 baixa e, por ser um crime com fian\u00e7a&#8221;, afirma ele.<\/p>\n<p style=\"text-align: justify;\"><strong>Nova estrat\u00e9gia<\/strong><br \/>\nQuem for pego cometendo esse tipo de crime, no entanto, pode ser preso em flagrante ou responder a inqu\u00e9rito, com pena de um a quatro anos de reclus\u00e3o, al\u00e9m de multa. A fian\u00e7a nesse caso varia de um a cem sal\u00e1rios m\u00ednimos.<\/p>\n<p style=\"text-align: justify;\">Al\u00e9m disso, os \u201cgatos\u201d representam perigos para quem faz a instala\u00e7\u00e3o clandestina e para quem usufrui do servi\u00e7o irregular, apontam especialistas. Doutor em Gerenciamento de Risco da Coppe\/UFRJ, Gerardo Portela alerta para a possibilidade de acidentes que podem ir de choques el\u00e9tricos a inc\u00eandios de grandes propor\u00e7\u00f5es.<\/p>\n<p style=\"text-align: justify;\">Para tentar reverter esse quadro, a Light pretende criar iniciativas que aproximem a concession\u00e1ria das favelas, como a contrata\u00e7\u00e3o de m\u00e3o de obra local para os servi\u00e7os de leiturista e eletricista, gerando renda.<br \/>\nA companhia tamb\u00e9m planeja oferecer cursos sobre efici\u00eancia energ\u00e9tica e transformar as associa\u00e7\u00f5es de moradores em pontos de atendimento. O projeto inclui at\u00e9 a troca do \u201cparque\u201d de equipamentos gast\u00f5es, como geladeiras e l\u00e2mpadas, por meio do Programa de Efici\u00eancia Energ\u00e9tica da Aneel.<\/p>\n<p style=\"text-align: justify;\">&#8220;Estamos chamando a sociedade, as institui\u00e7\u00f5es, o governo e as lideran\u00e7as comunit\u00e1rias para construirmos juntos um plano diferenciado que vai levar emprego, educa\u00e7\u00e3o, cidadania e consumo eficiente a essa parcela da popula\u00e7\u00e3o&#8221;, afirma o diretor presidente da Light, Nonato Castro.<\/p>\n","protected":false},"excerpt":{"rendered":"<p>Sob o emaranhado de fios, quem cruza a Avenida Areinha, na favela de Rio das Pedras, parece passear por uma via coberta. Tanto \u201cgato\u201d de energia el\u00e9trica \u2014 que nas m\u00e3os das mil\u00edcias tamb\u00e9m virou um neg\u00f3cio ilegal lucrativo \u2014 n\u00e3o \u00e9 um cen\u00e1rio formado da noite para o dia, mas piorou no primeiro ano [&hellip;]<\/p>\n","protected":false},"author":19,"featured_media":384963,"comment_status":"open","ping_status":"closed","sticky":false,"template":"","format":"standard","meta":{"ngg_post_thumbnail":0,"footnotes":""},"categories":[1],"tags":[],"class_list":["post-384962","post","type-post","status-publish","format-standard","has-post-thumbnail","hentry","category-bairros"],"yoast_head":"<!-- This site is optimized with the Yoast SEO plugin v20.11 - https:\/\/yoast.com\/wordpress\/plugins\/seo\/ -->\n<title>Furto de energia no Rio de Janeiro bate recorde em ano de pandemia - O Itaperunense<\/title>\n<meta name=\"robots\" content=\"index, follow, max-snippet:-1, max-image-preview:large, max-video-preview:-1\" \/>\n<link rel=\"canonical\" href=\"https:\/\/www.oitaperunense.com.br\/site\/furto-de-energia-no-rio-de-janeiro-bate-recorde-em-ano-de-pandemia\/\" \/>\n<meta property=\"og:locale\" content=\"pt_BR\" \/>\n<meta property=\"og:type\" content=\"article\" \/>\n<meta property=\"og:title\" content=\"Furto de energia no Rio de Janeiro bate recorde em ano de pandemia - O Itaperunense\" \/>\n<meta property=\"og:description\" content=\"Sob o emaranhado de fios, quem cruza a Avenida Areinha, na favela de Rio das Pedras, parece passear por uma via coberta. Tanto \u201cgato\u201d de energia el\u00e9trica \u2014 que nas m\u00e3os das mil\u00edcias tamb\u00e9m virou um neg\u00f3cio ilegal lucrativo \u2014 n\u00e3o \u00e9 um cen\u00e1rio formado da noite para o dia, mas piorou no primeiro ano [&hellip;]\" \/>\n<meta property=\"og:url\" content=\"https:\/\/www.oitaperunense.com.br\/site\/furto-de-energia-no-rio-de-janeiro-bate-recorde-em-ano-de-pandemia\/\" \/>\n<meta property=\"og:site_name\" content=\"O Itaperunense\" \/>\n<meta property=\"article:publisher\" content=\"https:\/\/www.facebook.com\/jornaloitaperunense\" \/>\n<meta property=\"article:published_time\" content=\"2021-06-14T13:26:17+00:00\" \/>\n<meta property=\"og:image\" content=\"https:\/\/www.oitaperunense.com.br\/site\/wp-content\/uploads\/2021\/06\/furtoenel.jpg\" \/>\n\t<meta property=\"og:image:width\" content=\"700\" \/>\n\t<meta property=\"og:image:height\" content=\"393\" \/>\n\t<meta property=\"og:image:type\" content=\"image\/jpeg\" \/>\n<meta name=\"author\" content=\"Andr\u00e9\" \/>\n<meta name=\"twitter:card\" content=\"summary_large_image\" \/>\n<meta name=\"twitter:label1\" content=\"Escrito por\" \/>\n\t<meta name=\"twitter:data1\" content=\"Andr\u00e9\" \/>\n\t<meta name=\"twitter:label2\" content=\"Est. tempo de leitura\" \/>\n\t<meta name=\"twitter:data2\" content=\"5 minutos\" \/>\n<script type=\"application\/ld+json\" class=\"yoast-schema-graph\">{\"@context\":\"https:\/\/schema.org\",\"@graph\":[{\"@type\":\"WebPage\",\"@id\":\"https:\/\/www.oitaperunense.com.br\/site\/furto-de-energia-no-rio-de-janeiro-bate-recorde-em-ano-de-pandemia\/\",\"url\":\"https:\/\/www.oitaperunense.com.br\/site\/furto-de-energia-no-rio-de-janeiro-bate-recorde-em-ano-de-pandemia\/\",\"name\":\"Furto de energia no Rio de Janeiro bate recorde em ano de pandemia - O Itaperunense\",\"isPartOf\":{\"@id\":\"https:\/\/www.oitaperunense.com.br\/site\/#website\"},\"datePublished\":\"2021-06-14T13:26:17+00:00\",\"dateModified\":\"2021-06-14T13:26:17+00:00\",\"author\":{\"@id\":\"https:\/\/www.oitaperunense.com.br\/site\/#\/schema\/person\/4a5b86c112157bc0a4492f4fd6b7939f\"},\"breadcrumb\":{\"@id\":\"https:\/\/www.oitaperunense.com.br\/site\/furto-de-energia-no-rio-de-janeiro-bate-recorde-em-ano-de-pandemia\/#breadcrumb\"},\"inLanguage\":\"pt-BR\",\"potentialAction\":[{\"@type\":\"ReadAction\",\"target\":[\"https:\/\/www.oitaperunense.com.br\/site\/furto-de-energia-no-rio-de-janeiro-bate-recorde-em-ano-de-pandemia\/\"]}]},{\"@type\":\"BreadcrumbList\",\"@id\":\"https:\/\/www.oitaperunense.com.br\/site\/furto-de-energia-no-rio-de-janeiro-bate-recorde-em-ano-de-pandemia\/#breadcrumb\",\"itemListElement\":[{\"@type\":\"ListItem\",\"position\":1,\"name\":\"Home\",\"item\":\"https:\/\/www.oitaperunense.com.br\/site\/\"},{\"@type\":\"ListItem\",\"position\":2,\"name\":\"Furto de energia no Rio de Janeiro bate recorde em ano de pandemia\"}]},{\"@type\":\"WebSite\",\"@id\":\"https:\/\/www.oitaperunense.com.br\/site\/#website\",\"url\":\"https:\/\/www.oitaperunense.com.br\/site\/\",\"name\":\"O Itaperunense\",\"description\":\"\",\"potentialAction\":[{\"@type\":\"SearchAction\",\"target\":{\"@type\":\"EntryPoint\",\"urlTemplate\":\"https:\/\/www.oitaperunense.com.br\/site\/?s={search_term_string}\"},\"query-input\":\"required name=search_term_string\"}],\"inLanguage\":\"pt-BR\"},{\"@type\":\"Person\",\"@id\":\"https:\/\/www.oitaperunense.com.br\/site\/#\/schema\/person\/4a5b86c112157bc0a4492f4fd6b7939f\",\"name\":\"Andr\u00e9\",\"image\":{\"@type\":\"ImageObject\",\"inLanguage\":\"pt-BR\",\"@id\":\"https:\/\/www.oitaperunense.com.br\/site\/#\/schema\/person\/image\/\",\"url\":\"https:\/\/secure.gravatar.com\/avatar\/7a7a912ec2c8cd6a390040b03329ee7a71bbd5f81ac3557b6a68208f263fc97b?s=96&d=mm&r=g\",\"contentUrl\":\"https:\/\/secure.gravatar.com\/avatar\/7a7a912ec2c8cd6a390040b03329ee7a71bbd5f81ac3557b6a68208f263fc97b?s=96&d=mm&r=g\",\"caption\":\"Andr\u00e9\"},\"url\":\"https:\/\/www.oitaperunense.com.br\/site\/author\/andre\/\"}]}<\/script>\n<!-- \/ Yoast SEO plugin. -->","yoast_head_json":{"title":"Furto de energia no Rio de Janeiro bate recorde em ano de pandemia - O Itaperunense","robots":{"index":"index","follow":"follow","max-snippet":"max-snippet:-1","max-image-preview":"max-image-preview:large","max-video-preview":"max-video-preview:-1"},"canonical":"https:\/\/www.oitaperunense.com.br\/site\/furto-de-energia-no-rio-de-janeiro-bate-recorde-em-ano-de-pandemia\/","og_locale":"pt_BR","og_type":"article","og_title":"Furto de energia no Rio de Janeiro bate recorde em ano de pandemia - O Itaperunense","og_description":"Sob o emaranhado de fios, quem cruza a Avenida Areinha, na favela de Rio das Pedras, parece passear por uma via coberta. Tanto \u201cgato\u201d de energia el\u00e9trica \u2014 que nas m\u00e3os das mil\u00edcias tamb\u00e9m virou um neg\u00f3cio ilegal lucrativo \u2014 n\u00e3o \u00e9 um cen\u00e1rio formado da noite para o dia, mas piorou no primeiro ano [&hellip;]","og_url":"https:\/\/www.oitaperunense.com.br\/site\/furto-de-energia-no-rio-de-janeiro-bate-recorde-em-ano-de-pandemia\/","og_site_name":"O Itaperunense","article_publisher":"https:\/\/www.facebook.com\/jornaloitaperunense","article_published_time":"2021-06-14T13:26:17+00:00","og_image":[{"width":700,"height":393,"url":"https:\/\/www.oitaperunense.com.br\/site\/wp-content\/uploads\/2021\/06\/furtoenel.jpg","type":"image\/jpeg"}],"author":"Andr\u00e9","twitter_card":"summary_large_image","twitter_misc":{"Escrito por":"Andr\u00e9","Est. tempo de leitura":"5 minutos"},"schema":{"@context":"https:\/\/schema.org","@graph":[{"@type":"WebPage","@id":"https:\/\/www.oitaperunense.com.br\/site\/furto-de-energia-no-rio-de-janeiro-bate-recorde-em-ano-de-pandemia\/","url":"https:\/\/www.oitaperunense.com.br\/site\/furto-de-energia-no-rio-de-janeiro-bate-recorde-em-ano-de-pandemia\/","name":"Furto de energia no Rio de Janeiro bate recorde em ano de pandemia - O Itaperunense","isPartOf":{"@id":"https:\/\/www.oitaperunense.com.br\/site\/#website"},"datePublished":"2021-06-14T13:26:17+00:00","dateModified":"2021-06-14T13:26:17+00:00","author":{"@id":"https:\/\/www.oitaperunense.com.br\/site\/#\/schema\/person\/4a5b86c112157bc0a4492f4fd6b7939f"},"breadcrumb":{"@id":"https:\/\/www.oitaperunense.com.br\/site\/furto-de-energia-no-rio-de-janeiro-bate-recorde-em-ano-de-pandemia\/#breadcrumb"},"inLanguage":"pt-BR","potentialAction":[{"@type":"ReadAction","target":["https:\/\/www.oitaperunense.com.br\/site\/furto-de-energia-no-rio-de-janeiro-bate-recorde-em-ano-de-pandemia\/"]}]},{"@type":"BreadcrumbList","@id":"https:\/\/www.oitaperunense.com.br\/site\/furto-de-energia-no-rio-de-janeiro-bate-recorde-em-ano-de-pandemia\/#breadcrumb","itemListElement":[{"@type":"ListItem","position":1,"name":"Home","item":"https:\/\/www.oitaperunense.com.br\/site\/"},{"@type":"ListItem","position":2,"name":"Furto de energia no Rio de Janeiro bate recorde em ano de pandemia"}]},{"@type":"WebSite","@id":"https:\/\/www.oitaperunense.com.br\/site\/#website","url":"https:\/\/www.oitaperunense.com.br\/site\/","name":"O Itaperunense","description":"","potentialAction":[{"@type":"SearchAction","target":{"@type":"EntryPoint","urlTemplate":"https:\/\/www.oitaperunense.com.br\/site\/?s={search_term_string}"},"query-input":"required name=search_term_string"}],"inLanguage":"pt-BR"},{"@type":"Person","@id":"https:\/\/www.oitaperunense.com.br\/site\/#\/schema\/person\/4a5b86c112157bc0a4492f4fd6b7939f","name":"Andr\u00e9","image":{"@type":"ImageObject","inLanguage":"pt-BR","@id":"https:\/\/www.oitaperunense.com.br\/site\/#\/schema\/person\/image\/","url":"https:\/\/secure.gravatar.com\/avatar\/7a7a912ec2c8cd6a390040b03329ee7a71bbd5f81ac3557b6a68208f263fc97b?s=96&d=mm&r=g","contentUrl":"https:\/\/secure.gravatar.com\/avatar\/7a7a912ec2c8cd6a390040b03329ee7a71bbd5f81ac3557b6a68208f263fc97b?s=96&d=mm&r=g","caption":"Andr\u00e9"},"url":"https:\/\/www.oitaperunense.com.br\/site\/author\/andre\/"}]}},"cc_featured_image_caption":{"caption_text":"","source_text":"","source_url":""},"_links":{"self":[{"href":"https:\/\/www.oitaperunense.com.br\/site\/wp-json\/wp\/v2\/posts\/384962","targetHints":{"allow":["GET"]}}],"collection":[{"href":"https:\/\/www.oitaperunense.com.br\/site\/wp-json\/wp\/v2\/posts"}],"about":[{"href":"https:\/\/www.oitaperunense.com.br\/site\/wp-json\/wp\/v2\/types\/post"}],"author":[{"embeddable":true,"href":"https:\/\/www.oitaperunense.com.br\/site\/wp-json\/wp\/v2\/users\/19"}],"replies":[{"embeddable":true,"href":"https:\/\/www.oitaperunense.com.br\/site\/wp-json\/wp\/v2\/comments?post=384962"}],"version-history":[{"count":1,"href":"https:\/\/www.oitaperunense.com.br\/site\/wp-json\/wp\/v2\/posts\/384962\/revisions"}],"predecessor-version":[{"id":384964,"href":"https:\/\/www.oitaperunense.com.br\/site\/wp-json\/wp\/v2\/posts\/384962\/revisions\/384964"}],"wp:featuredmedia":[{"embeddable":true,"href":"https:\/\/www.oitaperunense.com.br\/site\/wp-json\/wp\/v2\/media\/384963"}],"wp:attachment":[{"href":"https:\/\/www.oitaperunense.com.br\/site\/wp-json\/wp\/v2\/media?parent=384962"}],"wp:term":[{"taxonomy":"category","embeddable":true,"href":"https:\/\/www.oitaperunense.com.br\/site\/wp-json\/wp\/v2\/categories?post=384962"},{"taxonomy":"post_tag","embeddable":true,"href":"https:\/\/www.oitaperunense.com.br\/site\/wp-json\/wp\/v2\/tags?post=384962"}],"curies":[{"name":"wp","href":"https:\/\/api.w.org\/{rel}","templated":true}]}}