{"id":382859,"date":"2021-01-22T09:51:34","date_gmt":"2021-01-22T12:51:34","guid":{"rendered":"http:\/\/www.oitaperunense.com.br\/site\/?p=382859"},"modified":"2021-02-01T18:02:59","modified_gmt":"2021-02-01T21:02:59","slug":"lula-testou-positivo-para-coronavirus-em-cuba","status":"publish","type":"post","link":"https:\/\/www.oitaperunense.com.br\/site\/lula-testou-positivo-para-coronavirus-em-cuba\/","title":{"rendered":"Lula testou positivo para coronav\u00edrus em Cuba"},"content":{"rendered":"<p style=\"text-align: justify;\">O ex-presidente Luiz In\u00e1cio Lula da Silva revelou nesta quinta-feira (21) que testou positivo para coronav\u00edrus semanas atr\u00e1s em viagem a Cuba para filmar document\u00e1rio dirigido pelo cineasta americano Oliver Stone.<\/p>\n<p><!--more--><\/p>\n<p style=\"text-align: justify;\">Lula, 75, n\u00e3o precisou ser hospitalizado em Havana depois que exames mostraram que ele tinha les\u00f5es pulmonares associadas ao covid-19, e sua recupera\u00e7\u00e3o foi \u201cexcelente\u201d, disse um comunicado de seu gabinete.<\/p>\n<p style=\"text-align: justify;\">Todos, exceto um, de seu partido de 10 membros, testaram positivo e permaneceram em quarentena em Cuba, e apenas um deles passou duas semanas no hospital com sintomas graves do v\u00edrus.<\/p>\n<p style=\"text-align: justify;\">As filmagens do document\u00e1rio de Stone foram suspensas por causa da doen\u00e7a de Lula e adiadas para uma data futura. Lula deu negativo antes de voar para Cuba em 21 de dezembro e deu positivo cinco dias depois em Havana, em testes que mostraram que ele estava infectado antes de chegar \u00e0 ilha.<\/p>\n<p style=\"text-align: justify;\">Lula, que voltou ao Brasil nessa quarta-feira (20), agradeceu ao governo cubano e ao seu sistema p\u00fablico de sa\u00fade pelos cuidados di\u00e1rios que recebeu: \u201cJamais esqueceremos a solidariedade cubana e o compromisso com a ci\u00eancia dos profissionais cubanos\u201d, disse ele, ao criticar o presidente Jair Bolsonaro pela \u201cirresponsabilidade\u201d de como lidou com a pandemia. Bolsonaro minimizou a gravidade do v\u00edrus, apesar de o Brasil ter um dos piores surtos.<\/p>\n<p style=\"text-align: justify;\">Ao final de sua estada em Havana, Lula se encontrou com o l\u00edder do Partido Comunista Cubano Ra\u00fal Castro e com o presidente Miguel Diaz-Canel, afirma o comunicado.<\/p>\n<p style=\"text-align: justify;\">&nbsp;<\/p>\n<p style=\"text-align: justify;\">JB, com ag\u00eancia Reuters<\/p>\n<p>Imagem: divulga\u00e7\u00e3o | reprodu\u00e7\u00e3o da Internet<\/p>\n","protected":false},"excerpt":{"rendered":"<p>O ex-presidente Luiz In\u00e1cio Lula da Silva revelou nesta quinta-feira (21) que testou positivo para coronav\u00edrus semanas atr\u00e1s em viagem a Cuba para filmar document\u00e1rio dirigido pelo cineasta americano Oliver Stone.<\/p>\n","protected":false},"author":18,"featured_media":382944,"comment_status":"open","ping_status":"closed","sticky":false,"template":"","format":"standard","meta":{"ngg_post_thumbnail":0,"footnotes":""},"categories":[8],"tags":[],"class_list":["post-382859","post","type-post","status-publish","format-standard","has-post-thumbnail","hentry","category-brasil"],"yoast_head":"<!-- This site is optimized with the Yoast SEO plugin v20.11 - https:\/\/yoast.com\/wordpress\/plugins\/seo\/ -->\n<title>Lula testou positivo para coronav\u00edrus em Cuba - O Itaperunense<\/title>\n<meta name=\"robots\" content=\"index, follow, max-snippet:-1, max-image-preview:large, max-video-preview:-1\" \/>\n<link rel=\"canonical\" href=\"https:\/\/www.oitaperunense.com.br\/site\/lula-testou-positivo-para-coronavirus-em-cuba\/\" \/>\n<meta property=\"og:locale\" content=\"pt_BR\" \/>\n<meta property=\"og:type\" content=\"article\" \/>\n<meta property=\"og:title\" content=\"Lula testou positivo para coronav\u00edrus em Cuba - O Itaperunense\" \/>\n<meta property=\"og:description\" content=\"O ex-presidente Luiz In\u00e1cio Lula da Silva revelou nesta quinta-feira (21) que testou positivo para coronav\u00edrus semanas atr\u00e1s em viagem a Cuba para filmar document\u00e1rio dirigido pelo cineasta americano Oliver Stone.\" \/>\n<meta property=\"og:url\" content=\"https:\/\/www.oitaperunense.com.br\/site\/lula-testou-positivo-para-coronavirus-em-cuba\/\" \/>\n<meta property=\"og:site_name\" content=\"O Itaperunense\" \/>\n<meta property=\"article:publisher\" content=\"https:\/\/www.facebook.com\/jornaloitaperunense\" \/>\n<meta property=\"article:published_time\" content=\"2021-01-22T12:51:34+00:00\" \/>\n<meta property=\"article:modified_time\" content=\"2021-02-01T21:02:59+00:00\" \/>\n<meta property=\"og:image\" content=\"https:\/\/www.oitaperunense.com.br\/site\/wp-content\/uploads\/2021\/01\/lula.jpg\" \/>\n\t<meta property=\"og:image:width\" content=\"700\" \/>\n\t<meta property=\"og:image:height\" content=\"479\" \/>\n\t<meta property=\"og:image:type\" content=\"image\/jpeg\" \/>\n<meta name=\"author\" content=\"Eus\u00e9bio Dornelas\" \/>\n<meta name=\"twitter:card\" content=\"summary_large_image\" \/>\n<meta name=\"twitter:label1\" content=\"Escrito por\" \/>\n\t<meta name=\"twitter:data1\" content=\"Eus\u00e9bio Dornelas\" \/>\n\t<meta name=\"twitter:label2\" content=\"Est. tempo de leitura\" \/>\n\t<meta name=\"twitter:data2\" content=\"2 minutos\" \/>\n<script type=\"application\/ld+json\" class=\"yoast-schema-graph\">{\"@context\":\"https:\/\/schema.org\",\"@graph\":[{\"@type\":\"WebPage\",\"@id\":\"https:\/\/www.oitaperunense.com.br\/site\/lula-testou-positivo-para-coronavirus-em-cuba\/\",\"url\":\"https:\/\/www.oitaperunense.com.br\/site\/lula-testou-positivo-para-coronavirus-em-cuba\/\",\"name\":\"Lula testou positivo para coronav\u00edrus em Cuba - O Itaperunense\",\"isPartOf\":{\"@id\":\"https:\/\/www.oitaperunense.com.br\/site\/#website\"},\"datePublished\":\"2021-01-22T12:51:34+00:00\",\"dateModified\":\"2021-02-01T21:02:59+00:00\",\"author\":{\"@id\":\"https:\/\/www.oitaperunense.com.br\/site\/#\/schema\/person\/9759934e4047009626745bc198c7d215\"},\"breadcrumb\":{\"@id\":\"https:\/\/www.oitaperunense.com.br\/site\/lula-testou-positivo-para-coronavirus-em-cuba\/#breadcrumb\"},\"inLanguage\":\"pt-BR\",\"potentialAction\":[{\"@type\":\"ReadAction\",\"target\":[\"https:\/\/www.oitaperunense.com.br\/site\/lula-testou-positivo-para-coronavirus-em-cuba\/\"]}]},{\"@type\":\"BreadcrumbList\",\"@id\":\"https:\/\/www.oitaperunense.com.br\/site\/lula-testou-positivo-para-coronavirus-em-cuba\/#breadcrumb\",\"itemListElement\":[{\"@type\":\"ListItem\",\"position\":1,\"name\":\"Home\",\"item\":\"https:\/\/www.oitaperunense.com.br\/site\/\"},{\"@type\":\"ListItem\",\"position\":2,\"name\":\"Lula testou positivo para coronav\u00edrus em Cuba\"}]},{\"@type\":\"WebSite\",\"@id\":\"https:\/\/www.oitaperunense.com.br\/site\/#website\",\"url\":\"https:\/\/www.oitaperunense.com.br\/site\/\",\"name\":\"O Itaperunense\",\"description\":\"\",\"potentialAction\":[{\"@type\":\"SearchAction\",\"target\":{\"@type\":\"EntryPoint\",\"urlTemplate\":\"https:\/\/www.oitaperunense.com.br\/site\/?s={search_term_string}\"},\"query-input\":\"required name=search_term_string\"}],\"inLanguage\":\"pt-BR\"},{\"@type\":\"Person\",\"@id\":\"https:\/\/www.oitaperunense.com.br\/site\/#\/schema\/person\/9759934e4047009626745bc198c7d215\",\"name\":\"Eus\u00e9bio Dornelas\",\"image\":{\"@type\":\"ImageObject\",\"inLanguage\":\"pt-BR\",\"@id\":\"https:\/\/www.oitaperunense.com.br\/site\/#\/schema\/person\/image\/\",\"url\":\"https:\/\/secure.gravatar.com\/avatar\/60e686c2c909053192218133da3191afa9feaaf2b3e7ecefd21f887a298cf2f2?s=96&d=mm&r=g\",\"contentUrl\":\"https:\/\/secure.gravatar.com\/avatar\/60e686c2c909053192218133da3191afa9feaaf2b3e7ecefd21f887a298cf2f2?s=96&d=mm&r=g\",\"caption\":\"Eus\u00e9bio Dornelas\"},\"url\":\"https:\/\/www.oitaperunense.com.br\/site\/author\/eusebio\/\"}]}<\/script>\n<!-- \/ Yoast SEO plugin. -->","yoast_head_json":{"title":"Lula testou positivo para coronav\u00edrus em Cuba - O Itaperunense","robots":{"index":"index","follow":"follow","max-snippet":"max-snippet:-1","max-image-preview":"max-image-preview:large","max-video-preview":"max-video-preview:-1"},"canonical":"https:\/\/www.oitaperunense.com.br\/site\/lula-testou-positivo-para-coronavirus-em-cuba\/","og_locale":"pt_BR","og_type":"article","og_title":"Lula testou positivo para coronav\u00edrus em Cuba - O Itaperunense","og_description":"O ex-presidente Luiz In\u00e1cio Lula da Silva revelou nesta quinta-feira (21) que testou positivo para coronav\u00edrus semanas atr\u00e1s em viagem a Cuba para filmar document\u00e1rio dirigido pelo cineasta americano Oliver Stone.","og_url":"https:\/\/www.oitaperunense.com.br\/site\/lula-testou-positivo-para-coronavirus-em-cuba\/","og_site_name":"O Itaperunense","article_publisher":"https:\/\/www.facebook.com\/jornaloitaperunense","article_published_time":"2021-01-22T12:51:34+00:00","article_modified_time":"2021-02-01T21:02:59+00:00","og_image":[{"width":700,"height":479,"url":"https:\/\/www.oitaperunense.com.br\/site\/wp-content\/uploads\/2021\/01\/lula.jpg","type":"image\/jpeg"}],"author":"Eus\u00e9bio Dornelas","twitter_card":"summary_large_image","twitter_misc":{"Escrito por":"Eus\u00e9bio Dornelas","Est. tempo de leitura":"2 minutos"},"schema":{"@context":"https:\/\/schema.org","@graph":[{"@type":"WebPage","@id":"https:\/\/www.oitaperunense.com.br\/site\/lula-testou-positivo-para-coronavirus-em-cuba\/","url":"https:\/\/www.oitaperunense.com.br\/site\/lula-testou-positivo-para-coronavirus-em-cuba\/","name":"Lula testou positivo para coronav\u00edrus em Cuba - O Itaperunense","isPartOf":{"@id":"https:\/\/www.oitaperunense.com.br\/site\/#website"},"datePublished":"2021-01-22T12:51:34+00:00","dateModified":"2021-02-01T21:02:59+00:00","author":{"@id":"https:\/\/www.oitaperunense.com.br\/site\/#\/schema\/person\/9759934e4047009626745bc198c7d215"},"breadcrumb":{"@id":"https:\/\/www.oitaperunense.com.br\/site\/lula-testou-positivo-para-coronavirus-em-cuba\/#breadcrumb"},"inLanguage":"pt-BR","potentialAction":[{"@type":"ReadAction","target":["https:\/\/www.oitaperunense.com.br\/site\/lula-testou-positivo-para-coronavirus-em-cuba\/"]}]},{"@type":"BreadcrumbList","@id":"https:\/\/www.oitaperunense.com.br\/site\/lula-testou-positivo-para-coronavirus-em-cuba\/#breadcrumb","itemListElement":[{"@type":"ListItem","position":1,"name":"Home","item":"https:\/\/www.oitaperunense.com.br\/site\/"},{"@type":"ListItem","position":2,"name":"Lula testou positivo para coronav\u00edrus em Cuba"}]},{"@type":"WebSite","@id":"https:\/\/www.oitaperunense.com.br\/site\/#website","url":"https:\/\/www.oitaperunense.com.br\/site\/","name":"O Itaperunense","description":"","potentialAction":[{"@type":"SearchAction","target":{"@type":"EntryPoint","urlTemplate":"https:\/\/www.oitaperunense.com.br\/site\/?s={search_term_string}"},"query-input":"required name=search_term_string"}],"inLanguage":"pt-BR"},{"@type":"Person","@id":"https:\/\/www.oitaperunense.com.br\/site\/#\/schema\/person\/9759934e4047009626745bc198c7d215","name":"Eus\u00e9bio Dornelas","image":{"@type":"ImageObject","inLanguage":"pt-BR","@id":"https:\/\/www.oitaperunense.com.br\/site\/#\/schema\/person\/image\/","url":"https:\/\/secure.gravatar.com\/avatar\/60e686c2c909053192218133da3191afa9feaaf2b3e7ecefd21f887a298cf2f2?s=96&d=mm&r=g","contentUrl":"https:\/\/secure.gravatar.com\/avatar\/60e686c2c909053192218133da3191afa9feaaf2b3e7ecefd21f887a298cf2f2?s=96&d=mm&r=g","caption":"Eus\u00e9bio Dornelas"},"url":"https:\/\/www.oitaperunense.com.br\/site\/author\/eusebio\/"}]}},"cc_featured_image_caption":{"caption_text":"","source_text":"","source_url":""},"_links":{"self":[{"href":"https:\/\/www.oitaperunense.com.br\/site\/wp-json\/wp\/v2\/posts\/382859","targetHints":{"allow":["GET"]}}],"collection":[{"href":"https:\/\/www.oitaperunense.com.br\/site\/wp-json\/wp\/v2\/posts"}],"about":[{"href":"https:\/\/www.oitaperunense.com.br\/site\/wp-json\/wp\/v2\/types\/post"}],"author":[{"embeddable":true,"href":"https:\/\/www.oitaperunense.com.br\/site\/wp-json\/wp\/v2\/users\/18"}],"replies":[{"embeddable":true,"href":"https:\/\/www.oitaperunense.com.br\/site\/wp-json\/wp\/v2\/comments?post=382859"}],"version-history":[{"count":3,"href":"https:\/\/www.oitaperunense.com.br\/site\/wp-json\/wp\/v2\/posts\/382859\/revisions"}],"predecessor-version":[{"id":382946,"href":"https:\/\/www.oitaperunense.com.br\/site\/wp-json\/wp\/v2\/posts\/382859\/revisions\/382946"}],"wp:featuredmedia":[{"embeddable":true,"href":"https:\/\/www.oitaperunense.com.br\/site\/wp-json\/wp\/v2\/media\/382944"}],"wp:attachment":[{"href":"https:\/\/www.oitaperunense.com.br\/site\/wp-json\/wp\/v2\/media?parent=382859"}],"wp:term":[{"taxonomy":"category","embeddable":true,"href":"https:\/\/www.oitaperunense.com.br\/site\/wp-json\/wp\/v2\/categories?post=382859"},{"taxonomy":"post_tag","embeddable":true,"href":"https:\/\/www.oitaperunense.com.br\/site\/wp-json\/wp\/v2\/tags?post=382859"}],"curies":[{"name":"wp","href":"https:\/\/api.w.org\/{rel}","templated":true}]}}